{"id":172397,"date":"2025-06-13T03:33:20","date_gmt":"2025-06-13T03:33:20","guid":{"rendered":"https:\/\/www.europesays.com\/fr\/172397\/"},"modified":"2025-06-13T03:33:20","modified_gmt":"2025-06-13T03:33:20","slug":"ex-girondins-yael-mouanga-signe-professionnel-avec-montpellier","status":"publish","type":"post","link":"https:\/\/www.europesays.com\/fr\/172397\/","title":{"rendered":"Ex-Girondins : Ya\u00ebl Mouanga signe professionnel avec Montpellier"},"content":{"rendered":"<p><img decoding=\"async\" src=\"https:\/\/www.europesays.com\/fr\/wp-content\/uploads\/2025\/06\/671_38d8d1051a74fa0cdcbffe0ef6416318.jpg\" alt=\"Ex-Girondins : Ya\u00ebl Mouanga signe professionnel avec Montpellier\" class=\"img-responsive mt-3\"\/><\/p>\n<p class=\"text-center mb-3\" style=\"font-size: 14px\">\u00a9 Iconsport<\/p>\n<p style=\"text-align: justify;\">Avec 14 apparitions en Ligue 1 cette saison, Ya\u00ebl Mouanga a sign\u00e9 son premier contrat professionnel avec le Montpellier H\u00e9rault.<\/p>\n<p style=\"text-align: justify;\">D\u00e9fenseur central robuste, il signe une ann\u00e9e avec le MHSC. C&rsquo;est son premier contrat pro. Ya\u00ebl avait d\u00fb quitter Bordeaux apr\u00e8s la fermeture du centre de formation des Girondins de Bordeaux l\u2019\u00e9t\u00e9 dernier.<\/p>\n<p style=\"text-align: justify;\">Il a publi\u00e9 un message sur son r\u00e9seau social Instagram o\u00f9 il remercie les Girondins. Avec Bordeaux, il a jou\u00e9 1 match en pro, et 50 matchs en U19N et National 3.<\/p>\n<p style=\"text-align: justify;\">Son message :<\/p>\n<p style=\"text-align: justify;\"><img decoding=\"async\" src=\"https:\/\/www.europesays.com\/fr\/wp-content\/uploads\/2025\/06\/Capture d\u2019e\u0301cran 2025-06-12 a\u0300 16.04.02.png\" alt=\"Capture d\u2019e\u0301cran 2025-06-12 a\u0300 16.04.02.png (207 KB)\" style=\"width:676px;max-width:100%;\"\/><\/p>\n<p style=\"text-align: justify;\">N.P<\/p>\n<p>\u00c0 lire &gt;&gt; <strong><a href=\"https:\/\/www.webgirondins.com\/actualite-girondins-national-2-les-chiffres-fous-du-budget-des-girondins-comment-lopez-va-financer-129392\" target=\"_blank\" rel=\"noopener\">National 2 : Les chiffres fous du budget des Girondins &#8211; Comment Lopez va financer ?<\/a><\/strong><\/p>\n<p>Notre podcast court :<\/p>\n<p>\u00a0<\/p>\n","protected":false},"excerpt":{"rendered":"\u00a9 Iconsport Avec 14 apparitions en Ligue 1 cette saison, Ya\u00ebl Mouanga a sign\u00e9 son premier contrat professionnel&hellip;\n","protected":false},"author":2,"featured_media":172398,"comment_status":"","ping_status":"","sticky":false,"template":"","format":"standard","meta":{"footnotes":""},"categories":[9599],"tags":[1111,11,150,3396,1997,6950,15014,3335,3108,15013,1777,674,13407,1119,4988,1011,27,1987,463,2208,30746,12,2680,7910,2426,25,3789,30745],"class_list":{"0":"post-172397","1":"post","2":"type-post","3":"status-publish","4":"format-standard","5":"has-post-thumbnail","7":"category-montpellier","8":"tag-actu","9":"tag-actualites","10":"tag-apres","11":"tag-avec","12":"tag-bordeaux","13":"tag-bordelais","14":"tag-central","15":"tag-centre","16":"tag-contrat","17":"tag-defenseur","18":"tag-eu","19":"tag-europe","20":"tag-fermeture","21":"tag-formation","22":"tag-forme","23":"tag-fr","24":"tag-france","25":"tag-girondins","26":"tag-mhsc","27":"tag-montpellier","28":"tag-mouanga","29":"tag-news","30":"tag-occitanie","31":"tag-premier","32":"tag-professionnel","33":"tag-republique-francaise","34":"tag-signe","35":"tag-yael"},"share_on_mastodon":{"url":"https:\/\/pubeurope.com\/@fr\/114673955878709037","error":""},"_links":{"self":[{"href":"https:\/\/www.europesays.com\/fr\/wp-json\/wp\/v2\/posts\/172397","targetHints":{"allow":["GET"]}}],"collection":[{"href":"https:\/\/www.europesays.com\/fr\/wp-json\/wp\/v2\/posts"}],"about":[{"href":"https:\/\/www.europesays.com\/fr\/wp-json\/wp\/v2\/types\/post"}],"author":[{"embeddable":true,"href":"https:\/\/www.europesays.com\/fr\/wp-json\/wp\/v2\/users\/2"}],"replies":[{"embeddable":true,"href":"https:\/\/www.europesays.com\/fr\/wp-json\/wp\/v2\/comments?post=172397"}],"version-history":[{"count":0,"href":"https:\/\/www.europesays.com\/fr\/wp-json\/wp\/v2\/posts\/172397\/revisions"}],"wp:featuredmedia":[{"embeddable":true,"href":"https:\/\/www.europesays.com\/fr\/wp-json\/wp\/v2\/media\/172398"}],"wp:attachment":[{"href":"https:\/\/www.europesays.com\/fr\/wp-json\/wp\/v2\/media?parent=172397"}],"wp:term":[{"taxonomy":"category","embeddable":true,"href":"https:\/\/www.europesays.com\/fr\/wp-json\/wp\/v2\/categories?post=172397"},{"taxonomy":"post_tag","embeddable":true,"href":"https:\/\/www.europesays.com\/fr\/wp-json\/wp\/v2\/tags?post=172397"}],"curies":[{"name":"wp","href":"https:\/\/api.w.org\/{rel}","templated":true}]}}