{"id":172403,"date":"2025-06-13T03:38:21","date_gmt":"2025-06-13T03:38:21","guid":{"rendered":"https:\/\/www.europesays.com\/fr\/172403\/"},"modified":"2025-06-13T03:38:21","modified_gmt":"2025-06-13T03:38:21","slug":"y-a-rien-a-attendre-du-deal-rennes-lutte-contre-le-narcotrafic-en-sensibilisant-les-jeunes","status":"publish","type":"post","link":"https:\/\/www.europesays.com\/fr\/172403\/","title":{"rendered":"\u00ab\u00a0Y a rien \u00e0 attendre du deal\u00a0\u00bb : Rennes lutte contre le narcotrafic en sensibilisant les jeunes"},"content":{"rendered":"<p><img decoding=\"async\" class=\"\" style=\"width:100%\" src=\"https:\/\/www.europesays.com\/fr\/wp-content\/uploads\/2025\/06\/IMG_07371749730032234.jpg\" alt=\"Nathalie App\u00e9r\u00e9 entour\u00e9e des jeunes rennais\"\/><\/p>\n<p>Nathalie App\u00e9r\u00e9 entour\u00e9e des jeunes rennais<\/p>\n<p>Cr\u00e9dit : Baptiste Mari\u00e9<\/p>\n<p>\u00ab\u00a0Y a rien \u00e0 attendre du Deal\u00a0\u00bb : c&rsquo;est la phrase choc de la campagne de pr\u00e9vention baptis\u00e9e Limits contre le narcotrafic chez les mineurs, pr\u00e9sent\u00e9e hier (mercredi), et qui sera lanc\u00e9e le 18 juin prochain. L\u2019agence de communication La Contr\u00e9e et plusieurs jeunes ont \u00e9crit le sc\u00e9nario d&rsquo;un court film, et cr\u00e9\u00e9 une affiche visible dans les abris bus.<\/p>\n<p>A l&rsquo;origine du slogan, Nawal, \u00e2g\u00e9e de 20 ans, qui a travaill\u00e9 dans une association de m\u00e9diation \u00e0 Maurepas, quartier gangren\u00e9 par le trafic de stup\u00e9fiants. Pour elle, le travail d&rsquo;insertion peut porter ses fruits. \u00ab\u00a0Le slogan de base, c&rsquo;\u00e9tait \u00ab\u00a0Je ne peux pas, j&rsquo;ai un truc \u00e0 faire\u00a0\u00bb, pour aussi redonner du pouvoir \u00e0 la personne qui peut le lire, de se dire \u00ab\u00a0Tiens, moi en tant que personne, en tant que le lyc\u00e9en et coll\u00e9gien, j&rsquo;ai mieux \u00e0 faire et \u00e7a me parle&#8230;<\/p>\n<blockquote><p>\nUne autre activit\u00e9 que le deal\n<\/p><\/blockquote>\n<p>J&rsquo;ai travaill\u00e9 \u00e0 Maurepas au Gros Ch\u00eane, et j&rsquo;avais une vision de l&rsquo;int\u00e9rieur, c&rsquo;est-\u00e0-dire que je travaillais dans une association, j&rsquo;ai pu voir tout ce qui \u00e9tait propos\u00e9 et comment il peut y avoir des difficult\u00e9s \u00e0 entrer en contact par l&rsquo;activit\u00e9 propos\u00e9e \u00e0 c\u00f4t\u00e9 du deal, et \u00e0 trouver aussi des moyens de faire lien avec ces gens qui dealent, parce que \u00e7a reste des gens qui veulent s&rsquo;amuser et qui ont d&rsquo;autres aspirations. On a bien senti que le lien, d\u00e8s qu&rsquo;il est fait, est difficilement perdable.\u00a0\u00bb<\/p>\n<p>Cette campagne ne rend pas invisible le trafic de stup\u00e9fiants dans la capitale bretonne, mais pour la maire Nathalie App\u00e9r\u00e9, chacun ses comp\u00e9tences. \u00ab\u00a0Bien \u00e9videmment il y a un volet d&rsquo;enqu\u00eate, d&rsquo;arrestation et de condamnation des trafiquant, mais \u00e7a ne peut pas relever des comp\u00e9tences de la ville. La loi ne nous en donne pas le pouvoir, c&rsquo;est l&rsquo;action de la police et de la justice.<\/p>\n<p style=\"text-align: center;\">\n<blockquote><p>\nLe volet essentiel de la pr\u00e9vention\n<\/p><\/blockquote>\n<p> Il y a une action compl\u00e9mentaire que peut mener la ville en mati\u00e8re de s\u00e9curit\u00e9 et de tranquillit\u00e9 publique et nous le faisons&#8230; et <strong>il y a tout ce champ, peut-\u00eatre moins visible, mais \u00f4 combien essentiel, de l&rsquo;\u00e9ducation, de la m\u00e9diation, et de la pr\u00e9vention.<\/strong> Nous sommes \u00e0 la t\u00e2che et le volet que nous pr\u00e9sentons, de pr\u00e9vention, n&rsquo;est \u00e9videmment pas exclusif de tous les autres.\u00a0\u00bb<\/p>\n<p>Parall\u00e8lement \u00e0 cette campagne men\u00e9e principalement sur les r\u00e9seaux sociaux et les panneaux d\u2019affichage de la Ville, \u00ab\u00a0la lutte contre le narcotrafic va continuer\u00a0\u00bb, c\u2019est ce qu\u2019ont assur\u00e9 les \u00e9lus et le Procureur de la R\u00e9publique de Rennes.<\/p>\n<p>La Ville est par ailleurs laur\u00e9ate de l\u2019appel \u00e0 projets de la Mildeca (Mission interminist\u00e9rielle de lutte contre les drogues et les conduites addictives). Les fonds de cette mission serviront \u00e0 former 90 professionnels qui sensibiliseront les jeunes \u00e0 ces questions.<\/p>\n","protected":false},"excerpt":{"rendered":"Nathalie App\u00e9r\u00e9 entour\u00e9e des jeunes rennais Cr\u00e9dit : Baptiste Mari\u00e9 \u00ab\u00a0Y a rien \u00e0 attendre du Deal\u00a0\u00bb :&hellip;\n","protected":false},"author":2,"featured_media":172404,"comment_status":"","ping_status":"","sticky":false,"template":"","format":"standard","meta":{"footnotes":""},"categories":[2821],"tags":[1111,11,829,10083,1052,1777,674,1011,27,12,584,25,1097],"class_list":{"0":"post-172403","1":"post","2":"type-post","3":"status-publish","4":"format-standard","5":"has-post-thumbnail","7":"category-rennes","8":"tag-actu","9":"tag-actualites","10":"tag-bretagne","11":"tag-deal","12":"tag-drogue","13":"tag-eu","14":"tag-europe","15":"tag-fr","16":"tag-france","17":"tag-news","18":"tag-rennes","19":"tag-republique-francaise","20":"tag-trafic"},"share_on_mastodon":{"url":"https:\/\/pubeurope.com\/@fr\/114673975723012483","error":""},"_links":{"self":[{"href":"https:\/\/www.europesays.com\/fr\/wp-json\/wp\/v2\/posts\/172403","targetHints":{"allow":["GET"]}}],"collection":[{"href":"https:\/\/www.europesays.com\/fr\/wp-json\/wp\/v2\/posts"}],"about":[{"href":"https:\/\/www.europesays.com\/fr\/wp-json\/wp\/v2\/types\/post"}],"author":[{"embeddable":true,"href":"https:\/\/www.europesays.com\/fr\/wp-json\/wp\/v2\/users\/2"}],"replies":[{"embeddable":true,"href":"https:\/\/www.europesays.com\/fr\/wp-json\/wp\/v2\/comments?post=172403"}],"version-history":[{"count":0,"href":"https:\/\/www.europesays.com\/fr\/wp-json\/wp\/v2\/posts\/172403\/revisions"}],"wp:featuredmedia":[{"embeddable":true,"href":"https:\/\/www.europesays.com\/fr\/wp-json\/wp\/v2\/media\/172404"}],"wp:attachment":[{"href":"https:\/\/www.europesays.com\/fr\/wp-json\/wp\/v2\/media?parent=172403"}],"wp:term":[{"taxonomy":"category","embeddable":true,"href":"https:\/\/www.europesays.com\/fr\/wp-json\/wp\/v2\/categories?post=172403"},{"taxonomy":"post_tag","embeddable":true,"href":"https:\/\/www.europesays.com\/fr\/wp-json\/wp\/v2\/tags?post=172403"}],"curies":[{"name":"wp","href":"https:\/\/api.w.org\/{rel}","templated":true}]}}