{"id":172408,"date":"2025-06-13T03:41:12","date_gmt":"2025-06-13T03:41:12","guid":{"rendered":"https:\/\/www.europesays.com\/fr\/172408\/"},"modified":"2025-06-13T03:41:12","modified_gmt":"2025-06-13T03:41:12","slug":"serie-de-rendez-vous-militants-a-strasbourg-du-12-au-17-juin","status":"publish","type":"post","link":"https:\/\/www.europesays.com\/fr\/172408\/","title":{"rendered":"S\u00e9rie de rendez-vous militants \u00e0 Strasbourg du 12 au 17 juin"},"content":{"rendered":"<p class=\"wp-block-post-excerpt__excerpt\">Du jeudi 12 au mardi 17 juin, une s\u00e9rie de manifestations sont programm\u00e9es \u00e0 Strasbourg en soutien \u00e0 la Palestine. <\/p>\n<p class=\"font-sans\">\n\t\t\tCet article est en acc\u00e8s libre. Pour soutenir Rue89 Strasbourg,<br \/>\n\t\t\t<a class=\"underline\" href=\"https:\/\/www.rue89strasbourg.com\/abonnement\" rel=\"nofollow noopener\" target=\"_blank\">abonnez-vous<\/a>.\n\t\t<\/p>\n<p>Romain Cunat<\/p>\n<p>Publi\u00e9 le 12 juin 2025\u00a0\u00a0\u00b7\u00a0\u00a0<\/p>\n<p>Imprim\u00e9 le 13 juin 2025 \u00e0 05h38\u00a0\u00a0\u00b7\u00a0\u00a0<\/p>\n<p>Modifi\u00e9 le 12 juin 2025\u00a0\u00a0\u00b7\u00a0\u00a0<\/p>\n<p>\t\t\t\t\t3\u00a0minutes\n<\/p>\n<p>Du jeudi 12 au mardi 17 juin, une s\u00e9rie de cinq rassemblements et manifestations en soutien \u00e0 la Palestine sont pr\u00e9vus \u00e0 Strasbourg. Ces actions interviennent en r\u00e9action \u00e0 l\u2019arraisonnement du navire Madleen affr\u00e9t\u00e9 par la Flotille de la libert\u00e9 et sur lequel se trouvaient notamment l\u2019eurod\u00e9put\u00e9e (LFI) Rima Hassan et l\u2019activiste \u00e9cologiste Greta Thunberg. Cette exp\u00e9dition voulait forcer le blocus impos\u00e9 \u00e0 Gaza par l\u2019arm\u00e9e isra\u00e9lienne, qui prive les Gazaouis d\u2019un acc\u00e8s s\u00fbr \u00e0 l\u2019aide humanitaire.<\/p>\n<p>Jeudi 12 juin \u00e0 18h, cinq collectifs de soutien \u00e0 la Palestine appellent \u00e0 un rassemblement place Kl\u00e9ber \u00e0 Strasbourg afin de d\u00e9noncer \u00ab\u00a0le g\u00e9nocide \u00e0 Gaza\u00a0\u00bb. L\u2019appel demande \u00e9galement \u00ab\u00a0la lev\u00e9e du blocus\u00a0\u00bb emp\u00eachant l\u2019arriv\u00e9 de l\u2019aide humanitaire, l\u2019instauration d\u2019un \u00ab\u00a0embargo militaire\u00a0\u00bb contre Isra\u00ebl et la lib\u00e9ration des \u00ab\u00a0prisonniers palestiniens\u00a0\u00bb.<\/p>\n<p>Y <strong>aller<\/strong><\/p>\n<p><strong>Rassemblement \u00ab\u00a0contre le g\u00e9nocide \u00e0 Gaza\u00a0\u00bb, <\/strong>jeudi 12 juin \u00e0 18h, place Kl\u00e9ber \u00e0 Strasbourg \u2013 centre-ville.<\/p>\n<p>Vendredi 13 juin \u00e0 17h30, place Kl\u00e9ber, le Collectif Palestine\u202f67 appelle \u00e0 une manifestation contre \u00ab\u00a0le g\u00e9nocide et le blocus \u00e0 Gaza\u00a0\u00bb. Le cort\u00e8ge, soutenu par plusieurs organisations syndicales, partira de la rue du 22-Novembre, traversera la place Saint\u2011Pierre\u2011le\u2011Vieux, reviendra par la Grand\u2019Rue, la rue Gutenberg, la place Gutenberg, la rue du Vieux-March\u00e9\u2011aux\u2011Poissons pour une dispersion place du Corbeau. <\/p>\n<\/p>\n<p>L\u2019appel d\u00e9nonce notamment \u00ab\u00a0la faillite morale\u00a0\u00bb du gouvernement isra\u00e9lien, les \u00ab\u00a0d\u00e9placements forc\u00e9s\u00a0\u00bb, \u00ab\u00a0la famine impos\u00e9e aux civils\u00a0\u00bb et \u00ab\u00a0les bombardements indiscrimin\u00e9s \u00e0 Gaza\u00a0\u00bb. Le collectif appelle la France et l\u2019Europe \u00e0 suspendre l\u2019accord d\u2019association, \u00e0 instaurer un embargo militaire, \u00e0 soutenir les juridictions internationales et \u00e0 la reconnaissance d\u2019un \u00c9tat palestinien.<\/p>\n<p>Y <strong>aller<\/strong><\/p>\n<p><strong>Manifestation \u00ab\u00a0contre le g\u00e9nocide et le blocus de Gaza\u00a0\u00bb, <\/strong>d\u00e9part vendredi 13 juin \u00e0 17h30, place Kl\u00e9ber \u00e0 Strasbourg \u2013 centre-ville.<\/p>\n<p>Samedi 14 juin \u00e0 15h, le collectif d\u00e9colonial pour la Palestine, pr\u00e9voit une marche partant de la place Kl\u00e9ber jusqu\u2019\u00e0 la place de la Cath\u00e9drale en passant par la rue des Grandes-Arcades et la rue du Vieux-Marche-Aux-Poissons. Cette manifestation pourrait cependant \u00eatre interdite par la pr\u00e9fecture du Bas-Rhin, en raison de la <a href=\"https:\/\/www.rue89strasbourg.com\/marche-des-visibilites-antifasciste-346421\" target=\"_blank\" rel=\"noreferrer noopener nofollow\">Marche des visibilit\u00e9s pr\u00e9vue au m\u00eame moment<\/a>. Cet article sera mis \u00e0 jour d\u00e8s que l\u2019itin\u00e9raire d\u00e9finitif sera connu.<\/p>\n<p>Y <strong>aller<\/strong><\/p>\n<p><strong>Manifestation pour la Palestine, <\/strong>d\u00e9part pr\u00e9vu samedi 14 juin \u00e0 15h, place Kl\u00e9ber \u00e0 Strasbourg \u2013 centre-ville.<\/p>\n<p>Le <a href=\"https:\/\/justiceandrightsforpalestine.org\/\" target=\"_blank\" rel=\"noreferrer noopener nofollow\">Convoy for justice<\/a> est attendu lundi\u00a016 juin \u00e0 12h30 devant le Parlement europ\u00e9en \u00e0 Strasbourg. Parti de La\u00a0Haye, pass\u00e9 par Bruxelles et Paris, ce convoi apportera des t\u00e9moignages d\u2019anciens prisonniers palestiniens en Isra\u00ebl et de leurs avocats, avec pour objectif d\u2019alerter l\u2019opinion publique ainsi que les institutions europ\u00e9ennes sur les violations des droits fondamentaux des prisonni\u00e8res et prisonniers palestiniens. <\/p>\n<p>Cette mobilisation s\u2019inscrit dans une d\u00e9marche de plaidoyer international\u202favec la transmission de rapports adress\u00e9s au Conseil des droits de l\u2019Homme de l\u2019ONU et la proposition de cr\u00e9er une commission internationale d\u00e9di\u00e9e aux droits des prisonniers palestiniens. Apr\u00e8s Strasbourg, le convoi doit se rendre \u00e0 Gen\u00e8ve.<\/p>\n<p>Y <strong>aller<\/strong><\/p>\n<p><strong>Arriv\u00e9e du Convoy for justice, <\/strong>lundi 16 juin \u00e0 12h30, parvis du Parlement europ\u00e9en, 1 all\u00e9e du Printemps \u00e0 Strasbourg \u2013 Wacken.<\/p>\n<p>Mardi 17 juin \u00e0 18h30, le syndicat Sud Rail et le mouvement politique R\u00e9volution permanente appellent \u00e0 un rassemblement devant la pr\u00e9fecture du Bas-Rhin \u00e0 Strasbourg pour exiger la \u00ab\u00a0relaxe d\u2019Anasse\u202fKazib et celle de tous les soutiens de la Palestine\u00a0\u00bb. Anasse Kazib, militant de R\u00e9volution permanente et cheminot syndiqu\u00e9 \u00e0 Sud Rail, doit compara\u00eetre le lendemain pour \u00ab\u00a0apologie du terrorisme\u00a0\u00bb devant le tribunal de Paris apr\u00e8s avoir relay\u00e9 des images du franchissement de la fronti\u00e8re entre Gaza et Isra\u00ebl par le Hamas le 7 octobre 2023. <\/p>\n<p>Y <strong>aller<\/strong><\/p>\n<p><strong>Rassemblement en soutien \u00e0 Anasse Kazib, <\/strong>mardi 17 juin \u00e0 18h30, parvis de la pr\u00e9fecture du Bas-Rhin, 5 place de la R\u00e9publique \u00e0 Strasbourg \u2013 Neustadt.<\/p>\n","protected":false},"excerpt":{"rendered":"Du jeudi 12 au mardi 17 juin, une s\u00e9rie de manifestations sont programm\u00e9es \u00e0 Strasbourg en soutien \u00e0&hellip;\n","protected":false},"author":2,"featured_media":172409,"comment_status":"","ping_status":"","sticky":false,"template":"","format":"standard","meta":{"footnotes":""},"categories":[2820],"tags":[1111,11,1777,674,1011,27,775,2088,12,3518,25,640],"class_list":{"0":"post-172408","1":"post","2":"type-post","3":"status-publish","4":"format-standard","5":"has-post-thumbnail","7":"category-strasbourg","8":"tag-actu","9":"tag-actualites","10":"tag-eu","11":"tag-europe","12":"tag-fr","13":"tag-france","14":"tag-grand-est","15":"tag-manifestation","16":"tag-news","17":"tag-palestine","18":"tag-republique-francaise","19":"tag-strasbourg"},"share_on_mastodon":{"url":"https:\/\/pubeurope.com\/@fr\/114673987371384449","error":""},"_links":{"self":[{"href":"https:\/\/www.europesays.com\/fr\/wp-json\/wp\/v2\/posts\/172408","targetHints":{"allow":["GET"]}}],"collection":[{"href":"https:\/\/www.europesays.com\/fr\/wp-json\/wp\/v2\/posts"}],"about":[{"href":"https:\/\/www.europesays.com\/fr\/wp-json\/wp\/v2\/types\/post"}],"author":[{"embeddable":true,"href":"https:\/\/www.europesays.com\/fr\/wp-json\/wp\/v2\/users\/2"}],"replies":[{"embeddable":true,"href":"https:\/\/www.europesays.com\/fr\/wp-json\/wp\/v2\/comments?post=172408"}],"version-history":[{"count":0,"href":"https:\/\/www.europesays.com\/fr\/wp-json\/wp\/v2\/posts\/172408\/revisions"}],"wp:featuredmedia":[{"embeddable":true,"href":"https:\/\/www.europesays.com\/fr\/wp-json\/wp\/v2\/media\/172409"}],"wp:attachment":[{"href":"https:\/\/www.europesays.com\/fr\/wp-json\/wp\/v2\/media?parent=172408"}],"wp:term":[{"taxonomy":"category","embeddable":true,"href":"https:\/\/www.europesays.com\/fr\/wp-json\/wp\/v2\/categories?post=172408"},{"taxonomy":"post_tag","embeddable":true,"href":"https:\/\/www.europesays.com\/fr\/wp-json\/wp\/v2\/tags?post=172408"}],"curies":[{"name":"wp","href":"https:\/\/api.w.org\/{rel}","templated":true}]}}