{"id":172414,"date":"2025-06-13T03:44:15","date_gmt":"2025-06-13T03:44:15","guid":{"rendered":"https:\/\/www.europesays.com\/fr\/172414\/"},"modified":"2025-06-13T03:44:15","modified_gmt":"2025-06-13T03:44:15","slug":"folle-journee-juge-pour-non-denonciation-de-delit-le-commissaire-aux-comptes-doit","status":"publish","type":"post","link":"https:\/\/www.europesays.com\/fr\/172414\/","title":{"rendered":"Folle journ\u00e9e\u00a0: jug\u00e9 pour non-d\u00e9nonciation de d\u00e9lit, le commissaire aux comptes doit"},"content":{"rendered":"<tr wp_automatic_readability=\"6.8711656441718\">\n<td valign=\"middle\" align=\"center\" class=\"col-logo\" wp_automatic_readability=\"5\">\n    <img decoding=\"async\" src=\"https:\/\/maville.com\/design\/images\/logo-of-monetise.svg?version=20130627\" alt=\"logo Ouest-France\" height=\"66\"\/><\/p>\n<p>Contenu r\u00e9serv\u00e9 aux abonn\u00e9s<\/p>\n<\/td>\n<td class=\"col-titre\">\n\t\t\tJeudi 12 juin 2025 15:34<br \/>\n\t\t\t<a class=\"icon-bulle sizeL count\" href=\"#ancreAvis\"><br \/>\n\t&#8230;<br \/>\n<\/a><\/td>\n<\/tr>\n<p>\t\t<a class=\"mavillebox2 elmt-photo\" href=\"https:\/\/maville.com\/photosmvi\/2025\/06\/12\/P35286282D6850508G.jpg\" title=\" Le commissaire aux comptes de la SAEM Folle journ\u00e9e \u00e0 Nantes (Loire-Atlantique) a \u00e9t\u00e9 condamn\u00e9, ce mardi 11\u00a0juin, par la\u00a0cour d\u2019appel de Rennes.  \u00a9  Ouest-France  &lt;!--TAG-BLC credit--&gt;\" rel=\"galerie_actu nofollow noopener\" target=\"_blank\"><br \/>\n\t<img decoding=\"async\" src=\"https:\/\/www.europesays.com\/fr\/wp-content\/uploads\/2025\/06\/P35286282D6850508G_crop_640-330_.jpg\" alt=\"photo  le commissaire aux comptes de la saem folle journ\u00e9e \u00e0 nantes (loire-atlantique) a \u00e9t\u00e9 condamn\u00e9, ce mardi 11\u00a0juin, par la\u00a0cour d\u2019appel de rennes.  \u00a9  ouest-france \"\/><br \/>\n\t1<br \/>\n<\/a><\/p>\n<p class=\"elmt-legende\"> Le commissaire aux comptes de la SAEM Folle journ\u00e9e \u00e0 Nantes (Loire-Atlantique) a \u00e9t\u00e9 condamn\u00e9, ce mardi 11\u00a0juin, par la\u00a0cour d\u2019appel de Rennes.  \u00a9  Ouest-France  <\/p>\n<p>\t\tLa cour d\u2019appel de Rennes (Ille-et-Vilaine), qui l\u2019avait rejug\u00e9 jeudi 3\u00a0avril, a condamn\u00e9, ce mardi 11\u00a0juin, l\u2019ancien commissaire aux comptes de la Folle journ\u00e9e de Nantes \u00e0 20\u00a0000\u00a0\u20ac d\u2019amende avec sursis et \u00e0 d\u2019importants dommages et int\u00e9r\u00eats\u00a0: 50\u00a0000\u00a0\u20ac \u00e0 la\u00a0soci\u00e9t\u00e9 anonyme d\u2019\u00e9conomie mixte Folle journ\u00e9e et 50\u00a0000\u00a0\u20ac au liquidateur judiciaire.<\/p>\n<p><b>Cet article est r\u00e9serv\u00e9 aux abonn\u00e9s<\/b><\/p>\n<p>Pour un acc\u00e8s imm\u00e9diat, abonnez-vous<\/p>\n<p><b>1\u00e8re semaine offerte<\/b><\/p>\n<p>\t\t Ad\u00e9la\u00efde HASLE TIENGOU \u00a0\u00a0<br \/>\n\t\tOuest-France<\/p>\n<p>Retrouvez d&rsquo;autres actus sur la commune de :<\/p>\n<p>\t\t&#13;<\/p>\n","protected":false},"excerpt":{"rendered":"Contenu r\u00e9serv\u00e9 aux abonn\u00e9s Jeudi 12 juin 2025 15:34 &#8230; 1 Le commissaire aux comptes de la SAEM&hellip;\n","protected":false},"author":2,"featured_media":172415,"comment_status":"","ping_status":"","sticky":false,"template":"","format":"standard","meta":{"footnotes":""},"categories":[2818],"tags":[6541,20747,1111,11,30748,30749,21234,1777,674,14898,1011,27,3465,9342,766,12,30747,2636,25],"class_list":{"0":"post-172414","1":"post","2":"type-post","3":"status-publish","4":"format-standard","5":"has-post-thumbnail","7":"category-nantes","8":"tag-6541","9":"tag-20747","10":"tag-actu","11":"tag-actualites","12":"tag-commissaire","13":"tag-comptes","14":"tag-delit","15":"tag-eu","16":"tag-europe","17":"tag-folle","18":"tag-fr","19":"tag-france","20":"tag-journee","21":"tag-juge","22":"tag-nantes","23":"tag-news","24":"tag-non-denonciation","25":"tag-pays-de-la-loire","26":"tag-republique-francaise"},"share_on_mastodon":{"url":"https:\/\/pubeurope.com\/@fr\/114673999225384080","error":""},"_links":{"self":[{"href":"https:\/\/www.europesays.com\/fr\/wp-json\/wp\/v2\/posts\/172414","targetHints":{"allow":["GET"]}}],"collection":[{"href":"https:\/\/www.europesays.com\/fr\/wp-json\/wp\/v2\/posts"}],"about":[{"href":"https:\/\/www.europesays.com\/fr\/wp-json\/wp\/v2\/types\/post"}],"author":[{"embeddable":true,"href":"https:\/\/www.europesays.com\/fr\/wp-json\/wp\/v2\/users\/2"}],"replies":[{"embeddable":true,"href":"https:\/\/www.europesays.com\/fr\/wp-json\/wp\/v2\/comments?post=172414"}],"version-history":[{"count":0,"href":"https:\/\/www.europesays.com\/fr\/wp-json\/wp\/v2\/posts\/172414\/revisions"}],"wp:featuredmedia":[{"embeddable":true,"href":"https:\/\/www.europesays.com\/fr\/wp-json\/wp\/v2\/media\/172415"}],"wp:attachment":[{"href":"https:\/\/www.europesays.com\/fr\/wp-json\/wp\/v2\/media?parent=172414"}],"wp:term":[{"taxonomy":"category","embeddable":true,"href":"https:\/\/www.europesays.com\/fr\/wp-json\/wp\/v2\/categories?post=172414"},{"taxonomy":"post_tag","embeddable":true,"href":"https:\/\/www.europesays.com\/fr\/wp-json\/wp\/v2\/tags?post=172414"}],"curies":[{"name":"wp","href":"https:\/\/api.w.org\/{rel}","templated":true}]}}