{"id":17242,"date":"2025-04-11T12:11:15","date_gmt":"2025-04-11T12:11:15","guid":{"rendered":"https:\/\/www.europesays.com\/fr\/17242\/"},"modified":"2025-04-11T12:11:15","modified_gmt":"2025-04-11T12:11:15","slug":"des-consequences-dramatiques-a-rennes-plusieurs-dizaines-de-postes-menaces-chez-envie-35","status":"publish","type":"post","link":"https:\/\/www.europesays.com\/fr\/17242\/","title":{"rendered":"\u00ab\u00a0Des cons\u00e9quences dramatiques\u00a0\u00bb\u00a0: \u00e0 Rennes, plusieurs dizaines de postes menac\u00e9s chez Envie 35"},"content":{"rendered":"<p>\u00ab Si cette d\u00e9cision \u00e9tait confirm\u00e9e, ce sont 1 000 emplois qui dispara\u00eetraient. \u00bb Cette alerte, c\u2019est Tristan Lahais, d\u00e9put\u00e9 d\u2019Ille-et-Vilaine, qui la lance depuis les bancs de l\u2019Assembl\u00e9e nationale, ce mercredi 9 avril. Lors des questions au gouvernement, l\u2019\u00e9lu G\u00e9n\u00e9ration.s aborde un sujet qui pourrait avoir un impact significatif dans le monde de l\u2019\u00e9conomie sociale et solidaire : les r\u00e9sultats d\u2019un appel d\u2019offres d\u00e9favorables au r\u00e9seau Envie.<\/p>\n<p>N\u00e9 \u00e0 Strasbourg dans les ann\u00e9es 1980, Envie regroupe aujourd\u2019hui 53 entreprises, parmi lesquelles Envie 35 \u00e0 Rennes, et emploie 3 800 salari\u00e9s, dont 2 850 en insertion (ch\u00f4meurs de longue dur\u00e9e, b\u00e9n\u00e9ficiaires du RSA\u2026). Sp\u00e9cialis\u00e9e dans la r\u00e9paration et le r\u00e9emploi d\u2019appareils \u00e9lectrom\u00e9nagers, la structure est aussi active dans le domaine du transport et de la logistique des d\u00e9chets d\u2019\u00e9quipements \u00e9lectriques et \u00e9lectroniques (DEEE). Des \u00e9crans, ampoules, radiateurs et autres lave-linges qui, dans le cadre d\u2019une fili\u00e8re de \u00ab responsabilit\u00e9 \u00e9largie des producteurs \u00bb encadr\u00e9e par la loi, doivent \u00eatre collect\u00e9s puis achemin\u00e9s vers des sites de recyclage.<\/p>\n<p>Pour organiser la partie logistique, les \u00e9co-organismes g\u00e9rant la fili\u00e8re sont tenus de lancer r\u00e9guli\u00e8rement des appels d\u2019offres pour remettre en concurrence leurs prestataires. C\u2019est ce qu\u2019a fait l\u2019\u00e9co-organisme Ecosystem en publiant, en d\u00e9cembre 2024, un appel d\u2019offres de trois ans (2025-2027), d\u00e9coup\u00e9 en une centaine de lots g\u00e9ographiques sur l\u2019ensemble du territoire. Ses r\u00e9sultats <a href=\"https:\/\/decouvrir.ecosystem.eco\/actualites\/consultation-logistique\" target=\"_blank\" rel=\"noopener\">ont \u00e9t\u00e9 publi\u00e9s<\/a> ce mercredi 9 avril. Et mauvaise nouvelle pour Envie : plusieurs lots qui lui \u00e9taient jusqu\u2019ici attribu\u00e9s vont lui \u00e9chapper au profit d\u2019autres acteurs. C\u2019est notamment le cas pour Envie 35, qui va devoir laisser sa place au groupe Brangeon, originaire du Maine-et-Loire. \u00ab Au total, Envie repr\u00e9sente aujourd\u2019hui presque 30 % de nos prestations de logistique. Il va \u00e0 l\u2019avenir plut\u00f4t \u00eatre aux alentours de 25 % \u00bb, indique la directrice g\u00e9n\u00e9rale d\u2019Ecosystem, Nathalie Yserd. Dans un communiqu\u00e9, Envie dit avoir perdu \u00ab plus de la moiti\u00e9 des march\u00e9s \u00bb.<\/p>\n<p>Effet domino<\/p>\n<p>Face \u00e0 ces r\u00e9sultats, le r\u00e9seau a tir\u00e9 la sonnette d\u2019alarme. Selon lui, la baisse d\u2019activit\u00e9 induite par la perte des lots aura des \u00ab cons\u00e9quences dramatiques \u00bb et met en danger \u00ab \u00e0 tr\u00e8s court terme \u00bb ses sites logistiques de Rennes, Nantes, Angers, Niort et Mulhouse (mais pas celui de Brest). \u00ab Leurs fermetures entra\u00eeneraient aussi, par effet domino, la disparition de structures de reconditionnement et de r\u00e9emploi pourtant reconnues pour la qualit\u00e9 et la fiabilit\u00e9 de leurs appareils \u00e9lectrom\u00e9nagers reconditionn\u00e9s, garantis, et remis sur le march\u00e9 \u00e0 prix solidaire \u00bb, \u00e9crit le r\u00e9seau. Au total, jusqu\u2019\u00e0 1 000 emplois sont menac\u00e9s de disparation \u00ab directement ou indirectement \u00bb, dont dont environ 80 \u00e0 Rennes (Envie compte environ 250 salari\u00e9s en Bretagne).<\/p>\n<p>Depuis que le couperet est tomb\u00e9, les r\u00e9unions et les appels t\u00e9l\u00e9phoniques se sont encha\u00een\u00e9s \u00e0 Rennes, o\u00f9 les salari\u00e9s ont \u00e9t\u00e9 pr\u00e9venus ce jeudi 10 avril. Soit le lendemain de la prise de parole de Tristan Lahais \u00e0 l\u2019Assembl\u00e9e nationale, qui a \u00ab un peu pr\u00e9cipit\u00e9 les choses \u00bb, avoue-t-on dans l\u2019entourage d\u2019Envie 35. Que vont devenir les salari\u00e9s aujourd\u2019hui d\u00e9di\u00e9s \u00e0 la logistique ? Vont-ils \u00eatre fl\u00e9ch\u00e9s vers d\u2019autres activit\u00e9s au sein d\u2019Envie 35 ? Des licenciements sont-ils pr\u00e9vus ? Trop t\u00f4t pour le savoir. Les march\u00e9s jusqu\u2019ici attribu\u00e9s \u00e0 l\u2019entreprise devraient s\u2019arr\u00eater courant mai.<\/p>\n<p>Le gouvernement veut \u00ab trouver des solutions \u00bb<\/p>\n<p>Dans son communiqu\u00e9, Envie d\u00e9plore que la d\u00e9cision d\u2019Ecosystem ait \u00e9t\u00e9 \u00ab ax\u00e9e principalement sur des crit\u00e8res tarifaires \u00bb, au d\u00e9triment du social. Il demande \u00e0 l\u2019\u00e9co-organisme \u00ab d\u2019assumer son r\u00f4le d\u2019entreprise \u00e0 mission, son engagement affich\u00e9 pour le r\u00e9emploi\/reconditionnement et d\u2019ouvrir un v\u00e9ritable \u00e9change pour sauvegarder les entreprises logistiques Envie \u00bb. Il r\u00e9clame aussi l\u2019intervention des collectivit\u00e9s et du gouvernement.<\/p>\n<p>Chez Ecosystem, Nathalie Yserd assure que l\u2019appel d\u2019offres s\u2019est d\u00e9roul\u00e9 conform\u00e9ment \u00e0 la r\u00e9glementation, avec des crit\u00e8res d\u2019attribution reposant \u00e0 60 % sur le volet \u00e9conomique et le reste sur les aspects environnementaux et sociaux. \u00ab Malheureusement, pour certains lots, des acteurs ont \u00e9t\u00e9 plus comp\u00e9titifs qu\u2019Envie \u00bb, explique la directrice, qui dit \u00ab comprendre la d\u00e9ception et la col\u00e8re du r\u00e9seau d\u2019avoir perdu certains lots. Il s\u2019agit d\u2019un march\u00e9, avec des gagnants et malheureusement de perdants \u00bb, ajoute-t-elle.<\/p>\n<p>\u00c0 l\u2019Assembl\u00e9e nationale, la ministre de la Transition \u00e9cologique, Agn\u00e8s Pannier-Runacher, a assur\u00e9 que ses \u00e9quipes \u00e9taient en contact avec Envie et Ecosytem, tout en faisant comprendre qu\u2019il sera difficile de revenir sur les r\u00e9sultats d\u2019un appel d\u2019offres qui \u00ab rel\u00e8ve de l\u2019interaction entre personnes priv\u00e9es \u00bb. Pour la ministre, il faut d\u00e9sormais \u00ab trouver des solutions permettant d\u2019accompagner la transition des sites logistiques et, au premier rang, des salari\u00e9s concern\u00e9s \u00bb. \u00ab Nous devons aussi trouver une solution relative \u00e0 l\u2019acc\u00e8s aux gisements de r\u00e9emploi. \u00bb<\/p>\n","protected":false},"excerpt":{"rendered":"\u00ab Si cette d\u00e9cision \u00e9tait confirm\u00e9e, ce sont 1 000 emplois qui dispara\u00eetraient. \u00bb Cette alerte, c\u2019est Tristan&hellip;\n","protected":false},"author":2,"featured_media":17243,"comment_status":"","ping_status":"","sticky":false,"template":"","format":"standard","meta":{"footnotes":""},"categories":[2821],"tags":[1111,11,829,1777,674,1011,27,848,4555,12,584,25],"class_list":{"0":"post-17242","1":"post","2":"type-post","3":"status-publish","4":"format-standard","5":"has-post-thumbnail","7":"category-rennes","8":"tag-actu","9":"tag-actualites","10":"tag-bretagne","11":"tag-eu","12":"tag-europe","13":"tag-fr","14":"tag-france","15":"tag-ille-et-vilaine","16":"tag-local","17":"tag-news","18":"tag-rennes","19":"tag-republique-francaise"},"share_on_mastodon":{"url":"https:\/\/pubeurope.com\/@fr\/114319267129906463","error":""},"_links":{"self":[{"href":"https:\/\/www.europesays.com\/fr\/wp-json\/wp\/v2\/posts\/17242","targetHints":{"allow":["GET"]}}],"collection":[{"href":"https:\/\/www.europesays.com\/fr\/wp-json\/wp\/v2\/posts"}],"about":[{"href":"https:\/\/www.europesays.com\/fr\/wp-json\/wp\/v2\/types\/post"}],"author":[{"embeddable":true,"href":"https:\/\/www.europesays.com\/fr\/wp-json\/wp\/v2\/users\/2"}],"replies":[{"embeddable":true,"href":"https:\/\/www.europesays.com\/fr\/wp-json\/wp\/v2\/comments?post=17242"}],"version-history":[{"count":0,"href":"https:\/\/www.europesays.com\/fr\/wp-json\/wp\/v2\/posts\/17242\/revisions"}],"wp:featuredmedia":[{"embeddable":true,"href":"https:\/\/www.europesays.com\/fr\/wp-json\/wp\/v2\/media\/17243"}],"wp:attachment":[{"href":"https:\/\/www.europesays.com\/fr\/wp-json\/wp\/v2\/media?parent=17242"}],"wp:term":[{"taxonomy":"category","embeddable":true,"href":"https:\/\/www.europesays.com\/fr\/wp-json\/wp\/v2\/categories?post=17242"},{"taxonomy":"post_tag","embeddable":true,"href":"https:\/\/www.europesays.com\/fr\/wp-json\/wp\/v2\/tags?post=17242"}],"curies":[{"name":"wp","href":"https:\/\/api.w.org\/{rel}","templated":true}]}}