{"id":172426,"date":"2025-06-13T03:50:41","date_gmt":"2025-06-13T03:50:41","guid":{"rendered":"https:\/\/www.europesays.com\/fr\/172426\/"},"modified":"2025-06-13T03:50:41","modified_gmt":"2025-06-13T03:50:41","slug":"chti-bike-tour-2025-le-velo-en-fete-a-armentieres-et-lille-les-28-et-29-juin","status":"publish","type":"post","link":"https:\/\/www.europesays.com\/fr\/172426\/","title":{"rendered":"Chti Bike Tour 2025 : Le v\u00e9lo en f\u00eate \u00e0 Armenti\u00e8res et Lille les 28 et 29 juin"},"content":{"rendered":"<p>\t\t\t\t\t\t\t\t\t\t\t\t\t\t<img width=\"1280\" height=\"853\" src=\"https:\/\/www.europesays.com\/fr\/wp-content\/uploads\/2025\/06\/chti-bike-tour-2024-route-des-monts-defi-photo-laurent-sanson-21.jpg\" class=\"attachment- size- wp-post-image\" alt=\"\" decoding=\"async\" fetchpriority=\"high\"  \/>\t\t\t\t\t\t\t\t\t\t\t\t\t\t\t\t\t\t\t\t\t\t\t\t\t\t\t\t<\/p>\n<p class=\"has-medium-font-size\"><strong>Une semaine avant le Grand D\u00e9part du Tour de France \u00e0 Lille, le Nord est de nouveau en f\u00eate pour le v\u00e9lo pour tous avec le Chti Bike Tour les 28 et 29 juin \u00e0 Armenti\u00e8res et Lille.<\/strong><\/p>\n<p>\u00c0 l\u2019occasion du Grand D\u00e9part du Tour de France 2025 depuis Lille, le Chti Bike Tour change de date en basculant de la fin ao\u00fbt \u00e0 la fin juin. Pour 2025, c\u2019est une \u00e9dition aux couleurs de la Grande Boucle qui attend les cyclos et amoureux de la petite reine. Plus qu\u2019un simple rendez-vous sportif, l\u2019\u00e9v\u00e9nement nordiste s\u2019impose comme une v\u00e9ritable f\u00eate populaire du v\u00e9lo dans la r\u00e9gion \u00e0 quelques jours du Tour de France. Le programme, dense et accessible \u00e0 tous les publics, promet une ambiance chaleureuse et un terrain de jeu id\u00e9al pour les passionn\u00e9s de petite reine.<\/p>\n<p><img loading=\"lazy\" decoding=\"async\" width=\"1920\" height=\"1229\" src=\"https:\/\/www.europesays.com\/fr\/wp-content\/uploads\/2025\/06\/chti-bike-tour-2025-visuel-disciplines-1920x1229.jpg\" alt=\"\" class=\"wp-image-18931\"  \/><\/p>\n<p>Un week-end 100% v\u00e9lo<\/p>\n<p>D\u00e8s le samedi 28 juin, le Chti Bike Tour prend ses quartiers \u00e0 Armenti\u00e8res pour une premi\u00e8re journ\u00e9e d\u00e9di\u00e9e au v\u00e9lo de route. En t\u00eate d\u2019affiche : le D\u00e9fi Alive, un trac\u00e9 exigeant de 230 kilom\u00e8tres pour les plus aguerris, s\u2019inspirant directement des \u00e9tapes nordistes du Tour de France. Avec 1 640 m\u00e8tres de d\u00e9nivel\u00e9, c\u2019est un d\u00e9fi de taille qui attend les cyclistes sur une distance de 230 km digne d\u2019une grande \u00e9tape du Tour.<\/p>\n<p>Les cyclos auront \u00e9galement le choix entre trois autres parcours sur route de 65, 120 ou 160 km, sillonnant les Monts des Flandres. Pour les familles, la Rando Famille (20 km) compl\u00e8tent le programme de la journ\u00e9e dans une atmosph\u00e8re conviviale qui est la marque de fabrique du Chti Bike Tour.<\/p>\n<p>Le dimanche 29 juin, place au tout-terrain toujours au d\u00e9part d\u2019Armenti\u00e8res. Trois boucles VTT de 30, 45 et 65 km, proposeront des itin\u00e9raires \u00e0 travers les chemins de campagne et sentiers forestiers des Flandres. Les adeptes de Gravel ne seront pas en reste, avec trois distances de 30, 60 et 80 km permettant de d\u00e9couvrir la r\u00e9gion autrement \u00e0 mi-chemin entre v\u00e9lo de route et VTT pur et dur. Une Rando Verte de 18 km pour les familles est \u00e9galement au programme de cette matin\u00e9e du dimanche \u00e0 Armenti\u00e8res.<\/p>\n<p>Du c\u00f4t\u00e9 de Lille au d\u00e9part et arriv\u00e9e du Btwin Village, l\u2019Urban Rando est l\u2019\u00e9v\u00e8nement incontournable pour les familles avec un parcours de 18 km \u00e0 travers Lille. 4 d\u00e9parts sont pr\u00e9vus \u00e0 9h30, 9h50, 10h10 et 10h30.<\/p>\n<p><img loading=\"lazy\" decoding=\"async\" width=\"1280\" height=\"853\" src=\"https:\/\/www.europesays.com\/fr\/wp-content\/uploads\/2025\/06\/chti-bike-tour-2024-urban-rando-lille-photo-laurent-sanson-14.jpg\" alt=\"\" class=\"wp-image-16416\"  \/><\/p>\n<p>Les inscriptions sont ouvertes exclusivement en ligne jusqu\u2019au vendredi 27 juin \u00e0 9h sur le site officiel <a href=\"https:\/\/www.lechtibiketour.org\" target=\"_blank\" rel=\"noopener\"><strong>www.lechtibiketour.org<\/strong><\/a> Les d\u00e9parts et arriv\u00e9es se feront depuis Armenti\u00e8res, au complexe L\u00e9o Lagrange, ainsi que depuis le Btwin Village de Lille-Hellemmes pour l\u2019Urban Rando.<\/p>\n<p>En phase avec l\u2019esprit du Tour de France, cette \u00e9dition 2025 du Chti Bike Tour promet d\u2019\u00eatre l\u2019un des grands temps forts du calendrier cycliste r\u00e9gional. Que vous soyez grimpeur, v\u00e9t\u00e9tiste ou simple amoureux de la bicyclette, ce week-end vous est d\u00e9di\u00e9.<\/p>\n<p>Photos archives Laurent SANSON<\/p>\n<p><img loading=\"lazy\" decoding=\"async\" width=\"1280\" height=\"1920\" src=\"https:\/\/www.europesays.com\/fr\/wp-content\/uploads\/2025\/06\/chti-bike-tour-2025-affiche-officielle-programme.jpg\" alt=\"\" class=\"wp-image-18932\"  \/><\/p>\n<p>\t\t\t\t\t\t\t\t\t\t\t\t\t\t\t\t\t\t\t\t\t\t\t<img decoding=\"async\" src=\"https:\/\/www.europesays.com\/fr\/wp-content\/uploads\/2025\/06\/nordsportsmag.frlongsite-1.png\"\/><\/p>\n","protected":false},"excerpt":{"rendered":"Une semaine avant le Grand D\u00e9part du Tour de France \u00e0 Lille, le Nord est de nouveau en&hellip;\n","protected":false},"author":2,"featured_media":172427,"comment_status":"","ping_status":"","sticky":false,"template":"","format":"standard","meta":{"footnotes":""},"categories":[2815],"tags":[1111,11,1777,674,1011,27,811,1307,12,25,96],"class_list":{"0":"post-172426","1":"post","2":"type-post","3":"status-publish","4":"format-standard","5":"has-post-thumbnail","7":"category-lille","8":"tag-actu","9":"tag-actualites","10":"tag-eu","11":"tag-europe","12":"tag-fr","13":"tag-france","14":"tag-hauts-de-france","15":"tag-lille","16":"tag-news","17":"tag-republique-francaise","18":"tag-une"},"share_on_mastodon":{"url":"https:\/\/pubeurope.com\/@fr\/114674023188924796","error":""},"_links":{"self":[{"href":"https:\/\/www.europesays.com\/fr\/wp-json\/wp\/v2\/posts\/172426","targetHints":{"allow":["GET"]}}],"collection":[{"href":"https:\/\/www.europesays.com\/fr\/wp-json\/wp\/v2\/posts"}],"about":[{"href":"https:\/\/www.europesays.com\/fr\/wp-json\/wp\/v2\/types\/post"}],"author":[{"embeddable":true,"href":"https:\/\/www.europesays.com\/fr\/wp-json\/wp\/v2\/users\/2"}],"replies":[{"embeddable":true,"href":"https:\/\/www.europesays.com\/fr\/wp-json\/wp\/v2\/comments?post=172426"}],"version-history":[{"count":0,"href":"https:\/\/www.europesays.com\/fr\/wp-json\/wp\/v2\/posts\/172426\/revisions"}],"wp:featuredmedia":[{"embeddable":true,"href":"https:\/\/www.europesays.com\/fr\/wp-json\/wp\/v2\/media\/172427"}],"wp:attachment":[{"href":"https:\/\/www.europesays.com\/fr\/wp-json\/wp\/v2\/media?parent=172426"}],"wp:term":[{"taxonomy":"category","embeddable":true,"href":"https:\/\/www.europesays.com\/fr\/wp-json\/wp\/v2\/categories?post=172426"},{"taxonomy":"post_tag","embeddable":true,"href":"https:\/\/www.europesays.com\/fr\/wp-json\/wp\/v2\/tags?post=172426"}],"curies":[{"name":"wp","href":"https:\/\/api.w.org\/{rel}","templated":true}]}}