{"id":172430,"date":"2025-06-13T03:52:13","date_gmt":"2025-06-13T03:52:13","guid":{"rendered":"https:\/\/www.europesays.com\/fr\/172430\/"},"modified":"2025-06-13T03:52:13","modified_gmt":"2025-06-13T03:52:13","slug":"un-incroyable-soleil-rouge-dans-le-ciel-de-marseille-voici-lexplication","status":"publish","type":"post","link":"https:\/\/www.europesays.com\/fr\/172430\/","title":{"rendered":"Un incroyable soleil rouge dans le ciel de Marseille : voici l&rsquo;explication"},"content":{"rendered":"<p>            Par<br \/>\n        <strong><br \/>\n            <a href=\"https:\/\/actu.fr\/auteur\/fabien-binacchi\" title=\"Consulter tous les articles de Fabien Binacchi\" target=\"_blank\" rel=\"noopener\">Fabien Binacchi<\/a><br \/>\n        <\/strong><\/p>\n<p>        Publi\u00e9 le<\/p>\n<p>            12 juin 2025 \u00e0 16h11        <\/p>\n<p>Ces derniers jours, le ciel de <a href=\"https:\/\/actu.fr\/marseille\/\" target=\"_blank\" rel=\"noopener\">Marseille<\/a> s\u2019est embras\u00e9 d\u2019une lueur toute particuli\u00e8re \u00e0 l\u2019heure o\u00f9 le soleil se couche. Comme l\u2019a constat\u00e9 actu Marseille en observant en direction la mer, l\u2019astre, au plus pr\u00e8s de l\u2019horizon, s\u2019est par\u00e9 d\u2019<strong>une teinte rouge vif.<\/strong> La photo qui illustre cet article, prise \u00e0 l\u2019iPhone ce mardi 10\u00a0juin 2025 vers 21h, n\u2019a subi aucun traitement particulier. <strong>Aucun filtre n\u2019a \u00e9t\u00e9 appliqu\u00e9.<\/strong> Mais alors comment expliquer cette couleur aussi marqu\u00e9e\u2009? Notre r\u00e9daction s\u2019est renseign\u00e9e et a trouv\u00e9 la r\u00e9ponse.<\/p>\n<p>Les m\u00e9ga feux au Canada encore en cause<\/p>\n<p class=\" wall-content\">Un disque d\u2019un rouge presque parfait, qui tend vers le carmin, et \u00e0 la luminosit\u00e9 fortement att\u00e9nu\u00e9e. \u00c0 l\u2019heure des couchers de soleil cette semaine, et notamment ce mardi 10 juin, le soleil a pris une couleur et un \u00e9clat tout particulier au-dessus de Marseille.<\/p>\n<p class=\" wall-content\">L\u2019explication est \u00e0 trouver \u00e0 des milliers de kilom\u00e8tres de l\u00e0. Comme pour <a href=\"https:\/\/actu.fr\/provence-alpes-cote-d-azur\/marseille_13055\/meteo-a-marseille-le-ciel-surprenant-l-explication-vient-d-ailleurs-voici-ce-qu-il-se-passe_62748144.html\" target=\"_blank\" rel=\"noopener\">le ciel laiteux<\/a> constat\u00e9 \u00e9galement ces derniers jours, et <a href=\"https:\/\/actu.fr\/provence-alpes-cote-d-azur\/marseille_13055\/pollution-a-marseille-et-dans-les-bouches-du-rhone-alerte-maximale-ce-vendredi-a-quoi-s-attendre_62762823.html\" target=\"_blank\" rel=\"noopener\">les alertes \u00e0 la pollution en vigueur<\/a>, au moins, jusqu\u2019\u00e0 ce vendredi 13\u00a0juin, <strong>les m\u00e9ga feux qui ravagent les for\u00eats des provinces canadiennes<\/strong> du Manitoba et de la Saskatchewan sont en cause.<\/p>\n<p>Les rayons du soleil \u00ab\u2009filtr\u00e9s\u2009\u00bb<\/p>\n<p class=\" wall-content\">\u00ab\u2009Les effets typiques de ces \u00e9pisodes se manifestent par un ciel plus brumeux avec <strong>des couchers de soleil rouge\/orange<\/strong>\u2009\u00bb, indique, dans un communiqu\u00e9, le service europ\u00e9en de surveillance de l\u2019atmosph\u00e8re Copernicus (CAMS).<\/p>\n<p class=\" wall-content\">\n<p class=\" wall-content\">Un ph\u00e9nom\u00e8ne particuli\u00e8rement visible depuis Marseille.<\/p>\n<p class=\" wall-content\">\u00ab\u2009Cela est en effet le cas depuis dimanche au coucher et au lever du soleil\u2009\u00bb, confirme \u00e0 actu Marseille le m\u00e9t\u00e9orologue Paul Marquis, fondateur de La M\u00e9t\u00e9o du 13.<\/p>\n<p class=\" wall-content\">C\u2019est \u00ab\u2009d\u00fb enti\u00e8rement aux fum\u00e9es du Canada qui filtrent les rayons du soleil et donnent cette couleur particuli\u00e8re\u2009\u00bb, d\u00e9taille encore l\u2019expert. <strong>Les particules en suspension modifient la dispersion de la lumi\u00e8re solaire<\/strong> et la rendent particuli\u00e8rement rouge.<\/p>\n<p>Des cons\u00e9quences multiples<\/p>\n<p class=\" wall-content\">Ce sont ces m\u00eames particules qui ont aussi rendu le ciel laiteux, notamment en d\u00e9but de semaine, et qui entra\u00eenent des alertes pollution r\u00e9p\u00e9t\u00e9es ces derniers jours.<\/p>\n<p class=\" wall-content\"><strong>D\u2019abord en altitude<\/strong>, ces r\u00e9sidus de fum\u00e9es et de combustion pr\u00e9sents dans l\u2019atmosph\u00e8re \u00ab\u2009sont <strong>\u00e0 pr\u00e9sent plaqu\u00e9s au sol<\/strong> par les conditions anticycloniques qui s\u2019installent peu \u00e0 peu\u2009\u00bb, expliquait \u00e9galement Paul Marquis, ce mercredi 11\u00a0juin.<\/p>\n<p class=\" wall-content\">Le d\u00e9partement des Bouches-du-Rh\u00f4ne est en <a href=\"https:\/\/actu.fr\/provence-alpes-cote-d-azur\/marseille_13055\/pollution-a-marseille-et-dans-les-bouches-du-rhone-alerte-maximale-ce-vendredi-a-quoi-s-attendre_62762823.html\" target=\"_blank\" rel=\"noopener\">alerte pollution de niveau 2<\/a> pour <strong>une concentration trop importante de particules fines<\/strong> ce vendredi 13\u00a0juin. Il est notamment recommand\u00e9 d\u2019\u00e9viter la pratique d\u2019activit\u00e9s physiques ou sportives intenses<\/p>\n<p class=\" wall-content\">Suivez toute l\u2019actualit\u00e9 de vos villes et m\u00e9dias favoris en vous inscrivant \u00e0 <a href=\"https:\/\/moncompte.actu.fr\" title=\"D\u00e9couvez Mon Actu\" rel=\"nofollow noopener\" data-trk=\"{&quot;cta&quot;:{&quot;action&quot;:&quot;https:\\\/\\\/moncompte.actu.fr&quot;,&quot;category&quot;:&quot;mon compte&quot;,&quot;from&quot;:&quot;article footer&quot;,&quot;name&quot;:&quot;Mon actu&quot;,&quot;type&quot;:&quot;cta&quot;}}\" target=\"_blank\">Mon Actu<\/a>.<\/p>\n","protected":false},"excerpt":{"rendered":"Par Fabien Binacchi Publi\u00e9 le 12 juin 2025 \u00e0 16h11 Ces derniers jours, le ciel de Marseille s\u2019est&hellip;\n","protected":false},"author":2,"featured_media":172431,"comment_status":"","ping_status":"","sticky":false,"template":"","format":"standard","meta":{"footnotes":""},"categories":[2814],"tags":[1111,11,574,1777,674,1011,27,1310,884,2487,12,882,25],"class_list":{"0":"post-172430","1":"post","2":"type-post","3":"status-publish","4":"format-standard","5":"has-post-thumbnail","7":"category-marseille","8":"tag-actu","9":"tag-actualites","10":"tag-canada","11":"tag-eu","12":"tag-europe","13":"tag-fr","14":"tag-france","15":"tag-incendie","16":"tag-marseille","17":"tag-meteo","18":"tag-news","19":"tag-provence-alpes-cote-dazur","20":"tag-republique-francaise"},"share_on_mastodon":{"url":"https:\/\/pubeurope.com\/@fr\/114674030627292338","error":""},"_links":{"self":[{"href":"https:\/\/www.europesays.com\/fr\/wp-json\/wp\/v2\/posts\/172430","targetHints":{"allow":["GET"]}}],"collection":[{"href":"https:\/\/www.europesays.com\/fr\/wp-json\/wp\/v2\/posts"}],"about":[{"href":"https:\/\/www.europesays.com\/fr\/wp-json\/wp\/v2\/types\/post"}],"author":[{"embeddable":true,"href":"https:\/\/www.europesays.com\/fr\/wp-json\/wp\/v2\/users\/2"}],"replies":[{"embeddable":true,"href":"https:\/\/www.europesays.com\/fr\/wp-json\/wp\/v2\/comments?post=172430"}],"version-history":[{"count":0,"href":"https:\/\/www.europesays.com\/fr\/wp-json\/wp\/v2\/posts\/172430\/revisions"}],"wp:featuredmedia":[{"embeddable":true,"href":"https:\/\/www.europesays.com\/fr\/wp-json\/wp\/v2\/media\/172431"}],"wp:attachment":[{"href":"https:\/\/www.europesays.com\/fr\/wp-json\/wp\/v2\/media?parent=172430"}],"wp:term":[{"taxonomy":"category","embeddable":true,"href":"https:\/\/www.europesays.com\/fr\/wp-json\/wp\/v2\/categories?post=172430"},{"taxonomy":"post_tag","embeddable":true,"href":"https:\/\/www.europesays.com\/fr\/wp-json\/wp\/v2\/tags?post=172430"}],"curies":[{"name":"wp","href":"https:\/\/api.w.org\/{rel}","templated":true}]}}