{"id":172432,"date":"2025-06-13T03:53:20","date_gmt":"2025-06-13T03:53:20","guid":{"rendered":"https:\/\/www.europesays.com\/fr\/172432\/"},"modified":"2025-06-13T03:53:20","modified_gmt":"2025-06-13T03:53:20","slug":"train-metro-bus-et-velo-en-illimite-comment-en-profiter","status":"publish","type":"post","link":"https:\/\/www.europesays.com\/fr\/172432\/","title":{"rendered":"train, m\u00e9tro, bus et v\u00e9lo en illimit\u00e9, comment en profiter"},"content":{"rendered":"<p>            Par<br \/>\n        <strong><br \/>\n            <a href=\"https:\/\/actu.fr\/auteur\/fabien-binacchi\" title=\"Consulter tous les articles de Fabien Binacchi\" target=\"_blank\" rel=\"noopener\">Fabien Binacchi<\/a><br \/>\n        <\/strong><\/p>\n<p>        Publi\u00e9 le<\/p>\n<p>            12 juin 2025 \u00e0 19h38        <\/p>\n<p>Laisser la voiture au garage\u2009: c\u2019est le message des autorit\u00e9s. Ce vendredi 13\u00a0juin 2025, alors que <a href=\"https:\/\/actu.fr\/marseille\/\" target=\"_blank\" rel=\"noopener\">Marseille<\/a> et le d\u00e9partement des <a href=\"https:\/\/actu.fr\/provence-alpes-cote-d-azur\/bouches-du-rhone_13\" target=\"_blank\" rel=\"noopener\">Bouches-du-Rh\u00f4ne<\/a> sont en <a href=\"https:\/\/actu.fr\/provence-alpes-cote-d-azur\/marseille_13055\/pollution-a-marseille-et-dans-les-bouches-du-rhone-alerte-maximale-ce-vendredi-a-quoi-s-attendre_62762823.html\" target=\"_blank\" rel=\"noopener\">alerte pollution<\/a> de niveau 2, le plus haut, la pr\u00e9fecture recommande <strong>l\u2019utilisation des transports en commun.<\/strong><\/p>\n<p class=\" wall-content\">Pour encourager les habitants de la cit\u00e9 phoc\u00e9enne \u00e0 emprunter les lignes de la RTM, la r\u00e9gie propose de voyager <strong>en illimit\u00e9, \u00e0 moindres frais.<\/strong> Des options sont aussi propos\u00e9es pour les v\u00e9los en libre-service de la M\u00e9tropole et pour les transports r\u00e9gionaux.<\/p>\n<p class=\" wall-content\">Voil\u00e0 comment \u00e7a marche.<\/p>\n<p>\u00ab\u2009Limiter les d\u00e9placements\u2009\u00bb<\/p>\n<p class=\" wall-content\">Les r\u00e9sidus des m\u00e9ga feux de for\u00eat au Canada se m\u00ealent aux poussi\u00e8res du Sahara pour former <strong>un cocktail explosif.<\/strong> Ce vendredi 13\u00a0juin 2025, apr\u00e8s plusieurs jours de vigilance et d\u2019alerte de niveau 1, Atmosud a d\u00e9clench\u00e9 l\u2019alerte maximale pour le d\u00e9partement des Bouches-du-Rh\u00f4ne. La journ\u00e9e de samedi pourrait \u00eatre \u00e9galement concern\u00e9e.<\/p>\n<p class=\" wall-content\">Pendant ces <strong>pics de pollution,<\/strong> la pr\u00e9fecture recommande notamment de \u00ab\u2009limiter les d\u00e9placements priv\u00e9s et professionnels, ainsi que l\u2019usage de v\u00e9hicules automobiles en privil\u00e9giant le covoiturage et les transports en commun\u2009\u00bb.<\/p>\n<p>Vid\u00e9os : en ce moment sur ActuUn seul ticket pour toute la journ\u00e9e<\/p>\n<p class=\" wall-content\">Alors pour motiver les habitants \u00e0 circuler sur ses lignes, la RTM indique que \u00ab\u2009les tickets SOLO, SOLO Secours et Open Payment permettent de <strong>voyager en illimit\u00e9 toute la journ\u00e9e<\/strong> [de ce vendredi] sur le r\u00e9seau Bus, M\u00e9tro, Tramway\u2009\u00bb.<\/p>\n<p class=\" wall-content\">La r\u00e9gie pr\u00e9cise que <strong>les parkings-relais<\/strong> La Rose, Einstein, St-J\u00e9r\u00f4me, Frais-Vallon, St-Just, Louis Armand, Bougainville, G\u00e8ze et Teisseire Dromel sont <strong>en acc\u00e8s gratuit.<\/strong><\/p>\n<blockquote class=\"ac-article-quote wall-content\">\n<p>Ces mesures sont mises en place, sur d\u00e9cision pr\u00e9fectorale, dans le cadre du d\u00e9clenchement de l&rsquo;alerte pollution niveau 2 avec circulation diff\u00e9renci\u00e9e.<\/p>\n<p>    <strong>La RTM<\/strong>\n            <\/p><\/blockquote>\n<p>Des offres \u00e0 v\u00e9lo ou en train<\/p>\n<p class=\" wall-content\">Le service de la M\u00e9tropole Aix-Marseille-Provence lev\u00e9lo se met \u00e9galement \u00e0 l\u2019heure de cet \u00e9pisode de pollution et propose les <strong>30 premi\u00e8res minutes d\u2019utilisation gratuites.<\/strong> Au-del\u00e0, pour continuer \u00e0 rouler sur ses deux-roues, il n\u2019en co\u00fbtera que 0,05 euro par minute.<\/p>\n<p class=\" wall-content\">La r\u00e9gion Paca, via son r\u00e9seau de transport, en car ou en TER, propose \u00e9galement <strong>des d\u00e9placements \u00e0 tarifs uniques et en illimit\u00e9,<\/strong> selon trois formules\u2009:<\/p>\n<ul class=\" wall-content\">\n<li>Le forfait \u00ab\u2009Journ\u00e9e d\u00e9partement\u2009\u00bb \u00e0 1\u00a0euro pour voyager sur les lignes ZOU\u2009! Proximit\u00e9,<\/li>\n<li>Le forfait \u00ab\u2009Journ\u00e9e d\u00e9partement\u2009\u00bb \u00e0 5\u20ac pour utiliser, en plus, les TER et les lignes de bus Express dans le d\u00e9partement concern\u00e9 par l\u2019alerte pollution,<\/li>\n<li>Le forfait \u00ab\u2009Journ\u00e9e r\u00e9gionale\u2009\u00bb \u00e0 20\u20ac pour voyager dans toute la r\u00e9gion, vers ou au d\u00e9part du d\u00e9partement qui subit un \u00e9pisode de pic de pollution.<\/li>\n<\/ul>\n<p class=\" wall-content\">Suivez toute l\u2019actualit\u00e9 de vos villes et m\u00e9dias favoris en vous inscrivant \u00e0 <a href=\"https:\/\/moncompte.actu.fr\" title=\"D\u00e9couvez Mon Actu\" rel=\"nofollow noopener\" data-trk=\"{&quot;cta&quot;:{&quot;action&quot;:&quot;https:\\\/\\\/moncompte.actu.fr&quot;,&quot;category&quot;:&quot;mon compte&quot;,&quot;from&quot;:&quot;article footer&quot;,&quot;name&quot;:&quot;Mon actu&quot;,&quot;type&quot;:&quot;cta&quot;}}\" target=\"_blank\">Mon Actu<\/a>.<\/p>\n","protected":false},"excerpt":{"rendered":"Par Fabien Binacchi Publi\u00e9 le 12 juin 2025 \u00e0 19h38 Laisser la voiture au garage\u2009: c\u2019est le message&hellip;\n","protected":false},"author":2,"featured_media":117178,"comment_status":"","ping_status":"","sticky":false,"template":"","format":"standard","meta":{"footnotes":""},"categories":[2814],"tags":[1111,11,1777,674,1011,27,884,12,882,25,10783,104,2803],"class_list":{"0":"post-172432","1":"post","2":"type-post","3":"status-publish","4":"format-standard","5":"has-post-thumbnail","7":"category-marseille","8":"tag-actu","9":"tag-actualites","10":"tag-eu","11":"tag-europe","12":"tag-fr","13":"tag-france","14":"tag-marseille","15":"tag-news","16":"tag-provence-alpes-cote-dazur","17":"tag-republique-francaise","18":"tag-rtm","19":"tag-societe","20":"tag-transport"},"share_on_mastodon":{"url":"https:\/\/pubeurope.com\/@fr\/114674034566513948","error":""},"_links":{"self":[{"href":"https:\/\/www.europesays.com\/fr\/wp-json\/wp\/v2\/posts\/172432","targetHints":{"allow":["GET"]}}],"collection":[{"href":"https:\/\/www.europesays.com\/fr\/wp-json\/wp\/v2\/posts"}],"about":[{"href":"https:\/\/www.europesays.com\/fr\/wp-json\/wp\/v2\/types\/post"}],"author":[{"embeddable":true,"href":"https:\/\/www.europesays.com\/fr\/wp-json\/wp\/v2\/users\/2"}],"replies":[{"embeddable":true,"href":"https:\/\/www.europesays.com\/fr\/wp-json\/wp\/v2\/comments?post=172432"}],"version-history":[{"count":0,"href":"https:\/\/www.europesays.com\/fr\/wp-json\/wp\/v2\/posts\/172432\/revisions"}],"wp:featuredmedia":[{"embeddable":true,"href":"https:\/\/www.europesays.com\/fr\/wp-json\/wp\/v2\/media\/117178"}],"wp:attachment":[{"href":"https:\/\/www.europesays.com\/fr\/wp-json\/wp\/v2\/media?parent=172432"}],"wp:term":[{"taxonomy":"category","embeddable":true,"href":"https:\/\/www.europesays.com\/fr\/wp-json\/wp\/v2\/categories?post=172432"},{"taxonomy":"post_tag","embeddable":true,"href":"https:\/\/www.europesays.com\/fr\/wp-json\/wp\/v2\/tags?post=172432"}],"curies":[{"name":"wp","href":"https:\/\/api.w.org\/{rel}","templated":true}]}}