{"id":172433,"date":"2025-06-13T03:54:23","date_gmt":"2025-06-13T03:54:23","guid":{"rendered":"https:\/\/www.europesays.com\/fr\/172433\/"},"modified":"2025-06-13T03:54:23","modified_gmt":"2025-06-13T03:54:23","slug":"lyon-la-rue-edouard-herriot-interdite-aux-voitures-depuis-bellecour","status":"publish","type":"post","link":"https:\/\/www.europesays.com\/fr\/172433\/","title":{"rendered":"Lyon. La rue \u00c9douard Herriot interdite aux voitures depuis Bellecour &#8211;"},"content":{"rendered":"<p>\t\t\t\t<img fetchpriority=\"high\" decoding=\"async\" width=\"900\" height=\"675\" src=\"https:\/\/www.europesays.com\/fr\/wp-content\/uploads\/2025\/06\/rue-Edouard-Herriot.jpg\" alt=\"\" title=\"rue Edouard Herriot\"   class=\"wp-image-160759\"\/><\/p>\n<p>Impossible de p\u00e9n\u00e9trer en presqu\u2019\u00eele depuis la place Bellecour &#8211; Photos Lyon People<\/p>\n<p><strong>Texte\u00a0: Marco Polisson<\/strong> \u2013 Vous pensiez que c\u2019\u00e9tait une fake news ? Non, la fermeture de la Presqu\u2019\u00eele devient r\u00e9alit\u00e9. La preuve par 9 (images).<\/p>\n<p>Nous avons parcouru le triangle d\u2019or, ce jeudi apr\u00e8s-midi pour nous rendre compte par nous-m\u00eames de la situation <a href=\"https:\/\/www.lyonpeople.com\/actualites-lyon\/actualites-politiques\/lyon-la-fermeture-de-la-presquile-sera-effective-en-juin-2025-2025-02-05.html\" target=\"_blank\" rel=\"noopener\"><strong>\u00e0 une semaine de la mise en place de la ZTL<\/strong><\/a>. C\u2019est maintenant la plus grande art\u00e8re qui est impact\u00e9e \u00e0 deux reprises entre la place Bellecour et la place des Terreaux.<\/p>\n<p><img loading=\"lazy\" decoding=\"async\" class=\"alignnone size-full wp-image-160766\" src=\"data:image\/svg+xml,%3Csvg%20xmlns=\" http:=\"\" alt=\"\" width=\"900\" height=\"675\" data-lazy- data-lazy- data-lazy-src=\"https:\/\/www.europesays.com\/fr\/wp-content\/uploads\/2025\/06\/Bellecour-Herriot.jpg\"\/>La rue \u00c9douard Herriot est ferm\u00e9e \u00e0 la circulation depuis son d\u00e9part sur la place Bellecour pour permettre la mise en place de la borne d\u2019acc\u00e8s \u00e0 la Zone de Trafic Limit\u00e9. Elle est \u00e9galement bloqu\u00e9e \u00e0 la hauteur de la rue Grenette o\u00f9 campent les chauffeurs VTC.<\/p>\n<p><img loading=\"lazy\" decoding=\"async\" class=\"alignnone size-full wp-image-160771\" src=\"data:image\/svg+xml,%3Csvg%20xmlns=\" http:=\"\" alt=\"\" width=\"900\" height=\"605\" data-lazy- data-lazy- data-lazy-src=\"https:\/\/www.europesays.com\/fr\/wp-content\/uploads\/2025\/06\/Bellecour-Gasparin.jpg\"\/>Le trafic automobile provenant des rives gauche et droite du Rh\u00f4ne via la rue de la Barre ne peut plus p\u00e9n\u00e9trer en presqu\u2019ile. Les automobilistes sont donc contraints de longer la place Bellecour pour rejoindre les quais de Sa\u00f4ne (eux aussi en travaux).<\/p>\n<p><img loading=\"lazy\" decoding=\"async\" class=\"alignnone wp-image-160760\" src=\"data:image\/svg+xml,%3Csvg%20xmlns=\" http:=\"\" alt=\"\" width=\"899\" height=\"674\" data-lazy- data-lazy- data-lazy-src=\"https:\/\/www.europesays.com\/fr\/wp-content\/uploads\/2025\/06\/Place-Bellecour.jpg\"\/>Le bouchon g\u00e9n\u00e9r\u00e9 par cette fermeture s\u2019\u00e9tale sur l\u2019ensemble de la place Bellecour (c\u00f4t\u00e9 Nord). Il faut compter une demi-heure aux milliers de conducteurs pour le traverser de part en part. Je vous laisse faire le compte de la pollution et du stress\u2026<\/p>\n<p><img loading=\"lazy\" decoding=\"async\" class=\"alignnone size-full wp-image-160761\" src=\"data:image\/svg+xml,%3Csvg%20xmlns=\" http:=\"\" alt=\"\" width=\"900\" height=\"631\" data-lazy- data-lazy- data-lazy-src=\"https:\/\/www.europesays.com\/fr\/wp-content\/uploads\/2025\/06\/etendage-ecolo-bellecour.jpg\"\/>Durant ce long blocage, les automobilistes pris au pi\u00e8ge ont tout loisir d\u2019admirer la seconde partie de l\u2019\u00e9tendage de la place Bellecour rebaptis\u00e9e ZAE (Zone Artistique Ecologiste) qui d\u00e9figure l\u2019un des plus beaux sites historiques lyonnais.<\/p>\n<p><img loading=\"lazy\" decoding=\"async\" class=\"alignnone size-full wp-image-160758\" src=\"data:image\/svg+xml,%3Csvg%20xmlns=\" http:=\"\" alt=\"\" width=\"900\" height=\"675\" data-lazy- data-lazy- data-lazy-src=\"https:\/\/www.europesays.com\/fr\/wp-content\/uploads\/2025\/06\/rue-Gasparin.jpg\"\/>Cons\u00e9quence de cette fermeture, \u00e0 partir de la place des Jacobins, il est d\u00e9sormais impossible de rejoindre la place Bellecour en empruntant la rue Gasparin, mise en sens interdit. Les automobilistes sont contraints de bifurquer par la rue des Archers\u2026<\/p>\n<p><img loading=\"lazy\" decoding=\"async\" class=\"alignnone size-full wp-image-160757\" src=\"data:image\/svg+xml,%3Csvg%20xmlns=\" http:=\"\" alt=\"\" width=\"900\" height=\"675\" data-lazy- data-lazy- data-lazy-src=\"https:\/\/www.europesays.com\/fr\/wp-content\/uploads\/2025\/06\/rue-de-lAncienne-Prefecture.jpg\"\/>L\u2019occasion de constater que la rue de l\u2019Ancienne Pr\u00e9fecture est \u00e0 nouveau en travaux, alors qu\u2019elle vient d\u2019\u00eatre termin\u00e9e. Et \u00e7a se passe au niveau des \u00e9gouts, cette fois-ci.<\/p>\n<p><img loading=\"lazy\" decoding=\"async\" class=\"alignnone size-full wp-image-160764\" src=\"data:image\/svg+xml,%3Csvg%20xmlns=\" http:=\"\" alt=\"\" width=\"900\" height=\"675\" data-lazy- data-lazy- data-lazy-src=\"https:\/\/www.europesays.com\/fr\/wp-content\/uploads\/2025\/06\/rue-emile-zola-desert-lyon.jpg\"\/>\u00ab\u00a0Moins de voitures, c\u2019est plus de pi\u00e9tons\u00a0\u00bb affirment les \u00e9cologistes. La preuve en image avec la rue Emile Zola (<a href=\"https:\/\/www.lyonpeople.com\/actualites-lyon\/lyon-5-mois-apres-son-inauguration-la-rue-emile-zola-est-eventree-2025-05-14.html\" target=\"_blank\" rel=\"noopener\"><strong>d\u00e9j\u00e0 \u00e9ventr\u00e9e deux fois<\/strong><\/a>) photographi\u00e9e ce jeudi apr\u00e8s-midi. Un vrai d\u00e9sert\u00a0!<\/p>\n<p><img loading=\"lazy\" decoding=\"async\" class=\"alignnone size-full wp-image-160765\" src=\"data:image\/svg+xml,%3Csvg%20xmlns=\" http:=\"\" alt=\"\" width=\"900\" height=\"675\" data-lazy- data-lazy- data-lazy-src=\"https:\/\/www.europesays.com\/fr\/wp-content\/uploads\/2025\/06\/Cordeliers.jpg\"\/>Enfin, place des Cordeliers, en face de la basilique Saint Bonaventure, une voie de circulation automobile a \u00e9t\u00e9 supprim\u00e9e en direction des quais au profit d\u2019un immense terre-plein central sans utilit\u00e9\u2026 L\u00e0 encore, par pur dogmatisme et en d\u00e9pit du bon sens\u2026<\/p>\n","protected":false},"excerpt":{"rendered":"Impossible de p\u00e9n\u00e9trer en presqu\u2019\u00eele depuis la place Bellecour &#8211; Photos Lyon People Texte\u00a0: Marco Polisson \u2013 Vous&hellip;\n","protected":false},"author":2,"featured_media":172434,"comment_status":"","ping_status":"","sticky":false,"template":"","format":"standard","meta":{"footnotes":""},"categories":[1889],"tags":[4257,1111,11,2430,1777,674,1011,27,2428,12,25,30750,21180],"class_list":{"0":"post-172433","1":"post","2":"type-post","3":"status-publish","4":"format-standard","5":"has-post-thumbnail","7":"category-lyon","8":"tag-0top","9":"tag-actu","10":"tag-actualites","11":"tag-auvergne-rhone-alpes","12":"tag-eu","13":"tag-europe","14":"tag-fr","15":"tag-france","16":"tag-lyon","17":"tag-news","18":"tag-republique-francaise","19":"tag-rue-edouard-herriot-lyon","20":"tag-ztl-lyon"},"share_on_mastodon":{"url":"https:\/\/pubeurope.com\/@fr\/114674038654590318","error":""},"_links":{"self":[{"href":"https:\/\/www.europesays.com\/fr\/wp-json\/wp\/v2\/posts\/172433","targetHints":{"allow":["GET"]}}],"collection":[{"href":"https:\/\/www.europesays.com\/fr\/wp-json\/wp\/v2\/posts"}],"about":[{"href":"https:\/\/www.europesays.com\/fr\/wp-json\/wp\/v2\/types\/post"}],"author":[{"embeddable":true,"href":"https:\/\/www.europesays.com\/fr\/wp-json\/wp\/v2\/users\/2"}],"replies":[{"embeddable":true,"href":"https:\/\/www.europesays.com\/fr\/wp-json\/wp\/v2\/comments?post=172433"}],"version-history":[{"count":0,"href":"https:\/\/www.europesays.com\/fr\/wp-json\/wp\/v2\/posts\/172433\/revisions"}],"wp:featuredmedia":[{"embeddable":true,"href":"https:\/\/www.europesays.com\/fr\/wp-json\/wp\/v2\/media\/172434"}],"wp:attachment":[{"href":"https:\/\/www.europesays.com\/fr\/wp-json\/wp\/v2\/media?parent=172433"}],"wp:term":[{"taxonomy":"category","embeddable":true,"href":"https:\/\/www.europesays.com\/fr\/wp-json\/wp\/v2\/categories?post=172433"},{"taxonomy":"post_tag","embeddable":true,"href":"https:\/\/www.europesays.com\/fr\/wp-json\/wp\/v2\/tags?post=172433"}],"curies":[{"name":"wp","href":"https:\/\/api.w.org\/{rel}","templated":true}]}}