{"id":172437,"date":"2025-06-13T03:57:14","date_gmt":"2025-06-13T03:57:14","guid":{"rendered":"https:\/\/www.europesays.com\/fr\/172437\/"},"modified":"2025-06-13T03:57:14","modified_gmt":"2025-06-13T03:57:14","slug":"la-region-ile-de-france-sengage-a-offrir-1-000-e-a-certains-bacheliers-mais-qui-est","status":"publish","type":"post","link":"https:\/\/www.europesays.com\/fr\/172437\/","title":{"rendered":"La R\u00e9gion \u00cele-de-France s\u2019engage \u00e0 offrir 1\u00a0000\u00a0\u20ac \u00e0 certains bacheliers, mais qui est"},"content":{"rendered":"<p>Le 4\u00a0juillet 2025, les terminales sauront <a href=\"https:\/\/rennes.maville.com\/actu\/actudet_-bac-2025-quelles-sont-les-regles-a-respecter-lors-des-epreuves-_54135-6847003_actu.Htm\" target=\"_self\" rel=\"noopener\">s\u2019ils ont d\u00e9croch\u00e9 leur\u00a0baccalaur\u00e9at<\/a>. Ceux qui l\u2019obtiendront avec la mention\u00a0\u00ab\u00a0tr\u00e8s bien\u00a0\u00bb pourront obtenir de la part de la R\u00e9gion \u00cele-de-France une r\u00e9compense. En effet, elle promet un ch\u00e8que de 1\u00a0000\u00a0\u20ac aux bacheliers les plus brillants, \u00e0 condition qu\u2019ils remplissent certains crit\u00e8res. Ils sont \u00e9num\u00e9r\u00e9s sur <a href=\"https:\/\/www.iledefrance.fr\/aides-et-appels-a-projets\/aide-aux-bacheliers-meritants\" target=\"_blank\" rel=\"noopener\">son site Internet.<\/a><\/p>\n<p>Qui peut obtenir les 1\u00a0000\u00a0\u20ac\u00a0?<\/p>\n<p>Ce dispositif, qui existe depuis 2016, peut se r\u00e9v\u00e9ler un vrai coup de pouce\u00a0pour les jeunes issus d\u2019un milieu modeste. Cette somme\u00a0doit ainsi permettre d&rsquo; <strong>\u00ab\u00a0\u00e9viter les ph\u00e9nom\u00e8nes d\u2019autocensure et la s\u00e9lection par l\u2019argent\u00a0\u00bb<\/strong>.<\/p>\n<p>Pour obtenir les 1\u00a0000\u00a0\u20ac, les bacheliers doivent avoir obtenu <a href=\"https:\/\/rennes.maville.com\/actu\/actudet_-bac-2025-record-de-precocite-d-un-candidat-dates-des-epreuves...-ce-qu-il-faut-savoir-sur-l-examen-_54135-6841987_actu.Htm\" target=\"_self\" rel=\"noopener\">leur examen<\/a> avec\u00a0mention \u00ab\u00a0tr\u00e8s bien\u00a0\u00bb en \u00cele-de-France l\u2019ann\u00e9e pr\u00e9c\u00e9dente, \u00eatre inscrit dans un \u00e9tablissement francilien d\u2019enseignement sup\u00e9rieur durant l\u2019ann\u00e9e en cours, \u00eatre boursier national sur crit\u00e8res sociaux et \u00eatre domicili\u00e9 en \u00cele-de-France.<\/p>\n<p>Quelles d\u00e9marches\u00a0?<\/p>\n<p>Les 1\u00a0000\u00a0\u20ac sont vers\u00e9s en une seule fois <strong>\u00ab\u00a0au cours de la premi\u00e8re ann\u00e9e d\u2019\u00e9tudes sup\u00e9rieures\u00a0\u00bb<\/strong>. Pour ceux qui se lancent dans des\u00a0formations de travail social, param\u00e9dicales et ma\u00efeutiques, la R\u00e9gion \u00cele-de-France se chargera du virement. Pour les autres,\u00a0le versement de l\u2019aide est assur\u00e9 par le CROUS de Paris.<\/p>\n<p>Pas besoin de demander cette aide \u00e0 la R\u00e9gion puisqu\u2019elle est vers\u00e9e automatiquement <strong>\u00ab\u00a0apr\u00e8s instruction du dossier social de l\u2019\u00e9tudiant (DES) et v\u00e9rification des conditions d\u2019\u00e9ligibilit\u00e9 \u00e0 l\u2019aide r\u00e9gionale au m\u00e9rite\u00a0\u00bb<\/strong>. En cas de litige, il est possible de saisir le m\u00e9diateur de la R\u00e9gion.<\/p>\n<p>\u00a0<\/p>\n","protected":false},"excerpt":{"rendered":"Le 4\u00a0juillet 2025, les terminales sauront s\u2019ils ont d\u00e9croch\u00e9 leur\u00a0baccalaur\u00e9at. Ceux qui l\u2019obtiendront avec la mention\u00a0\u00ab\u00a0tr\u00e8s bien\u00a0\u00bb pourront&hellip;\n","protected":false},"author":2,"featured_media":172438,"comment_status":"","ping_status":"","sticky":false,"template":"","format":"standard","meta":{"footnotes":""},"categories":[1592],"tags":[6541,12106,1111,11,30751,19560,12708,1777,674,1011,27,662,2693,12,22818,626,16,25],"class_list":{"0":"post-172437","1":"post","2":"type-post","3":"status-publish","4":"format-standard","5":"has-post-thumbnail","7":"category-ile-de-france","8":"tag-6541","9":"tag-12106","10":"tag-actu","11":"tag-actualites","12":"tag-bacheliers","13":"tag-concerne","14":"tag-engage","15":"tag-eu","16":"tag-europe","17":"tag-fr","18":"tag-france","19":"tag-ile-de-france","20":"tag-laval","21":"tag-news","22":"tag-offrir","23":"tag-paris","24":"tag-region","25":"tag-republique-francaise"},"share_on_mastodon":{"url":"https:\/\/pubeurope.com\/@fr\/114674050458570690","error":""},"_links":{"self":[{"href":"https:\/\/www.europesays.com\/fr\/wp-json\/wp\/v2\/posts\/172437","targetHints":{"allow":["GET"]}}],"collection":[{"href":"https:\/\/www.europesays.com\/fr\/wp-json\/wp\/v2\/posts"}],"about":[{"href":"https:\/\/www.europesays.com\/fr\/wp-json\/wp\/v2\/types\/post"}],"author":[{"embeddable":true,"href":"https:\/\/www.europesays.com\/fr\/wp-json\/wp\/v2\/users\/2"}],"replies":[{"embeddable":true,"href":"https:\/\/www.europesays.com\/fr\/wp-json\/wp\/v2\/comments?post=172437"}],"version-history":[{"count":0,"href":"https:\/\/www.europesays.com\/fr\/wp-json\/wp\/v2\/posts\/172437\/revisions"}],"wp:featuredmedia":[{"embeddable":true,"href":"https:\/\/www.europesays.com\/fr\/wp-json\/wp\/v2\/media\/172438"}],"wp:attachment":[{"href":"https:\/\/www.europesays.com\/fr\/wp-json\/wp\/v2\/media?parent=172437"}],"wp:term":[{"taxonomy":"category","embeddable":true,"href":"https:\/\/www.europesays.com\/fr\/wp-json\/wp\/v2\/categories?post=172437"},{"taxonomy":"post_tag","embeddable":true,"href":"https:\/\/www.europesays.com\/fr\/wp-json\/wp\/v2\/tags?post=172437"}],"curies":[{"name":"wp","href":"https:\/\/api.w.org\/{rel}","templated":true}]}}