{"id":172441,"date":"2025-06-13T03:59:10","date_gmt":"2025-06-13T03:59:10","guid":{"rendered":"https:\/\/www.europesays.com\/fr\/172441\/"},"modified":"2025-06-13T03:59:10","modified_gmt":"2025-06-13T03:59:10","slug":"a-paris-le-forum-pour-la-paix-prepare-la-conference-a-lonu-sur-la-reconnaissance-de-la-palestine","status":"publish","type":"post","link":"https:\/\/www.europesays.com\/fr\/172441\/","title":{"rendered":"\u00c0 Paris, le Forum pour la paix pr\u00e9pare la conf\u00e9rence \u00e0 l\u2019ONU sur la reconnaissance de la Palestine"},"content":{"rendered":"<p>Expos\u00e9 aux pressions des \u00c9tats-Unis et d\u2019Isra\u00ebl, Emmanuel Macron r\u00e9serve sa d\u00e9cision pour le sommet de la semaine prochaine \u00e0 New York.<\/p>\n<p class=\"fig-paragraph\">Les responsables politiques des deux camps paraissant incapables de b\u00e2tir la paix, les soci\u00e9t\u00e9s civiles isra\u00e9lienne et palestinienne seront \u00e0 l\u2019honneur ce vendredi au Forum de la paix de Paris. Un rassemblement plac\u00e9, comme son titre l\u2019indique, sous le signe d\u2019un \u00ab\u00a0Appel pour la solution des deux \u00c9tats\u00a0\u00bb, \u00e0 quelques jours d\u2019une\u00a0<a href=\"http:\/\/www.lefigaro.fr\/international\/gaza-au-moins-12-morts-dans-une-frappe-israelienne-au-sud-20250604\" data-fig-type=\"NewsFlash\" data-gtm-custom-categorie=\"navigation\" data-gtm-custom-action=\"crossclick\" data-gtm-custom-label=\"Contextuel\" data-gtm-event=\"customEventSPE\" data-fig-domain=\"LEFIGARO\" rel=\"nofollow noopener\" target=\"_blank\">conf\u00e9rence onusienne<\/a>\u00a0\u00e0 New York copr\u00e9sid\u00e9e par la France et l\u2019Arabie saoudite et consacr\u00e9e \u00e0 la survie de cet objectif de la diplomatie mondiale, aujourd\u2019hui menac\u00e9.<\/p>\n<p class=\"fig-paragraph\">\u00ab\u00a0Alors que la r\u00e9gion (le Moyen-Orient, NDLR) est le th\u00e9\u00e2tre d\u2019une violence extr\u00eame, d\u2019actes de terrorisme, de la haine et de l\u2019injustice, et alors que la solution des deux \u00c9tats (Isra\u00ebl et la Palestine \u00e0 cr\u00e9er, NDLR) est expos\u00e9e \u00e0 des menaces existentielles, il est temps d\u2019agir\u00a0\u00bb, plaident les responsables du Forum, qui \u00e9voquera, entre autres, la reconstruction de la bande de Gaza, d\u00e9vast\u00e9e par vingt mois de bombardements isra\u00e9liens meurtriers, l\u2019\u00e9mergence de nouveaux narratifs de paix et la\u2026<\/p>\n<p class=\"fig-premium-paywall__infos\">\n        Cet article est r\u00e9serv\u00e9 aux abonn\u00e9s.        Il vous reste 78% \u00e0 d\u00e9couvrir.\n    <\/p>\n<p>                <img  data- alt=\"Le Figaro\" class=\"fig-img--complete fig-img\"\/><\/p>\n<p class=\"fig-premium-paywall__title\">Vente Flash<\/p>\n<p class=\"fig-premium-paywall__subtitle\">3,99\u20ac par mois pendant 12 mois. Sans engagement.<\/p>\n<p class=\"fig-premium-paywall__connect\">\n                D\u00e9j\u00e0 abonn\u00e9\u00a0?                <a class=\"fig-premium-paywall__connect-link\" href=\"https:\/\/connect.lefigaro.fr\/login?client=horizon_web&amp;type=main&amp;redirect_uri=https%3A%2F%2Fwww.lefigaro.fr%2Finternational%2Fa-paris-le-forum-pour-la-paix-prepare-la-conference-a-l-onu-sur-la-reconnaissance-de-la-palestine-20250612\" data-js-gtm=\"{&quot;customCategorie&quot;: &quot;conversion&quot;, &quot;customAction&quot;: &quot;before_Landing_Connexion_paywall_auto&quot;, &quot;customLabel&quot;: &quot;bGVmaWdhcm8uZnJfXzFmMDQ3OTBjLWYxOWYtNjlmOC04N2IyLTVkNjI2YTE0NDcxOV9fQXJ0aWNsZQ==_\u00c0 Paris, le Forum pour la paix pr\u00e9pare la conf\u00e9rence \u00e0 l\u2019ONU sur la reconnaissance de la Palestine_500&quot;, &quot;customIDSPE&quot;: &quot;bGVmaWdhcm8uZnJfXzFmMDQ3OTBjLWYxOWYtNjlmOC04N2IyLTVkNjI2YTE0NDcxOV9fQXJ0aWNsZQ==&quot;, &quot;event&quot;: &quot;customEventSPE&quot;}\" rel=\"nofollow noopener\" target=\"_blank\"><br \/>\n                    Connectez-vous<br \/>\n                <\/a>\n            <\/p>\n","protected":false},"excerpt":{"rendered":"Expos\u00e9 aux pressions des \u00c9tats-Unis et d\u2019Isra\u00ebl, Emmanuel Macron r\u00e9serve sa d\u00e9cision pour le sommet de la semaine&hellip;\n","protected":false},"author":2,"featured_media":172442,"comment_status":"","ping_status":"","sticky":false,"template":"","format":"standard","meta":{"footnotes":""},"categories":[1888],"tags":[1111,1928,259,11,1927,260,1777,674,1011,27,14,664,261,12,1926,3518,626,1925,262,25],"class_list":{"0":"post-172441","1":"post","2":"type-post","3":"status-publish","4":"format-standard","5":"has-post-thumbnail","7":"category-paris","8":"tag-actu","9":"tag-actu-paris","10":"tag-actualite-internationale","11":"tag-actualites","12":"tag-actualites-paris","13":"tag-affaires-etrangeres","14":"tag-eu","15":"tag-europe","16":"tag-fr","17":"tag-france","18":"tag-international","19":"tag-israel","20":"tag-ministere-des-affaires-etrangeres","21":"tag-news","22":"tag-news-paris","23":"tag-palestine","24":"tag-paris","25":"tag-paris-news","26":"tag-politique-etrangere","27":"tag-republique-francaise"},"share_on_mastodon":{"url":"https:\/\/pubeurope.com\/@fr\/114674058122259046","error":""},"_links":{"self":[{"href":"https:\/\/www.europesays.com\/fr\/wp-json\/wp\/v2\/posts\/172441","targetHints":{"allow":["GET"]}}],"collection":[{"href":"https:\/\/www.europesays.com\/fr\/wp-json\/wp\/v2\/posts"}],"about":[{"href":"https:\/\/www.europesays.com\/fr\/wp-json\/wp\/v2\/types\/post"}],"author":[{"embeddable":true,"href":"https:\/\/www.europesays.com\/fr\/wp-json\/wp\/v2\/users\/2"}],"replies":[{"embeddable":true,"href":"https:\/\/www.europesays.com\/fr\/wp-json\/wp\/v2\/comments?post=172441"}],"version-history":[{"count":0,"href":"https:\/\/www.europesays.com\/fr\/wp-json\/wp\/v2\/posts\/172441\/revisions"}],"wp:featuredmedia":[{"embeddable":true,"href":"https:\/\/www.europesays.com\/fr\/wp-json\/wp\/v2\/media\/172442"}],"wp:attachment":[{"href":"https:\/\/www.europesays.com\/fr\/wp-json\/wp\/v2\/media?parent=172441"}],"wp:term":[{"taxonomy":"category","embeddable":true,"href":"https:\/\/www.europesays.com\/fr\/wp-json\/wp\/v2\/categories?post=172441"},{"taxonomy":"post_tag","embeddable":true,"href":"https:\/\/www.europesays.com\/fr\/wp-json\/wp\/v2\/tags?post=172441"}],"curies":[{"name":"wp","href":"https:\/\/api.w.org\/{rel}","templated":true}]}}