{"id":172443,"date":"2025-06-13T04:00:10","date_gmt":"2025-06-13T04:00:10","guid":{"rendered":"https:\/\/www.europesays.com\/fr\/172443\/"},"modified":"2025-06-13T04:00:10","modified_gmt":"2025-06-13T04:00:10","slug":"info-va-bobigny-un-homme-suspecte-de-fabriquer-des-colis-pieges-interpelle-par-la-bri-deux-detonateurs-saisis","status":"publish","type":"post","link":"https:\/\/www.europesays.com\/fr\/172443\/","title":{"rendered":"[Info VA] Bobigny : un homme suspect\u00e9 de fabriquer des colis pi\u00e9g\u00e9s interpell\u00e9 par la BRI, deux d\u00e9tonateurs saisis"},"content":{"rendered":"<p>\t[Info VA] Bobigny : un homme suspect\u00e9 de fabriquer des colis pi\u00e9g\u00e9s interpell\u00e9 par la BRI, deux d\u00e9tonateurs saisis &#8211; Valeurs actuelles<\/p>\n<p><a href=\"https:\/\/www.valeursactuelles.com\/\" target=\"_blank\" rel=\"noopener\">Accueil<\/a> \u00bb <a href=\"https:\/\/www.valeursactuelles.com\/faits-divers\" target=\"_blank\" rel=\"noopener\">Faits divers<\/a> \u00bb [Info VA] Bobigny : un homme suspect\u00e9 de fabriquer des colis pi\u00e9g\u00e9s interpell\u00e9 par la BRI, deux d\u00e9tonateurs saisis<\/p>\n","protected":false},"excerpt":{"rendered":"[Info VA] Bobigny : un homme suspect\u00e9 de fabriquer des colis pi\u00e9g\u00e9s interpell\u00e9 par la BRI, deux d\u00e9tonateurs&hellip;\n","protected":false},"author":2,"featured_media":172444,"comment_status":"","ping_status":"","sticky":false,"template":"","format":"standard","meta":{"footnotes":""},"categories":[1888],"tags":[11,30752,1777,674,1011,27,11272,12,626,1072,25,1254],"class_list":{"0":"post-172443","1":"post","2":"type-post","3":"status-publish","4":"format-standard","5":"has-post-thumbnail","7":"category-paris","8":"tag-actualites","9":"tag-colis-piege","10":"tag-eu","11":"tag-europe","12":"tag-fr","13":"tag-france","14":"tag-interpellation","15":"tag-news","16":"tag-paris","17":"tag-police","18":"tag-republique-francaise","19":"tag-terrorisme"},"share_on_mastodon":{"url":"https:\/\/pubeurope.com\/@fr\/114674062026909339","error":""},"_links":{"self":[{"href":"https:\/\/www.europesays.com\/fr\/wp-json\/wp\/v2\/posts\/172443","targetHints":{"allow":["GET"]}}],"collection":[{"href":"https:\/\/www.europesays.com\/fr\/wp-json\/wp\/v2\/posts"}],"about":[{"href":"https:\/\/www.europesays.com\/fr\/wp-json\/wp\/v2\/types\/post"}],"author":[{"embeddable":true,"href":"https:\/\/www.europesays.com\/fr\/wp-json\/wp\/v2\/users\/2"}],"replies":[{"embeddable":true,"href":"https:\/\/www.europesays.com\/fr\/wp-json\/wp\/v2\/comments?post=172443"}],"version-history":[{"count":0,"href":"https:\/\/www.europesays.com\/fr\/wp-json\/wp\/v2\/posts\/172443\/revisions"}],"wp:featuredmedia":[{"embeddable":true,"href":"https:\/\/www.europesays.com\/fr\/wp-json\/wp\/v2\/media\/172444"}],"wp:attachment":[{"href":"https:\/\/www.europesays.com\/fr\/wp-json\/wp\/v2\/media?parent=172443"}],"wp:term":[{"taxonomy":"category","embeddable":true,"href":"https:\/\/www.europesays.com\/fr\/wp-json\/wp\/v2\/categories?post=172443"},{"taxonomy":"post_tag","embeddable":true,"href":"https:\/\/www.europesays.com\/fr\/wp-json\/wp\/v2\/tags?post=172443"}],"curies":[{"name":"wp","href":"https:\/\/api.w.org\/{rel}","templated":true}]}}