{"id":172465,"date":"2025-06-13T04:11:17","date_gmt":"2025-06-13T04:11:17","guid":{"rendered":"https:\/\/www.europesays.com\/fr\/172465\/"},"modified":"2025-06-13T04:11:17","modified_gmt":"2025-06-13T04:11:17","slug":"prix-de-limmobilier-en-ile-de-france-ces-departements-qui-limitent-la-casse-sur-le-marche-des-maisons","status":"publish","type":"post","link":"https:\/\/www.europesays.com\/fr\/172465\/","title":{"rendered":"Prix de l\u2019immobilier en \u00cele-de-France\u00a0: ces d\u00e9partements qui limitent la casse sur le march\u00e9 des maisons"},"content":{"rendered":"<p class=\"paragraph text_align_left\">C\u2019est le type de bien dont le prix est le plus mont\u00e9 en fl\u00e8che apr\u00e8s le Covid et qui a le plus souffert de la hausse des taux. Alors que 59 % des Franciliens aspirent \u00e0 vivre dans ce type d\u2019habitat (selon une \u00e9tude r\u00e9alis\u00e9e en 2023 par le promoteur, constructeur et bailleur social Procivis), comment se porte le march\u00e9 des maisons en \u00cele-de-France ?<\/p>\n<p class=\"paragraph text_align_left\">\u00ab Depuis la fin de l\u2019ann\u00e9e, on se retrouve dans une phase de stabilisation et de petite reprise. On est un peu mieux qu\u2019au niveau national, mais c\u2019est un printemps un peu mou\u2026 \u00bb, rel\u00e8ve Barbara Castillo Rico, responsable des \u00e9tudes \u00e9conomiques chez <a href=\"https:\/\/edito.seloger.com\/actualites\/france\/un-marche-immobilier-voie-de-stabilisation-article-19661.html\" target=\"_self\" rel=\"nofollow noopener\">SeLoger-Meilleurs Agents<\/a>.<\/p>\n","protected":false},"excerpt":{"rendered":"C\u2019est le type de bien dont le prix est le plus mont\u00e9 en fl\u00e8che apr\u00e8s le Covid et&hellip;\n","protected":false},"author":2,"featured_media":172466,"comment_status":"","ping_status":"","sticky":false,"template":"","format":"standard","meta":{"footnotes":""},"categories":[4],"tags":[11,1011,27,1116,12,25],"class_list":{"0":"post-172465","1":"post","2":"type-post","3":"status-publish","4":"format-standard","5":"has-post-thumbnail","7":"category-france","8":"tag-actualites","9":"tag-fr","10":"tag-france","11":"tag-immobilier","12":"tag-news","13":"tag-republique-francaise"},"share_on_mastodon":{"url":"https:\/\/pubeurope.com\/@fr\/114674105227117197","error":""},"_links":{"self":[{"href":"https:\/\/www.europesays.com\/fr\/wp-json\/wp\/v2\/posts\/172465","targetHints":{"allow":["GET"]}}],"collection":[{"href":"https:\/\/www.europesays.com\/fr\/wp-json\/wp\/v2\/posts"}],"about":[{"href":"https:\/\/www.europesays.com\/fr\/wp-json\/wp\/v2\/types\/post"}],"author":[{"embeddable":true,"href":"https:\/\/www.europesays.com\/fr\/wp-json\/wp\/v2\/users\/2"}],"replies":[{"embeddable":true,"href":"https:\/\/www.europesays.com\/fr\/wp-json\/wp\/v2\/comments?post=172465"}],"version-history":[{"count":0,"href":"https:\/\/www.europesays.com\/fr\/wp-json\/wp\/v2\/posts\/172465\/revisions"}],"wp:featuredmedia":[{"embeddable":true,"href":"https:\/\/www.europesays.com\/fr\/wp-json\/wp\/v2\/media\/172466"}],"wp:attachment":[{"href":"https:\/\/www.europesays.com\/fr\/wp-json\/wp\/v2\/media?parent=172465"}],"wp:term":[{"taxonomy":"category","embeddable":true,"href":"https:\/\/www.europesays.com\/fr\/wp-json\/wp\/v2\/categories?post=172465"},{"taxonomy":"post_tag","embeddable":true,"href":"https:\/\/www.europesays.com\/fr\/wp-json\/wp\/v2\/tags?post=172465"}],"curies":[{"name":"wp","href":"https:\/\/api.w.org\/{rel}","templated":true}]}}