{"id":172472,"date":"2025-06-13T04:18:13","date_gmt":"2025-06-13T04:18:13","guid":{"rendered":"https:\/\/www.europesays.com\/fr\/172472\/"},"modified":"2025-06-13T04:18:13","modified_gmt":"2025-06-13T04:18:13","slug":"carlos-sainz-accelere-la-transformation-du-circuit-f1-de-madrid-avec-une-strategie-de-depassement-audacieuse","status":"publish","type":"post","link":"https:\/\/www.europesays.com\/fr\/172472\/","title":{"rendered":"Carlos Sainz Acc\u00e9l\u00e8re la Transformation du Circuit F1 de Madrid avec une Strat\u00e9gie de D\u00e9passement Audacieuse"},"content":{"rendered":"<p>Carlos Sainz, le pilote de F1 audacieux, bouleverse le monde de la course avec ses d\u00e9clarations audacieuses sur le nouveau circuit de F1 de Madrid. Sainz, qui a r\u00e9cemment test\u00e9 une voiture de F1 autour du centre d\u2019exposition IFEMA \u00e0 Madrid, a partag\u00e9 ses r\u00e9flexions sur le prochain circuit de Madring.  <\/p>\n<p>Lors d\u2019une r\u00e9cente interaction avec les m\u00e9dias, Sainz a soulign\u00e9 l\u2019importance de cr\u00e9er un circuit qui non seulement a fi\u00e8re allure, mais qui offre \u00e9galement des exp\u00e9riences de course palpitantes. Il a soulign\u00e9 que le caract\u00e8re principal de la piste sera un virage unique \u00e0 24 % de d\u00e9vers, le distinguant des autres circuits. Sainz a exprim\u00e9 son impatience \u00e0 contribuer au processus de conception en se concentrant sur l\u2019am\u00e9lioration des opportunit\u00e9s de d\u00e9passement sur la piste.  <\/p>\n<p>Le pilote chevronn\u00e9 a fait des parall\u00e8les avec le circuit de Bakou, soulignant comment une piste avec des zones de d\u00e9passement strat\u00e9giques peut captiver les fans malgr\u00e9 l\u2019absence de virages traditionnellement excitants. La vision de Sainz pour le circuit de Madrid implique un m\u00e9lange de caract\u00e8re et de potentiel de d\u00e9passement, visant \u00e0 offrir une action palpitante pour les spectateurs.  <\/p>\n<p>Avec les pr\u00e9cieuses contributions et la vision de Sainz, le circuit de Madring est pr\u00eat \u00e0 devenir un foyer de courses de F1 exaltantes, promettant aux fans un spectacle sans pareil. Restez \u00e0 l\u2019\u00e9coute alors que le circuit de F1 de Madrid prend forme sous l\u2019\u0153il attentif d\u2019experts comme Carlos Sainz, se pr\u00e9parant \u00e0 red\u00e9finir les normes de la course.<\/p>\n<p>\n\tRelated<\/p>\n","protected":false},"excerpt":{"rendered":"Carlos Sainz, le pilote de F1 audacieux, bouleverse le monde de la course avec ses d\u00e9clarations audacieuses sur&hellip;\n","protected":false},"author":2,"featured_media":172473,"comment_status":"","ping_status":"","sticky":false,"template":"","format":"standard","meta":{"footnotes":""},"categories":[1412],"tags":[2245,1451,1452,1453,1454,1455,1011,27,60],"class_list":{"0":"post-172472","1":"post","2":"type-post","3":"status-publish","4":"format-standard","5":"has-post-thumbnail","7":"category-f1","8":"tag-carlos-sainz","9":"tag-f1","10":"tag-formula-1","11":"tag-formula1","12":"tag-formule-1","13":"tag-formule1","14":"tag-fr","15":"tag-france","16":"tag-sports"},"share_on_mastodon":{"url":"https:\/\/pubeurope.com\/@fr\/114674132796266763","error":""},"_links":{"self":[{"href":"https:\/\/www.europesays.com\/fr\/wp-json\/wp\/v2\/posts\/172472","targetHints":{"allow":["GET"]}}],"collection":[{"href":"https:\/\/www.europesays.com\/fr\/wp-json\/wp\/v2\/posts"}],"about":[{"href":"https:\/\/www.europesays.com\/fr\/wp-json\/wp\/v2\/types\/post"}],"author":[{"embeddable":true,"href":"https:\/\/www.europesays.com\/fr\/wp-json\/wp\/v2\/users\/2"}],"replies":[{"embeddable":true,"href":"https:\/\/www.europesays.com\/fr\/wp-json\/wp\/v2\/comments?post=172472"}],"version-history":[{"count":0,"href":"https:\/\/www.europesays.com\/fr\/wp-json\/wp\/v2\/posts\/172472\/revisions"}],"wp:featuredmedia":[{"embeddable":true,"href":"https:\/\/www.europesays.com\/fr\/wp-json\/wp\/v2\/media\/172473"}],"wp:attachment":[{"href":"https:\/\/www.europesays.com\/fr\/wp-json\/wp\/v2\/media?parent=172472"}],"wp:term":[{"taxonomy":"category","embeddable":true,"href":"https:\/\/www.europesays.com\/fr\/wp-json\/wp\/v2\/categories?post=172472"},{"taxonomy":"post_tag","embeddable":true,"href":"https:\/\/www.europesays.com\/fr\/wp-json\/wp\/v2\/tags?post=172472"}],"curies":[{"name":"wp","href":"https:\/\/api.w.org\/{rel}","templated":true}]}}