{"id":172482,"date":"2025-06-13T04:23:20","date_gmt":"2025-06-13T04:23:20","guid":{"rendered":"https:\/\/www.europesays.com\/fr\/172482\/"},"modified":"2025-06-13T04:23:20","modified_gmt":"2025-06-13T04:23:20","slug":"livres-13-juin-conflits-revue-de-geopolitique","status":"publish","type":"post","link":"https:\/\/www.europesays.com\/fr\/172482\/","title":{"rendered":"Livres 13 juin \u00a0 | Conflits : Revue de G\u00e9opolitique"},"content":{"rendered":"<p>\t\t\t\t<strong>Roman politique, satellites, Afrique, fronti\u00e8res et prudence. Aper\u00e7u des livres de la semaine. <\/strong><br \/>\n<a href=\"https:\/\/amzn.to\/3ZC8AcR\" target=\"_blank\" rel=\"noopener nofollow\"><strong>H\u00e9l\u00e8ne Raveau, Une Reine et rien d\u2019autre, Ovadia, 22 \u20ac<\/strong><\/a><\/p>\n<p>\u00c9crire pareil roman tient de la folie ou de l\u2019inconscience, peut-\u00eatre de la gr\u00e2ce, en tout cas d\u2019une sacr\u00e9e libert\u00e9. On se demande comment H\u00e9l\u00e8ne Raveau a pu y croire au point de mener \u00e0 terme, dans l\u2019\u00e9poque cynique qui est la n\u00f4tre, un incroyable destin de reine accouch\u00e9 des soubresauts de l\u2019\u00e9lection pr\u00e9sidentielle de 2017. Et de donner pour titre \u00e0 son \u0153uvre ce bulletin de vote lanc\u00e9 \u00e0 la t\u00eate des dirigeants d\u2019aujourd\u2019hui\u00a0:<\/p>\n<p>Une Reine et rien d\u2019autre\u00a0!<\/p>\n<p>Tout commence sur les remparts de Saint-Malo, dans un jeu d\u2019enfants d\u00e9fiant l\u2019oc\u00e9an, avec une fillette juch\u00e9e sur un engin extraordinaire que tous les autres lui envient. Tout est d\u00e9j\u00e0 contenu dans ce chapitre d\u2019ouverture\u00a0: la joie et la cruaut\u00e9. Car le lecteur comprend vite que la petite Henriette Martin est handicap\u00e9e.<\/p>\n<p>Ce n\u2019est pas le moindre des d\u00e9fis de ce roman que de s\u2019\u00eatre attel\u00e9, sans complaisance ni piti\u00e9 dangereuse, \u00e0 \u00e9voquer une enfance atteinte de myopathie, le bouleversement d\u2019une famille, et toutes les questions dites \u00ab\u00a0soci\u00e9tales\u00a0\u00bb qu\u2019affrontent ces existences-l\u00e0. Roman d\u2019apprentissage, il nous entra\u00eene, \u00e0 la suite de son h\u00e9ro\u00efne, dans les \u00e9tudes, dans \u00ab\u00a0la passion de la connaissance\u00a0\u00bb, dans l\u2019admiration pour les grands professeurs. N\u00e9e dans une famille courageuse, Henriette Martin vit chaque jour comme une conqu\u00eate.<\/p>\n<p>Mais le d\u00e9fi supr\u00eame est politique. On sort de la lecture stup\u00e9fait d\u2019y avoir cru. Oui, par un renversement inou\u00ef de l\u2019Histoire, les \u00e9lections pr\u00e9sidentielles de 2017 ont bien men\u00e9 \u00e0 l\u2019\u00e9lection d\u2019une jeune reine handicap\u00e9e qui, par voie de r\u00e9f\u00e9rendum, r\u00e9clame et obtient le droit d\u2019\u00eatre sacr\u00e9e \u00e0 Notre-Dame de Paris\u00a0: une parmi d\u2019autres des grandes sc\u00e8nes extraordinaires d\u2019une \u0153uvre qui n\u2019a rien oubli\u00e9 des fastes et des grandeurs.<\/p>\n<p>En r\u00e9ponse \u00e0 Sire de Jean Raspail, dont il constitue le pendant f\u00e9minin, le roman d\u2019H\u00e9l\u00e8ne Raveau h\u00e9site entre \u00e9pop\u00e9e et conte de f\u00e9e, conte politique et apologue. Les r\u00e9flexions sur une \u00ab\u00a0royaut\u00e9 pauvre\u00a0\u00bb interpellent et arr\u00eatent.\u00a0 Il s\u2019agit bien d\u2019abord d\u2019un roman enthousiaste aux personnages vivants, rieurs, multiples, toutes g\u00e9n\u00e9rations m\u00eal\u00e9es. Mais quelque chose de l\u2019ordre du surnaturel agit l\u00e0-dedans. \u00a0Il y a dans ces lignes, men\u00e9 avec un entrain, une d\u00e9termination et un ent\u00eatement irr\u00e9sistibles, un combat hardi contre le mal sous toutes ses formes actuelles.<\/p>\n<p>Marc Ruggeri<\/p>\n<p><a href=\"https:\/\/amzn.to\/43BT8QB\" target=\"_blank\" rel=\"noopener nofollow\"><strong>Frediano Finucci<\/strong>, <strong>La Guerre des satellites, au c\u0153ur de tous les conflits d\u2019aujourd\u2019hui, L\u2019Artilleur, 2025, 17,90 \u20ac<\/strong><\/a><\/p>\n<p>Le 24 f\u00e9vrier 2022, la Russie de Vladimir Poutine envahit l\u2019Ukraine. Il \u00e9tait pr\u00e9vu que ce soit un conflit \u00ab\u00a0\u00e9clair\u00a0\u00bb, o\u00f9 la capitale ukrainienne tomberait rapidement entre les mains des russes. Le monde sait d\u00e9sormais qu\u2019il n\u2019en a rien \u00e9t\u00e9. Trois ans plus tard, les n\u00e9gociations de paix peinent \u00e0 avancer. Si la r\u00e9sistance aussi h\u00e9ro\u00efque qu\u2019inattendue des forces arm\u00e9es ukrainiennes, soutenues par l\u2019Occident, l\u2019explique partiellement, il y a un autre facteur qui entre en compte. Ce sont les satellites. Les plus r\u00e9cents, civils comme militaires, ont pu fournir des renseignements vitaux \u00e0 l\u2019Ukraine. Et \u00e7a leur a \u00e9t\u00e9 salvateur.<\/p>\n<p>Ce r\u00e9cit s\u2019attache \u00e0 afficher l\u2019espace comme un espace indispensable \u00e0 l\u2019autonomie strat\u00e9gique des \u00c9tats. En effet, le monde est devenu d\u00e9pendant des satellites, sans parfois le savoir. Conqu\u00e9rir les cieux est donc l\u2019objectif ouvertement affich\u00e9 de certains Etats, qui cherchent coute-que-coute \u00e0 affirmer leur puissance dans un monde domin\u00e9 par Washington et P\u00e9kin. Mais l\u00e0 o\u00f9 sont des int\u00e9r\u00eats vont \u00e9galement les risques et les tentations humaines et \u00e9tatiques. L\u2019espace s\u2019est transform\u00e9 en un nouveau terrain d\u2019affrontements commerciaux et militaires. Et concernant cela, l\u2019auteur offre une vision nouvelle et \u00e9clair\u00e9e des futurs conflits spatiaux qui, s\u2019il faut indiscutablement les \u00e9viter, sont plus que plausibles.<\/p>\n<p>Frediano Finucci livre l\u00e0, \u00e0 travers son \u0153il ac\u00e9r\u00e9 de journaliste, une enqu\u00eate vivante d\u00e9montrant la transformation d\u2019un outil, initialement optionnel, en une arme devenue indispensable. Un ouvrage qui permet aux n\u00e9ophytes de comprendre l\u2019un des enjeux majeurs du XXIe si\u00e8cle.<\/p>\n<p><a href=\"https:\/\/amzn.to\/458J6rg\" target=\"_blank\" rel=\"noopener nofollow\"><strong>Serge \u00c9ric Menye,<\/strong> <strong>L\u2019Afrique sera-t-elle la catastrophe du XXIe si\u00e8cle\u00a0? L\u2019incroyable d\u00e9ni de l\u2019afro-optimisme, 2025, 12,80\u20ac<\/strong><\/a><\/p>\n<p>Une question existentielle que Serge \u00c9ric Menye pose, tout en offrant des cl\u00e9s de r\u00e9ponse. Dans cet essai, l\u2019auteur d\u2019origine camerounaise tente de d\u00e9mythifier l\u2019Afrique, per\u00e7ue comme le nouvel Eldorado par certaines \u00e9lites occidentales d\u00e9connect\u00e9es de la r\u00e9alit\u00e9. C\u2019est ainsi qu\u2019est pr\u00e9sent\u00e9 le continent africain au lendemain de la p\u00e9riode coloniale\u00a0: des ressources naturelles abondantes, une d\u00e9mographie florissante offrant une jeunesse \u00e9clatante, des conf\u00e9rences et aides internationales, des opportunit\u00e9s infinies.<\/p>\n<p>Finalement, rien ne semblait manquer au berceau de l\u2019humanit\u00e9 pour se transformer en puissance \u00e9conomique incontournable. Et pourtant, pendant que l\u2019Asie d\u00e9collait, l\u2019Afrique, elle, s\u2019enlisait. L\u2019auteur de l\u2019ouvrage voit en l\u2019Afrique l\u2019\u00e9picentre du terrorisme, symbole d\u2019un d\u00e9calage flagrant entre les perspectives dor\u00e9es du continent noir et la r\u00e9alit\u00e9 actuelle. Et malgr\u00e9 tout cela, certains continuent \u00e0 connaitre un engouement particulier pour ces terres. C\u2019est ce que l\u2019essayiste appelle \u00ab\u00a0l\u2019afro-optimisme\u00a0\u00bb. Optimistes. Mais irr\u00e9aliste en m\u00eame temps. Et cela g\u00eane. En effet, il d\u00e9plore la peine dont font preuve les \u00c9tats \u00e0 mettre les mots sur ce qui m\u00e9rite d\u2019\u00eatre dit, qui font ainsi vivre un fantasme d\u00e9raisonn\u00e9 sur ce qu\u2019est l\u2019Afrique. Le sp\u00e9cialiste sur les questions de missions de conseil en Afrique vient donc d\u00e9construire ces fausses images. Il revient sur les origines de la pauvret\u00e9 end\u00e9mique de l\u2019Afrique, pour mettre les mots ensuite sur ceux responsables d\u2019un tel d\u00e9sastre. Et enfin, car il ne sert \u00e0 rien de faire de constats sans proposer de solutions, il \u00e9voque les options pour le continent africain qui lui permettraient de se reb\u00e2tir et d\u2019\u00eatre \u00e0 la hauteur de la merveille qu\u2019il est. L\u2019Afrique n\u2019a donc pas dit son dernier mot. Et l\u2019auteur de l\u2019ouvrage s\u2019efforce \u00e0 le d\u00e9montrer.<\/p>\n<p><a href=\"https:\/\/amzn.to\/3TbSbbw\" target=\"_blank\" rel=\"noopener nofollow\"><strong>David P\u00e9rier et Jean-Baptiste Veber<\/strong>,<strong> Tracer des fronti\u00e8res\u00a0: dix histoires de cartes au c\u0153ur des conflits contemporains, Novice, 2025, 21,90\u20ac<\/strong><\/a><\/p>\n<p>Rousseau, dans son Discours sur l\u2019origine et les fondements de l\u2019in\u00e9galit\u00e9 parmi les hommes de 1754, explique que \u00ab\u00a0le premier qui, ayant enclos un terrain, s\u2019avisa de dire\u00a0: \u00ab\u00a0Ceci est \u00e0 moi\u00a0\u00bb, et trouva des gens assez simples pour le croire, fut le vrai fondateur de la soci\u00e9t\u00e9 civile\u00a0\u00bb. Pour David P\u00e9rier et Jean-Baptiste Veber, il en va de m\u00eame pour les \u00c9tats. Le premier \u00e0 avoir os\u00e9 tracer des fronti\u00e8res fut le vrai fondateur de la g\u00e9opolitique et des relations parfois tumultueuses entre les \u00c9tats. Il gravit \u00e0 jamais son nom dans l\u2019histoire. Pour le meilleur\u2026et pour le pire.<\/p>\n<p>Les deux professeurs de g\u00e9ographie se penchent, avec une clart\u00e9 salutaire pour un sujet si complexe, sur dix histoires de cartes actuellement au c\u0153ur des conflits contemporains. Ils reviennent sur un principe selon lequel les cartes et leurs fronti\u00e8res sont les langues v\u00e9ritables de l\u2019histoire. Les auteurs ne d\u00e9cryptent pas simplement leur naissance. Ils se plongent \u00e9galement dans la difficile mission de faire comprendre l\u2019essence d\u2019une fronti\u00e8re et ce qu\u2019elle engendre. Elle peut parfois \u00eatre impos\u00e9e de force par une puissance tierce sans pour autant \u00eatre rejet\u00e9e par les populations locales. Et si les \u00e9crivains le prouvent \u00e0 travers le cas de la bordure occidentale de l\u2019Asie, ils t\u00e9moignent \u00e9galement de la raret\u00e9 d\u2019une telle hypoth\u00e8se. Plus souvent en effet, le trac\u00e9 des fronti\u00e8res engendre des tensions. L\u2019ouvrage tente donc d\u2019expliquer en quoi les divisions territoriales d\u2019hier alimentent les tensions g\u00e9opolitiques d\u2019aujourd\u2019hui. Effectivement, la contestation de fronti\u00e8res peut se transformer en guerre. Le cas de la Tha\u00eflande et du Cambodge en est une illustration frappante. L\u2019\u0153uvre produite par des mains d\u2019experts propose donc un tour d\u2019horizon riche et complet de dix conflits frontaliers majeurs de notre temps. Un objectif\u00a0: faire r\u00e9fl\u00e9chir ses lecteurs sur la pertinence des fronti\u00e8res dans un avenir plus ou moins proche.<\/p>\n<p>Les auteurs de Conflits publient<\/p>\n<p><a href=\"https:\/\/amzn.to\/43zDQfa\" target=\"_blank\" rel=\"noopener nofollow\"><strong>Catherine Van Offelen, Risquer la prudence, Une pratique de la sagesse antique, Gallimard, 2025, 20\u20ac<\/strong><\/a><\/p>\n<p>Comment prendre une d\u00e9cision, et savoir que nous ne nous sommes pas tromp\u00e9s\u00a0? Comment faire le juste choix\u00a0? Ce sont l\u00e0 des questions universelles et\u00a0 r\u00e9currentes. C\u2019est ce que Catherine Van Offelen appelle l\u2019incertitude du monde. Mais qui pour nous aider\u00a0? \u00ab\u00a0Qui pour d\u00e9chirer les brumes, orienter le compas et d\u00e9signer le port\u00a0\u00bb\u00a0? C\u2019est vers les Grecs que se tourne l\u2019auteur dans son ouvrage, en r\u00e9interpr\u00e9tant le concept de phron\u00e9sis, c\u2019est-\u00e0-dire de prudence. Une vertue essentielle pour le jugement et donc pour l\u2019action.<\/p>\n<p>Issue de la pens\u00e9e d\u2019Aristote, elle \u00e9tait la plus haute vertu, l\u2019aboutissement d\u2019une sagesse sans nom. Aujourd\u2019hui, ce tr\u00e9sor a \u00e9t\u00e9 traduit par la \u00ab\u00a0prudence\u00a0\u00bb. Mais selon l\u2019auteur, c\u2019est une traduction non seulement maladroite mais surtout trompeur et faux. D\u2019un c\u00f4t\u00e9, la phron\u00e9sis d\u00e9signe la parfaite symbiose entre la raison et l\u2019intuition, le corps et l\u2019esprit, la morale et la ruse. Elle permet d\u2019accepter le risque sans courir aveuglement vers le danger. C\u2019est un appel \u00e0 l\u2019action, \u00e0 l\u2019adaptation dans les circonstances, \u00e0 la vivacit\u00e9 d\u2019esprit. Au contraire, la prudence, elle, d\u00e9signe la ti\u00e9deur, la retenue, l\u2019inaction presque. Au nom de la prudence, l\u2019homme ne sait plus agir, il est t\u00e9tanis\u00e9. C\u2019est la pr\u00e9caution enseign\u00e9e et voulue par les temps modernes. \u00catre pr\u00e9voyant c\u2019est bien. Mais c\u2019est \u00eatre trop rationnel et d\u00e9laisser l\u2019intuition. D\u2019o\u00f9 l\u2019appel \u00e0 la phron\u00e9sis grecque. C\u2019est elle qui a civilis\u00e9 le monde et cela oblige. Elle oblige notre soci\u00e9t\u00e9 \u00e0 r\u00e9apprendre \u00e0 la connaitre et \u00e0 l\u2019aimer. Car devant l\u2019incertitude et la folie du monde, elle peut \u00eatre notre phare. Et Catherine Van Offelen nous l\u2019offre g\u00e9n\u00e9reusement, sans trembler.<\/p>\n","protected":false},"excerpt":{"rendered":"Roman politique, satellites, Afrique, fronti\u00e8res et prudence. Aper\u00e7u des livres de la semaine. H\u00e9l\u00e8ne Raveau, Une Reine et&hellip;\n","protected":false},"author":2,"featured_media":20061,"comment_status":"","ping_status":"","sticky":false,"template":"","format":"standard","meta":{"footnotes":""},"categories":[1357],"tags":[1379,58,59,1011,27,2003,1380],"class_list":{"0":"post-172482","1":"post","2":"type-post","3":"status-publish","4":"format-standard","5":"has-post-thumbnail","7":"category-livres","8":"tag-books","9":"tag-divertissement","10":"tag-entertainment","11":"tag-fr","12":"tag-france","13":"tag-livre","14":"tag-livres"},"share_on_mastodon":{"url":"https:\/\/pubeurope.com\/@fr\/114674152516868084","error":""},"_links":{"self":[{"href":"https:\/\/www.europesays.com\/fr\/wp-json\/wp\/v2\/posts\/172482","targetHints":{"allow":["GET"]}}],"collection":[{"href":"https:\/\/www.europesays.com\/fr\/wp-json\/wp\/v2\/posts"}],"about":[{"href":"https:\/\/www.europesays.com\/fr\/wp-json\/wp\/v2\/types\/post"}],"author":[{"embeddable":true,"href":"https:\/\/www.europesays.com\/fr\/wp-json\/wp\/v2\/users\/2"}],"replies":[{"embeddable":true,"href":"https:\/\/www.europesays.com\/fr\/wp-json\/wp\/v2\/comments?post=172482"}],"version-history":[{"count":0,"href":"https:\/\/www.europesays.com\/fr\/wp-json\/wp\/v2\/posts\/172482\/revisions"}],"wp:featuredmedia":[{"embeddable":true,"href":"https:\/\/www.europesays.com\/fr\/wp-json\/wp\/v2\/media\/20061"}],"wp:attachment":[{"href":"https:\/\/www.europesays.com\/fr\/wp-json\/wp\/v2\/media?parent=172482"}],"wp:term":[{"taxonomy":"category","embeddable":true,"href":"https:\/\/www.europesays.com\/fr\/wp-json\/wp\/v2\/categories?post=172482"},{"taxonomy":"post_tag","embeddable":true,"href":"https:\/\/www.europesays.com\/fr\/wp-json\/wp\/v2\/tags?post=172482"}],"curies":[{"name":"wp","href":"https:\/\/api.w.org\/{rel}","templated":true}]}}