{"id":172485,"date":"2025-06-13T04:25:11","date_gmt":"2025-06-13T04:25:11","guid":{"rendered":"https:\/\/www.europesays.com\/fr\/172485\/"},"modified":"2025-06-13T04:25:11","modified_gmt":"2025-06-13T04:25:11","slug":"dua-lipa-confirme-ses-fiancailles-jadorerais-avoir-des-enfants","status":"publish","type":"post","link":"https:\/\/www.europesays.com\/fr\/172485\/","title":{"rendered":"Dua Lipa confirme ses fian\u00e7ailles: \u00ab\u00a0J&rsquo;adorerais avoir des enfants\u00a0\u00bb"},"content":{"rendered":"<p><a href=\"https:\/\/www.parismatch.be\/actualites\/people\/2025\/05\/28\/dua-lipa-fan-dune-marque-belge-elle-porte-un-ensemble-dune-jeune-creatrice-sur-scene-pendant-sa-tournee-XJHUDGCKJFDONNJZ3YTLNA4AGA\/\" target=\"_blank\" rel=\"noopener noreferrer\" class=\"ap-StoryInterstitialLink ap-StoryElement ap-StoryElement--mb\">Dua Lipa fan d&rsquo;une marque belge : elle porte un ensemble d&rsquo;une jeune cr\u00e9atrice sur sc\u00e8ne pendant sa tourn\u00e9e<\/a><\/p>\n<p class=\"ap-StoryElement ap-StoryElement--mb ap-StoryText\">Cet homme pour qui elle n&rsquo;a plus de secret, Dua l&rsquo;a rencontr\u00e9 au River Caf\u00e9, \u00e0 Londres. D&rsquo;apr\u00e8s les informations rapport\u00e9es par le m\u00e9dia anglais, ils ont \u00e9t\u00e9 pr\u00e9sent\u00e9s par Ruth Rogers, la cofondatrice du restaurant. Lorsqu&rsquo;ils ont commenc\u00e9 \u00e0 se fr\u00e9quenter, les deux tourtereaux ont r\u00e9alis\u00e9 qu&rsquo;en de bien nombreuses occasions, leurs chemins auraient pu se croiser : \u00ab\u00a0Il y a eu beaucoup de chass\u00e9s-crois\u00e9s\u00a0\u00bb<\/p>\n<p class=\"ap-StoryElement ap-StoryElement--mb ap-StoryText\">En 2014, tandis qu&rsquo;elle travaillait dans un restaurant nomm\u00e9 \u00ab\u00a0La Bodega Negra\u00a0\u00bb, \u00e0 Soho, Callum a \u00e9t\u00e9 pris en photo devant l&rsquo;\u00e9tablissement, la m\u00eame ann\u00e9e. Six ans plus tard, ils ont particip\u00e9 \u00e0 la m\u00eame soir\u00e9e sans le savoir : \u00ab\u00a0Nous avons tellement d&rsquo;amis en commun\u00a0\u00bb. Finalement, une ann\u00e9e apr\u00e8s leur premi\u00e8re rencontre ils se sont revus \u00e0 Los Angeles et le conte de f\u00e9es s&rsquo;est poursuivi : \u00a0\u00bb On \u00e9tait en train de lire le m\u00eame livre.\u00a0\u00bb<\/p>\n<p>Bient\u00f4t des enfants ?<\/p>\n<p class=\"ap-StoryElement ap-StoryElement--mb ap-StoryText\">Bien qu&rsquo;elle ait la bague au doigt, Dua Lipa n&rsquo;est pas press\u00e9e de passer devant l&rsquo;autel. Au cours de son entretien, elle a expliqu\u00e9 son choix d&rsquo;attendre : \u00a0\u00bb Je veux terminer ma tourn\u00e9e et il y a le tournage de Callum, alors on profite de cette p\u00e9riode. Je n&rsquo;ai jamais vraiment pens\u00e9 \u00e0 un mariage, ni r\u00eav\u00e9 du genre de mari\u00e9e que je serais. Tout d&rsquo;un coup, je me dis : \u00ab\u00a0Oh, qu&rsquo;est-ce que je porterais ?\u00a0\u00bb\u00a0\u00bb<\/p>\n<p class=\"ap-StoryElement ap-StoryElement--mb ap-StoryText\">\u00c0 bient\u00f4t trente ans, l&rsquo;interpr\u00e8te de \u00ab\u00a0Levitating\u00a0\u00bb a une vision bien d\u00e9finie de l&rsquo;engagement : \u00ab\u00a0Cette d\u00e9cision de vieillir ensemble, de vivre une vie et, je ne sais pas, d&rsquo;\u00eatre les meilleures amies pour toujours, c&rsquo;est un sentiment vraiment sp\u00e9cial.\u00a0\u00bb<\/p>\n<p class=\"ap-StoryElement ap-StoryElement--mb ap-StoryText\">Quant \u00e0 l&rsquo;id\u00e9e de fonder une famille, les futurs mari\u00e9s ne se mettent pas non plus la pression : \u00ab\u00a0J&rsquo;adorerais avoir des enfants un jour. Mais je me demande constamment quand sera le bon moment ? Comment cela s&rsquo;int\u00e9grerait-il \u00e0 mon travail, comment cela fonctionnerait si je partais en tourn\u00e9e, et combien de temps je devrais prendre. Je pense que c&rsquo;est une de ces choses qui arriveront quand elles arriveront. J&rsquo;adore les enfants, mais je pense qu&rsquo;\u00e9lever un enfant, c&rsquo;est bien plus que simplement l&rsquo;aimer.\u00a0\u00bb<\/p>\n","protected":false},"excerpt":{"rendered":"Dua Lipa fan d&rsquo;une marque belge : elle porte un ensemble d&rsquo;une jeune cr\u00e9atrice sur sc\u00e8ne pendant sa&hellip;\n","protected":false},"author":2,"featured_media":172486,"comment_status":"","ping_status":"","sticky":false,"template":"","format":"standard","meta":{"footnotes":""},"categories":[1355],"tags":[58,59,1011,27,1227,1361,873,15686],"class_list":{"0":"post-172485","1":"post","2":"type-post","3":"status-publish","4":"format-standard","5":"has-post-thumbnail","7":"category-musique","8":"tag-divertissement","9":"tag-entertainment","10":"tag-fr","11":"tag-france","12":"tag-horizontal","13":"tag-music","14":"tag-musique","15":"tag-red-carpet"},"share_on_mastodon":{"url":"https:\/\/pubeurope.com\/@fr\/114674160261938649","error":""},"_links":{"self":[{"href":"https:\/\/www.europesays.com\/fr\/wp-json\/wp\/v2\/posts\/172485","targetHints":{"allow":["GET"]}}],"collection":[{"href":"https:\/\/www.europesays.com\/fr\/wp-json\/wp\/v2\/posts"}],"about":[{"href":"https:\/\/www.europesays.com\/fr\/wp-json\/wp\/v2\/types\/post"}],"author":[{"embeddable":true,"href":"https:\/\/www.europesays.com\/fr\/wp-json\/wp\/v2\/users\/2"}],"replies":[{"embeddable":true,"href":"https:\/\/www.europesays.com\/fr\/wp-json\/wp\/v2\/comments?post=172485"}],"version-history":[{"count":0,"href":"https:\/\/www.europesays.com\/fr\/wp-json\/wp\/v2\/posts\/172485\/revisions"}],"wp:featuredmedia":[{"embeddable":true,"href":"https:\/\/www.europesays.com\/fr\/wp-json\/wp\/v2\/media\/172486"}],"wp:attachment":[{"href":"https:\/\/www.europesays.com\/fr\/wp-json\/wp\/v2\/media?parent=172485"}],"wp:term":[{"taxonomy":"category","embeddable":true,"href":"https:\/\/www.europesays.com\/fr\/wp-json\/wp\/v2\/categories?post=172485"},{"taxonomy":"post_tag","embeddable":true,"href":"https:\/\/www.europesays.com\/fr\/wp-json\/wp\/v2\/tags?post=172485"}],"curies":[{"name":"wp","href":"https:\/\/api.w.org\/{rel}","templated":true}]}}