{"id":172502,"date":"2025-06-13T04:36:11","date_gmt":"2025-06-13T04:36:11","guid":{"rendered":"https:\/\/www.europesays.com\/fr\/172502\/"},"modified":"2025-06-13T04:36:11","modified_gmt":"2025-06-13T04:36:11","slug":"les-deux-festivals-sont-ils-en-grande-difficulte","status":"publish","type":"post","link":"https:\/\/www.europesays.com\/fr\/172502\/","title":{"rendered":"les deux festivals sont-ils en grande difficult\u00e9\u202f?"},"content":{"rendered":"<p>Lors du conseil municipal, lundi 2\u00a0juin, les \u00e9lus st\u00e9phanois ont d\u00fb approuver les subventions vers\u00e9es aux diff\u00e9rents acteurs culturels de la ville, et notamment les festivals.<\/p>\n<p>Cette ann\u00e9e, plus de 220\u00a0000\u00a0euros ont donc \u00e9t\u00e9 attribu\u00e9s \u00e0 dix \u00e9v\u00e9nements, dont 189\u00a0000\u00a0euros pour le Festival des 7 collines et Paroles et musiques. Soit une enveloppe globale all\u00e9g\u00e9e de 60\u00a0000\u00a0euros par rapport \u00e0 l\u2019an dernier.<\/p>\n<p>Ce montant correspond \u00e0 la somme qui avait \u00e9t\u00e9 donn\u00e9e, en 2024, au festival de musique&#8230;<\/p>\n","protected":false},"excerpt":{"rendered":"Lors du conseil municipal, lundi 2\u00a0juin, les \u00e9lus st\u00e9phanois ont d\u00fb approuver les subventions vers\u00e9es aux diff\u00e9rents acteurs&hellip;\n","protected":false},"author":2,"featured_media":172503,"comment_status":"","ping_status":"","sticky":false,"template":"","format":"standard","meta":{"footnotes":""},"categories":[9653],"tags":[1111,11,2430,1984,7539,1777,674,107,1011,27,3367,873,12,316,25,4001,7538],"class_list":{"0":"post-172502","1":"post","2":"type-post","3":"status-publish","4":"format-standard","5":"has-post-thumbnail","7":"category-saint-etienne","8":"tag-actu","9":"tag-actualites","10":"tag-auvergne-rhone-alpes","11":"tag-conseil-municipal","12":"tag-edition-loire-sud","13":"tag-eu","14":"tag-europe","15":"tag-fil-info","16":"tag-fr","17":"tag-france","18":"tag-loire","19":"tag-musique","20":"tag-news","21":"tag-politique","22":"tag-republique-francaise","23":"tag-saint-etienne","24":"tag-saint-etienne-ville"},"share_on_mastodon":{"url":"https:\/\/pubeurope.com\/@fr\/114674203640449492","error":""},"_links":{"self":[{"href":"https:\/\/www.europesays.com\/fr\/wp-json\/wp\/v2\/posts\/172502","targetHints":{"allow":["GET"]}}],"collection":[{"href":"https:\/\/www.europesays.com\/fr\/wp-json\/wp\/v2\/posts"}],"about":[{"href":"https:\/\/www.europesays.com\/fr\/wp-json\/wp\/v2\/types\/post"}],"author":[{"embeddable":true,"href":"https:\/\/www.europesays.com\/fr\/wp-json\/wp\/v2\/users\/2"}],"replies":[{"embeddable":true,"href":"https:\/\/www.europesays.com\/fr\/wp-json\/wp\/v2\/comments?post=172502"}],"version-history":[{"count":0,"href":"https:\/\/www.europesays.com\/fr\/wp-json\/wp\/v2\/posts\/172502\/revisions"}],"wp:featuredmedia":[{"embeddable":true,"href":"https:\/\/www.europesays.com\/fr\/wp-json\/wp\/v2\/media\/172503"}],"wp:attachment":[{"href":"https:\/\/www.europesays.com\/fr\/wp-json\/wp\/v2\/media?parent=172502"}],"wp:term":[{"taxonomy":"category","embeddable":true,"href":"https:\/\/www.europesays.com\/fr\/wp-json\/wp\/v2\/categories?post=172502"},{"taxonomy":"post_tag","embeddable":true,"href":"https:\/\/www.europesays.com\/fr\/wp-json\/wp\/v2\/tags?post=172502"}],"curies":[{"name":"wp","href":"https:\/\/api.w.org\/{rel}","templated":true}]}}