{"id":172504,"date":"2025-06-13T04:37:09","date_gmt":"2025-06-13T04:37:09","guid":{"rendered":"https:\/\/www.europesays.com\/fr\/172504\/"},"modified":"2025-06-13T04:37:09","modified_gmt":"2025-06-13T04:37:09","slug":"rn88-un-nouvel-echangeur-et-un-pont-arrivent-sur-cette-autoroute-frequentee","status":"publish","type":"post","link":"https:\/\/www.europesays.com\/fr\/172504\/","title":{"rendered":"RN88. Un nouvel \u00e9changeur et un pont arrivent sur cette autoroute fr\u00e9quent\u00e9e"},"content":{"rendered":"<p>            Par<br \/>\n        <strong><br \/>\n            <a href=\"https:\/\/actu.fr\/auteur\/mathias-souteyrat\" title=\"Consulter tous les articles de Mathias Souteyrat\" target=\"_blank\" rel=\"noopener\">Mathias Souteyrat<\/a><br \/>\n        <\/strong><\/p>\n<p>        Publi\u00e9 le<\/p>\n<p>            13 juin 2025 \u00e0 6h28        <\/p>\n<p>Le demi-\u00e9changeur autoroutier de la Varizelle sur la <a href=\"https:\/\/actu.fr\/tag\/route-nationale-88-rn88\" target=\"_blank\" rel=\"noopener\">RN88<\/a> permet aujourd\u2019hui la desserte de l\u2019entr\u00e9e ouest de <a href=\"https:\/\/actu.fr\/auvergne-rhone-alpes\/saint-chamond_42207\" target=\"_blank\" rel=\"noopener\">Saint-Chamond<\/a> depuis et vers <a href=\"https:\/\/actu.fr\/auvergne-rhone-alpes\/saint-etienne_42218\" target=\"_blank\" rel=\"noopener\">Saint-\u00c9tienne<\/a>. Deux nouvelles bretelles d\u2019entr\u00e9e et de sortie orient\u00e9es vers <a href=\"https:\/\/actu.fr\/lyon\/\" target=\"_blank\" rel=\"noopener\">Lyon<\/a> vont \u00eatre cr\u00e9\u00e9es.<br \/>Date, fermeture, changement\u2026 Le point sur ces travaux importants.<\/p>\n<p>Un pont construit au-dessus de l\u2019autoroute<\/p>\n<p class=\" wall-content\">Un pont sera r\u00e9alis\u00e9 au-dessus de l\u2019autoroute pour cr\u00e9er une nouvelle liaison nord-sud et am\u00e9liorer l\u2019accessibilit\u00e9 de tous les modes de d\u00e9placement aux zones d\u2019emplois, de commerces et de loisirs de ce secteur dynamique de l\u2019agglom\u00e9ration st\u00e9phanoise.<\/p>\n<blockquote class=\"ac-article-quote wall-content\">\n<p>Le projet pr\u00e9voit \u00e9galement de nouvelles liaisons cyclables et la requalification environnementale des berges de deux cours d\u2019eau pr\u00e9sents dans les emprises. Il permettra enfin de diminuer la circulation sur la voirie locale et donc de r\u00e9duire les nuisances pour les riverains du quartier de la Varizelle.<\/p>\n<p>    <strong>Pr\u00e9fecture de la Loire<\/strong>\n            <\/p><\/blockquote>\n<p class=\" wall-content\">Apr\u00e8s plusieurs phases de travaux pr\u00e9paratoires en 2024 et d\u00e9but 2025, le d\u00e9marrage des travaux principaux de l\u2019op\u00e9ration est planifi\u00e9 pour la mi-juillet\u00a02025, pour une dur\u00e9e pr\u00e9visionnelle d\u2019un an.<\/p>\n<p class=\" wall-content\">La mise en service compl\u00e8te <strong>de l\u2019\u00e9changeur est escompt\u00e9e pour l\u2019\u00e9t\u00e9 2026.<\/strong><\/p>\n<p>Des voies neutralis\u00e9es sur l\u2019autoroute<\/p>\n<p class=\" wall-content\">Les travaux n\u00e9cessiteront, sur certaines p\u00e9riodes, des neutralisations de voies sur l\u2019autoroute et parfois des fermetures de nuit.<\/p>\n<p>Un co\u00fbt de 25 millions d&rsquo;euros<\/p>\n<p>D\u2019un co\u00fbt total estim\u00e9 \u00e0 24,9 M\u20ac, le compl\u00e9ment du demi-\u00e9changeur de la Varizelle est financ\u00e9 \u00e0 50 % par l\u2019\u00c9tat, 35 % par Saint-\u00c9tienne M\u00e9tropole et 15 % par le conseil d\u00e9partemental de la Loire. Ce projet constitue l\u2019un des piliers du programme \u00ab MobiLYSE \u00bb, qui vise \u00e0 l\u2019am\u00e9lioration des mobilit\u00e9s entre Lyon et Saint-\u00c9tienne.\u00a0<\/p>\n<p>La Direction r\u00e9gionale de l\u2019Environnement, de l\u2019Am\u00e9nagement et du Logement Auvergne-Rh\u00f4ne-Alpes (DREAL), service de l\u2019\u00c9tat en r\u00e9gion plac\u00e9 sous l\u2019autorit\u00e9 de la pr\u00e9f\u00e8te de r\u00e9gion, assure la ma\u00eetrise d\u2019ouvrage de ce projet.<\/p>\n<p>Un groupement de cinq entreprises, dont plusieurs entreprises locales, repr\u00e9sent\u00e9 par le mandataire Eiffage G\u00e9nie Civil, a \u00e9t\u00e9 retenu pour sa r\u00e9alisation.<\/p>\n<p>Voir tout<\/p>\n<p class=\" wall-content\">Ces fermetures et les itin\u00e9raires de d\u00e9viation associ\u00e9s seront annonc\u00e9s plus tard.<\/p>\n<p>D\u2019autres investissements pr\u00e9vus pour moderniser les autoroutes lig\u00e9riennes<\/p>\n<p class=\" wall-content\">D\u2019autres investissements sont \u00e9galement pr\u00e9vus ou en cours de r\u00e9alisation, annonce l\u2019\u00c9tat, pour s\u00e9curiser et moderniser l\u2019A47, l\u2019A72 et la RN88, pour d\u00e9velopper le covoiturage et les d\u00e9placements cyclables via des appels \u00e0 projets.<\/p>\n<p class=\" wall-content\">Suivez toute l\u2019actualit\u00e9 de vos villes et m\u00e9dias favoris en vous inscrivant \u00e0 <a href=\"https:\/\/moncompte.actu.fr\" title=\"D\u00e9couvez Mon Actu\" rel=\"nofollow noopener\" data-trk=\"{&quot;cta&quot;:{&quot;action&quot;:&quot;https:\\\/\\\/moncompte.actu.fr&quot;,&quot;category&quot;:&quot;mon compte&quot;,&quot;from&quot;:&quot;article footer&quot;,&quot;name&quot;:&quot;Mon actu&quot;,&quot;type&quot;:&quot;cta&quot;}}\" target=\"_blank\">Mon Actu<\/a>.<\/p>\n","protected":false},"excerpt":{"rendered":"Par Mathias Souteyrat Publi\u00e9 le 13 juin 2025 \u00e0 6h28 Le demi-\u00e9changeur autoroutier de la Varizelle sur la&hellip;\n","protected":false},"author":2,"featured_media":172505,"comment_status":"","ping_status":"","sticky":false,"template":"","format":"standard","meta":{"footnotes":""},"categories":[9653],"tags":[1111,11,2430,3542,1777,674,1011,27,12,25,18458,4001,104,2086],"class_list":{"0":"post-172504","1":"post","2":"type-post","3":"status-publish","4":"format-standard","5":"has-post-thumbnail","7":"category-saint-etienne","8":"tag-actu","9":"tag-actualites","10":"tag-auvergne-rhone-alpes","11":"tag-circulation","12":"tag-eu","13":"tag-europe","14":"tag-fr","15":"tag-france","16":"tag-news","17":"tag-republique-francaise","18":"tag-route-nationale-88-rn88","19":"tag-saint-etienne","20":"tag-societe","21":"tag-travaux"},"share_on_mastodon":{"url":"https:\/\/pubeurope.com\/@fr\/114674207516477675","error":""},"_links":{"self":[{"href":"https:\/\/www.europesays.com\/fr\/wp-json\/wp\/v2\/posts\/172504","targetHints":{"allow":["GET"]}}],"collection":[{"href":"https:\/\/www.europesays.com\/fr\/wp-json\/wp\/v2\/posts"}],"about":[{"href":"https:\/\/www.europesays.com\/fr\/wp-json\/wp\/v2\/types\/post"}],"author":[{"embeddable":true,"href":"https:\/\/www.europesays.com\/fr\/wp-json\/wp\/v2\/users\/2"}],"replies":[{"embeddable":true,"href":"https:\/\/www.europesays.com\/fr\/wp-json\/wp\/v2\/comments?post=172504"}],"version-history":[{"count":0,"href":"https:\/\/www.europesays.com\/fr\/wp-json\/wp\/v2\/posts\/172504\/revisions"}],"wp:featuredmedia":[{"embeddable":true,"href":"https:\/\/www.europesays.com\/fr\/wp-json\/wp\/v2\/media\/172505"}],"wp:attachment":[{"href":"https:\/\/www.europesays.com\/fr\/wp-json\/wp\/v2\/media?parent=172504"}],"wp:term":[{"taxonomy":"category","embeddable":true,"href":"https:\/\/www.europesays.com\/fr\/wp-json\/wp\/v2\/categories?post=172504"},{"taxonomy":"post_tag","embeddable":true,"href":"https:\/\/www.europesays.com\/fr\/wp-json\/wp\/v2\/tags?post=172504"}],"curies":[{"name":"wp","href":"https:\/\/api.w.org\/{rel}","templated":true}]}}