{"id":172512,"date":"2025-06-13T04:42:08","date_gmt":"2025-06-13T04:42:08","guid":{"rendered":"https:\/\/www.europesays.com\/fr\/172512\/"},"modified":"2025-06-13T04:42:08","modified_gmt":"2025-06-13T04:42:08","slug":"castres-emmenera-josaia-raisuqe-a-toulon","status":"publish","type":"post","link":"https:\/\/www.europesays.com\/fr\/172512\/","title":{"rendered":"Castres emm\u00e8nera Josaia Raisuqe \u00e0 Toulon"},"content":{"rendered":"<p>            Par<br \/>\n        <strong><br \/>\n            <a href=\"https:\/\/actu.fr\/auteur\/thomas-corbet-actu-fr\" title=\"Consulter tous les articles de Thomas Corbet\" rel=\"nofollow noopener\" target=\"_blank\">Thomas Corbet<\/a><br \/>\n        <\/strong><\/p>\n<p>        Publi\u00e9 le<\/p>\n<p>            13 juin 2025 \u00e0 6h30        <\/p>\n<p>Touch\u00e9 en cours de saison, le 8 mai dernier, par le <a href=\"https:\/\/actu.fr\/occitanie\/castres_81065\/le-monde-du-rugby-est-en-deuil-qui-etait-josaia-raisuqe-mort-percute-par-un-train-pres-de-castres_62611025.html\" rel=\"nofollow noopener\" target=\"_blank\">d\u00e9c\u00e8s tragique et soudain de Josaia Raisuqe<\/a>, <a href=\"https:\/\/actu.fr\/rugby\/equipe\/castres_64dd31537b8c09c4fec88161\/\" rel=\"nofollow noopener\" target=\"_blank\">Castres<\/a> se rendra \u00e0 Toulon pour le second match de <strong>barrage de Top 14<\/strong> en y emmenant son joueur disparu par la pens\u00e9e. Avant la rencontre, joueurs et staff ont eu un <strong>mot \u00e9mouvant<\/strong> pour le Fidjien.<\/p>\n<p>Castres : le souvenir de Raisuqe pr\u00e9sent \u00e0 Toulon<\/p>\n<p class=\" wall-content\">Enfon\u00e7ons une porte ouverte : c\u2019est un grand d\u00e9fi qui attend Castres sur la pelouse du stade F\u00e9lix-Mayol en match de barrage, samedi 14 juin \u00e0 21h05. Et dans ces moments-l\u00e0, il faut utiliser chaque source de motivation disponible.<\/p>\n<p class=\" wall-content\">Avoir perdu un joueur en cours de saison, dans des conditions tragiques, en fait partie.<\/p>\n<p class=\" wall-content\">\u00ab\u00a0Il n\u2019est pas mis de c\u00f4t\u00e9, on en parle un peu moins forc\u00e9ment que les 15 premiers jours, mais il est l\u00e0, il est avec nous. \u00c7a fait partie des choses sur lesquelles on essaie de construire, c\u2019est une force\u00a0\u00bb, avoue le manager Xavier Sadourny.<\/p>\n<p class=\" wall-content\">Pour le jeune demi d\u2019ouverture Louis Le Brun, la douleur doit aussi se transformer en force : \u00ab\u00a0J\u2019aurais pr\u00e9f\u00e9r\u00e9 que \u00e7a n\u2019arrive jamais. Mais ce qui est s\u00fbr, c\u2019est qu\u2019on a quelqu\u2019un avec nous en plus. On est 16, voire 17, si je compte les supporters aussi. Et on veut l\u2019amener le plus loin possible.\u00a0\u00bb<\/p>\n<p>Un groupe plus soud\u00e9 que jamais<\/p>\n<p class=\" wall-content\">Aucun membre du Castres Olympique n\u2019aura le c\u0153ur \u00e0 d\u00e9clarer qu\u2019il a vu un mal pour un bien dans la trag\u00e9die ayant caus\u00e9 le d\u00e9c\u00e8s de Josaia Raisuqe. N\u00e9anmoins, force est de constater qu\u2019un tel drame a renforc\u00e9 la coh\u00e9sion dans les rangs tarnais.<\/p>\n<p>Vid\u00e9os : en ce moment sur Actu<\/p>\n<p class=\" wall-content\">\u00ab\u00a0On lui a rendu hommage plusieurs fois. \u00c7a nous a vraiment permis de cr\u00e9er des liens avec la communaut\u00e9 fidjienne.\u00a0Je le prends plut\u00f4t comme un cadeau venu de sa part parce qu\u2019on a pass\u00e9 des moments avec les Fidjiens, chez les Fidjiens, qu\u2019en temps normal, on ne passe pas. C\u2019\u00e9tait vraiment magique de vivre ces moments-l\u00e0. J\u2019ai envie de le remercier pour \u00e7a. C\u2019est un peu son cadeau de d\u00e9part. Maintenant, il est toujours parmi nous. On pense \u00e0 lui. J\u2019esp\u00e8re qu\u2019on fera le meilleur parcours possible pour lui rendre honneur\u00a0\u00bb, souffle le 2e ligne Florent Vanverberghe.<\/p>\n<p class=\" wall-content\">\u00ab\u00a0\u00c7a nous a tous marqu\u00e9s, \u00e7a nous marquera \u00e0 vie.\u00a0 C\u2019est au-del\u00e0 du rugby, c\u2019est aussi la vie. Quand tu perds quelqu\u2019un de proche, tu es oblig\u00e9 de te resserrer \u00e0 l\u2019autre. \u00c7a nous a forg\u00e9s. On a v\u00e9cu des trucs incroyables. On a fait des soir\u00e9es avec des Fidjiens, plein de trucs comme \u00e7a.\u00a0\u00c7a nous a vraiment rapproch\u00e9s. Comme je l\u2019ai dit avant, je pr\u00e9f\u00e9rais que \u00e7a n\u2019arrive pas. Mais \u00e7a nous a permis aussi de nous retrouver et de nous ouvrir aussi\u00a0\u00bb, commence Louis Le Brun.<\/p>\n<p class=\" wall-content\">\u00ab\u00a0Parce que c\u2019est vrai que quand tu es dans un vestiaire au rugby, parfois, tu es assez ferm\u00e9 et tu ne montres pas tes \u00e9motions. Ce sont un peu des clich\u00e9s, mais c\u2019est le rugbyman. Et \u00e7a nous a permis de tous nous ouvrir et de montrer qui on \u00e9tait vraiment et ce qu\u2019on pensait vraiment\u00a0\u00bb, admet-il.<\/p>\n<p class=\" wall-content\">Suivez toute l\u2019actualit\u00e9 de vos villes et m\u00e9dias favoris en vous inscrivant \u00e0 <a href=\"https:\/\/moncompte.actu.fr\" title=\"D\u00e9couvez Mon Actu\" rel=\"nofollow noopener\" data-trk=\"{&quot;cta&quot;:{&quot;action&quot;:&quot;https:\\\/\\\/moncompte.actu.fr&quot;,&quot;category&quot;:&quot;mon compte&quot;,&quot;from&quot;:&quot;article footer&quot;,&quot;name&quot;:&quot;Mon actu&quot;,&quot;type&quot;:&quot;cta&quot;}}\" target=\"_blank\">Mon Actu<\/a>.<\/p>\n","protected":false},"excerpt":{"rendered":"Par Thomas Corbet Publi\u00e9 le 13 juin 2025 \u00e0 6h30 Touch\u00e9 en cours de saison, le 8 mai&hellip;\n","protected":false},"author":2,"featured_media":172513,"comment_status":"","ping_status":"","sticky":false,"template":"","format":"standard","meta":{"footnotes":""},"categories":[9619],"tags":[1111,11,7336,1777,674,1011,27,12,882,25,479,60,478,2310],"class_list":{"0":"post-172512","1":"post","2":"type-post","3":"status-publish","4":"format-standard","5":"has-post-thumbnail","7":"category-toulon","8":"tag-actu","9":"tag-actualites","10":"tag-castres-olympique","11":"tag-eu","12":"tag-europe","13":"tag-fr","14":"tag-france","15":"tag-news","16":"tag-provence-alpes-cote-dazur","17":"tag-republique-francaise","18":"tag-rugby","19":"tag-sports","20":"tag-top-14","21":"tag-toulon"},"share_on_mastodon":{"url":"https:\/\/pubeurope.com\/@fr\/114674227196054739","error":""},"_links":{"self":[{"href":"https:\/\/www.europesays.com\/fr\/wp-json\/wp\/v2\/posts\/172512","targetHints":{"allow":["GET"]}}],"collection":[{"href":"https:\/\/www.europesays.com\/fr\/wp-json\/wp\/v2\/posts"}],"about":[{"href":"https:\/\/www.europesays.com\/fr\/wp-json\/wp\/v2\/types\/post"}],"author":[{"embeddable":true,"href":"https:\/\/www.europesays.com\/fr\/wp-json\/wp\/v2\/users\/2"}],"replies":[{"embeddable":true,"href":"https:\/\/www.europesays.com\/fr\/wp-json\/wp\/v2\/comments?post=172512"}],"version-history":[{"count":0,"href":"https:\/\/www.europesays.com\/fr\/wp-json\/wp\/v2\/posts\/172512\/revisions"}],"wp:featuredmedia":[{"embeddable":true,"href":"https:\/\/www.europesays.com\/fr\/wp-json\/wp\/v2\/media\/172513"}],"wp:attachment":[{"href":"https:\/\/www.europesays.com\/fr\/wp-json\/wp\/v2\/media?parent=172512"}],"wp:term":[{"taxonomy":"category","embeddable":true,"href":"https:\/\/www.europesays.com\/fr\/wp-json\/wp\/v2\/categories?post=172512"},{"taxonomy":"post_tag","embeddable":true,"href":"https:\/\/www.europesays.com\/fr\/wp-json\/wp\/v2\/tags?post=172512"}],"curies":[{"name":"wp","href":"https:\/\/api.w.org\/{rel}","templated":true}]}}