{"id":172523,"date":"2025-06-13T04:50:11","date_gmt":"2025-06-13T04:50:11","guid":{"rendered":"https:\/\/www.europesays.com\/fr\/172523\/"},"modified":"2025-06-13T04:50:11","modified_gmt":"2025-06-13T04:50:11","slug":"saint-jacques-de-la-lande-les-tambours-du-maracatu-se-produisent-a-rennes","status":"publish","type":"post","link":"https:\/\/www.europesays.com\/fr\/172523\/","title":{"rendered":"Saint-Jacques-de-la-Lande. Les tambours du Maracatu se produisent \u00e0 Rennes"},"content":{"rendered":"<p>Les Jacquolandins connaissent bien Les tambours du Maracatu, l\u2019orchestre compos\u00e9 de quinze\u00a0percussionnistes et quatre\u00a0danseuses passionn\u00e9s des musiques du nord-est du Br\u00e9sil. Tous les jeudis, ils r\u00e9p\u00e8tent \u00e0 l\u2019\u00c9pi Condorcet. Leur \u00e9nergie contagieuse sera \u00e0 r\u00e9\u00e9couter ou d\u00e9couvrir lors de la quatri\u00e8me biennale de la percussion, \u00e0 Rennes, organis\u00e9e par l\u2019association rennaise La Pulse.<\/p>\n<p>Ils font partie des nombreuses formations invit\u00e9es. <strong>\u00ab\u00a0Ce sera notre quatri\u00e8me participation. L\u2019\u00e9v\u00e9nement met \u00e0 l\u2019honneur les percussions du monde, des musiques bretonnes au maracatu br\u00e9silien, en passant par les rythmes afro-cubains<\/strong>, explique St\u00e9phane Garcia, Mestre (chef) de la formation.\u00a0Lors de cette \u00e9dition nous retrouverons notamment 28\u00a0artistes venus de Fortaleza au Br\u00e9sil. Nous avons \u00e9t\u00e9 convi\u00e9s \u00e0 leur biennale en octobre dernier. Ce sont des souvenirs forts car la moiti\u00e9 de l\u2019\u00e9quipe n\u2019\u00e9tait jamais all\u00e9e au Br\u00e9sil.\u00a0<\/p>\n<p><strong>Samedi 14\u00a0juin<\/strong>, 19\u00a0h, th\u00e9\u00e2tre de Verdure du parc du Thabor \u00e0 Rennes. Concert Tambours du Maracatu. Programme\u00a0: Facebook et Instagram\u00a0: @biennale.percussion<\/p>\n<p>\u00a0<\/p>\n","protected":false},"excerpt":{"rendered":"Les Jacquolandins connaissent bien Les tambours du Maracatu, l\u2019orchestre compos\u00e9 de quinze\u00a0percussionnistes et quatre\u00a0danseuses passionn\u00e9s des musiques du&hellip;\n","protected":false},"author":2,"featured_media":172524,"comment_status":"","ping_status":"","sticky":false,"template":"","format":"standard","meta":{"footnotes":""},"categories":[2821],"tags":[1111,11,829,1777,674,1011,27,30762,12,30763,3086,584,25,18461,30761],"class_list":{"0":"post-172523","1":"post","2":"type-post","3":"status-publish","4":"format-standard","5":"has-post-thumbnail","7":"category-rennes","8":"tag-actu","9":"tag-actualites","10":"tag-bretagne","11":"tag-eu","12":"tag-europe","13":"tag-fr","14":"tag-france","15":"tag-maracatu","16":"tag-news","17":"tag-produisent","18":"tag-redon","19":"tag-rennes","20":"tag-republique-francaise","21":"tag-saint-jacques-de-la-lande","22":"tag-tambours"},"share_on_mastodon":{"url":"https:\/\/pubeurope.com\/@fr\/114674258579602645","error":""},"_links":{"self":[{"href":"https:\/\/www.europesays.com\/fr\/wp-json\/wp\/v2\/posts\/172523","targetHints":{"allow":["GET"]}}],"collection":[{"href":"https:\/\/www.europesays.com\/fr\/wp-json\/wp\/v2\/posts"}],"about":[{"href":"https:\/\/www.europesays.com\/fr\/wp-json\/wp\/v2\/types\/post"}],"author":[{"embeddable":true,"href":"https:\/\/www.europesays.com\/fr\/wp-json\/wp\/v2\/users\/2"}],"replies":[{"embeddable":true,"href":"https:\/\/www.europesays.com\/fr\/wp-json\/wp\/v2\/comments?post=172523"}],"version-history":[{"count":0,"href":"https:\/\/www.europesays.com\/fr\/wp-json\/wp\/v2\/posts\/172523\/revisions"}],"wp:featuredmedia":[{"embeddable":true,"href":"https:\/\/www.europesays.com\/fr\/wp-json\/wp\/v2\/media\/172524"}],"wp:attachment":[{"href":"https:\/\/www.europesays.com\/fr\/wp-json\/wp\/v2\/media?parent=172523"}],"wp:term":[{"taxonomy":"category","embeddable":true,"href":"https:\/\/www.europesays.com\/fr\/wp-json\/wp\/v2\/categories?post=172523"},{"taxonomy":"post_tag","embeddable":true,"href":"https:\/\/www.europesays.com\/fr\/wp-json\/wp\/v2\/tags?post=172523"}],"curies":[{"name":"wp","href":"https:\/\/api.w.org\/{rel}","templated":true}]}}