{"id":172533,"date":"2025-06-13T04:55:20","date_gmt":"2025-06-13T04:55:20","guid":{"rendered":"https:\/\/www.europesays.com\/fr\/172533\/"},"modified":"2025-06-13T04:55:20","modified_gmt":"2025-06-13T04:55:20","slug":"quelle-est-cette-nouvelle-installation-flottante-qui-va-illuminer-ce-port-pres-de-nantes","status":"publish","type":"post","link":"https:\/\/www.europesays.com\/fr\/172533\/","title":{"rendered":"Quelle est cette nouvelle installation flottante qui va illuminer ce port pr\u00e8s de Nantes ?"},"content":{"rendered":"<tr wp_automatic_readability=\"2.925\">\n<td valign=\"middle\" align=\"center\" class=\"col-logo\">\n    <img decoding=\"async\" src=\"https:\/\/www.europesays.com\/fr\/wp-content\/uploads\/2025\/04\/presse-ocean.gif\" alt=\"logo Presse-Oc\u00e9an\" height=\"66\"\/><\/p>\n<\/td>\n<td class=\"col-titre\">\n\t\t\tJeudi 12 juin 2025 15:15<br \/>\n\t\t\t<a class=\"icon-bulle sizeL count\" href=\"#ancreAvis\"><br \/>\n\t&#8230;<br \/>\n<\/a><\/td>\n<\/tr>\n<p>\t\t<a class=\"mavillebox2 elmt-photo\" href=\"https:\/\/maville.com\/photosmvi\/2025\/06\/12\/P35286246D6850485G.jpg\" title=\" Le port suc\u00e9en s&#039;appr\u00eate \u00e0 accueillir la nouvelle installation estivale  \u00a9  Photo Ville de Suc\u00e9-sur-Erdre  &lt;!--TAG-BLC credit--&gt;\" rel=\"galerie_actu noopener\" target=\"_blank\"><br \/>\n\t<img decoding=\"async\" src=\"https:\/\/www.europesays.com\/fr\/wp-content\/uploads\/2025\/06\/P35286246D6850485G_crop_640-330_.jpg\" alt=\"photo  le port suc\u00e9en s'appr\u00eate \u00e0 accueillir la nouvelle installation estivale  \u00a9  photo ville de suc\u00e9-sur-erdre \"\/><br \/>\n\t1<br \/>\n<\/a><\/p>\n<p class=\"elmt-legende\"> Le port suc\u00e9en s&rsquo;appr\u00eate \u00e0 accueillir la nouvelle installation estivale  \u00a9  Photo Ville de Suc\u00e9-sur-Erdre  <\/p>\n<p>\t\tDu 13\u00a0juin au 13\u00a0septembre, les passants vont pouvoir admirer \u00ab\u00a0Les Nymph\u00e9as\u00a0\u00bb, la nouvelle installation flottante estivale dans le port de Suc\u00e9-sur-Erdre. Les trois n\u00e9nuphars se pareront de couleurs \u00e0 la tomb\u00e9e de la nuit.<\/p>\n<p><b>Cet article est r\u00e9serv\u00e9 aux abonn\u00e9s<\/b><\/p>\n<p>Pour un acc\u00e8s imm\u00e9diat, abonnez-vous<\/p>\n<p><b>1\u00e8re semaine offerte<\/b><\/p>\n<p>\t\tPresse-Oc\u00e9an<\/p>\n<p>Retrouvez d&rsquo;autres actus sur la commune de :<\/p>\n<p>\t\t&#13;<\/p>\n","protected":false},"excerpt":{"rendered":"Jeudi 12 juin 2025 15:15 &#8230; 1 Le port suc\u00e9en s&rsquo;appr\u00eate \u00e0 accueillir la nouvelle installation estivale \u00a9&hellip;\n","protected":false},"author":2,"featured_media":172534,"comment_status":"","ping_status":"","sticky":false,"template":"","format":"standard","meta":{"footnotes":""},"categories":[2818],"tags":[1111,11,1777,674,30764,1011,27,16334,8093,766,12,2043,2636,5159,3762,25],"class_list":{"0":"post-172533","1":"post","2":"type-post","3":"status-publish","4":"format-standard","5":"has-post-thumbnail","7":"category-nantes","8":"tag-actu","9":"tag-actualites","10":"tag-eu","11":"tag-europe","12":"tag-flottante","13":"tag-fr","14":"tag-france","15":"tag-illuminer","16":"tag-installation","17":"tag-nantes","18":"tag-news","19":"tag-nouvelle","20":"tag-pays-de-la-loire","21":"tag-port","22":"tag-pres","23":"tag-republique-francaise"},"share_on_mastodon":{"url":"https:\/\/pubeurope.com\/@fr\/114674278320876247","error":""},"_links":{"self":[{"href":"https:\/\/www.europesays.com\/fr\/wp-json\/wp\/v2\/posts\/172533","targetHints":{"allow":["GET"]}}],"collection":[{"href":"https:\/\/www.europesays.com\/fr\/wp-json\/wp\/v2\/posts"}],"about":[{"href":"https:\/\/www.europesays.com\/fr\/wp-json\/wp\/v2\/types\/post"}],"author":[{"embeddable":true,"href":"https:\/\/www.europesays.com\/fr\/wp-json\/wp\/v2\/users\/2"}],"replies":[{"embeddable":true,"href":"https:\/\/www.europesays.com\/fr\/wp-json\/wp\/v2\/comments?post=172533"}],"version-history":[{"count":0,"href":"https:\/\/www.europesays.com\/fr\/wp-json\/wp\/v2\/posts\/172533\/revisions"}],"wp:featuredmedia":[{"embeddable":true,"href":"https:\/\/www.europesays.com\/fr\/wp-json\/wp\/v2\/media\/172534"}],"wp:attachment":[{"href":"https:\/\/www.europesays.com\/fr\/wp-json\/wp\/v2\/media?parent=172533"}],"wp:term":[{"taxonomy":"category","embeddable":true,"href":"https:\/\/www.europesays.com\/fr\/wp-json\/wp\/v2\/categories?post=172533"},{"taxonomy":"post_tag","embeddable":true,"href":"https:\/\/www.europesays.com\/fr\/wp-json\/wp\/v2\/tags?post=172533"}],"curies":[{"name":"wp","href":"https:\/\/api.w.org\/{rel}","templated":true}]}}