{"id":172543,"date":"2025-06-13T05:00:21","date_gmt":"2025-06-13T05:00:21","guid":{"rendered":"https:\/\/www.europesays.com\/fr\/172543\/"},"modified":"2025-06-13T05:00:21","modified_gmt":"2025-06-13T05:00:21","slug":"toulouse-une-nouvelle-salle-de-concert-ouvre-au-centre-ville-voici-le-projet","status":"publish","type":"post","link":"https:\/\/www.europesays.com\/fr\/172543\/","title":{"rendered":"Toulouse. Une nouvelle salle de concert ouvre au centre-ville : voici le projet"},"content":{"rendered":"<p>            Par<br \/>\n        <strong><br \/>\n            <a href=\"https:\/\/actu.fr\/auteur\/gabriel-kenedi\" title=\"Consulter tous les articles de Gabriel Kenedi\" rel=\"nofollow noopener\" target=\"_blank\">Gabriel Kenedi<\/a><br \/>\n        <\/strong><\/p>\n<p>        Publi\u00e9 le<\/p>\n<p>            13 juin 2025 \u00e0 6h44        <\/p>\n<p>Surprise ! \u00c0 <strong>Toulouse<\/strong>, l\u2019embl\u00e9matique <strong>caf\u00e9 des Tilleuls<\/strong> est notamment connu pour sa jolie et accueillante terrasse\u2026 Mais il le sera aussi tr\u00e8s bient\u00f4t pour sa <a href=\"https:\/\/actu.fr\/toulouse\/loisirs-culture\" rel=\"nofollow noopener\" target=\"_blank\">nouvelle salle de concert<\/a> qui s\u2019appr\u00eate \u00e0 ouvrir, d\u00e8s ce vendredi 13 juin 2025.\u00a0<\/p>\n<p>Une nouvelle salle au centre-ville\u00a0<\/p>\n<p class=\" wall-content\">Depuis qu\u2019ils ont rachet\u00e9<strong> ce bistrot de quartier <\/strong>il y a environ un an et demi, les trois associ\u00e9s des Tilleuls, Maxime Azam, Timoth\u00e9e Henry, Sacha Raffy, travaillent dans l\u2019ombre sur cet <strong>ambitieux projet<\/strong> : cr\u00e9er une petite salle de concert\/club dans un local attenant au bistrot.\u00a0<\/p>\n<p class=\" wall-content\">\u00ab\u00a0On avait cette envie de cr\u00e9er <strong>une nouvelle salle \u00e0 Toulouse <\/strong>et de proposer une programmation \u00e9clectique. Beaucoup de travaux ont \u00e9t\u00e9 faits en termes d\u2019insonorisation, notamment, pour accueillir le public dans de bonnes conditions !\u00a0\u00bb, explique Maxime \u00e0 Actu Toulouse.\u00a0<\/p>\n<p>Une centaine de places pour Tilleuls Sound System\u00a0<\/p>\n<p class=\" wall-content\">Cette salle, qui s\u2019appelle pour le moment <strong>Tilleuls Sound System <\/strong>(le nom est provisoire), dispose d\u2019une capacit\u00e9 <strong>d\u2019une centaine de places<\/strong>\u2026 et d\u00e8s ce vendredi, puis durant tout l\u2019\u00e9t\u00e9, elle accueillera des concerts et des soir\u00e9es club.\u00a0<\/p>\n<p>Vid\u00e9os : en ce moment sur Actu<\/p>\n<p class=\" wall-content\">\u00ab\u00a0Cet \u00e9t\u00e9, <strong>tous les \u00e9v\u00e8nements seront gratuits<\/strong>. L\u2019id\u00e9e, c\u2019est de<strong> tester le format<\/strong> pendant un mois et demi et d\u2019avoir les retours du public ou des artistes pour pouvoir faire des ajustements si besoin\u00a0\u00bb.\u00a0<\/p>\n<blockquote class=\"ac-article-quote wall-content\">\n<p>\u00ab\u00a0On veut faire une salle de concert un peu diff\u00e9rent de ce qu&rsquo;on a l&rsquo;habitude de voir. Il y a un esprit tr\u00e8s convivial aux Tilleuls, et on veut absolument conserver \u00e7a ! On ne s&rsquo;interdit pas grand-chose, mais on va \u00e9videmment s&rsquo;appuyer sur la sc\u00e8ne locale, c&rsquo;est tr\u00e8s important pour nous !\u00a0\u00bb\u00a0<\/p>\n<p>    <strong>Maxime Azam<\/strong>\n            <\/p><\/blockquote>\n<p class=\" wall-content\">Voici la programmation :\u00a0<\/p>\n<p class=\" wall-content\"><a href=\"https:\/\/www.instagram.com\/p\/DKg8g3Rsien\/embed\" title=\"Ouvrir le lien sur Instagram\" rel=\"nofollow noopener\" target=\"_blank\">Visualiser le contenu sur Instagram<\/a><\/p>\n<p>Un nouveau nom \u00e0 la rentr\u00e9e\u00a0<\/p>\n<p class=\" wall-content\">\u00ab\u00a0L\u2019id\u00e9e du lieu, c\u2019est de faire cohabiter tous les espaces des Tilleuls. Le bistrot de quartier restera <strong>ouvert du matin jusqu\u2019au soir <\/strong>et on pourra aller d\u2019un espace \u00e0 l\u2019autre\u00a0\u00bb, reprend Maxime Azam. Et ce n\u2019est pas tout.<\/p>\n<p class=\" wall-content\">Apr\u00e8s cette phase de pr\u00e9figuration, qui durera donc cet \u00e9t\u00e9, la salle de concert prendra v\u00e9ritablement son envol \u00e0 partir de la rentr\u00e9e de septembre, avec<strong> un nouveau nom<\/strong> et une <strong>nouvelle identit\u00e9 visuelle.<\/strong>.. Mais en attendant, longue vie \u00e0 Tilleuls Sound System !<\/p>\n<p>Plusieurs salles cr\u00e9\u00e9es en quelques mois \u00e0 Toulouse<\/p>\n<p>L&rsquo;arriv\u00e9e de cette salle de poche, situ\u00e9e \u00e0 proximit\u00e9 de l&rsquo;hypercentre, vient donc apporter une nouvelle offre \u00e0 Toulouse, alors que le secteurs des salles de spectacles est en profonde restructuration. Ces derniers mois, outre Tilleuls Sound System, plusieurs salles ont vu le jour, comme La Cabane \u00e0 la Cartoucherie, ou Interference \u00e0 Balma. Si au centre-ville, le Connexion a ferm\u00e9, la p\u00e9niche du Cri de la Mouette a quant \u00e0 elle \u00e9t\u00e9 rachet\u00e9e. \u00a0<\/p>\n<p class=\" wall-content\">Suivez toute l\u2019actualit\u00e9 de vos villes et m\u00e9dias favoris en vous inscrivant \u00e0 <a href=\"https:\/\/moncompte.actu.fr\" title=\"D\u00e9couvez Mon Actu\" rel=\"nofollow noopener\" data-trk=\"{&quot;cta&quot;:{&quot;action&quot;:&quot;https:\\\/\\\/moncompte.actu.fr&quot;,&quot;category&quot;:&quot;mon compte&quot;,&quot;from&quot;:&quot;article footer&quot;,&quot;name&quot;:&quot;Mon actu&quot;,&quot;type&quot;:&quot;cta&quot;}}\" target=\"_blank\">Mon Actu<\/a>.<\/p>\n<p>                    <script async src=\"\/\/www.instagram.com\/embed.js\"><\/script><\/p>\n","protected":false},"excerpt":{"rendered":"Par Gabriel Kenedi Publi\u00e9 le 13 juin 2025 \u00e0 6h44 Surprise ! \u00c0 Toulouse, l\u2019embl\u00e9matique caf\u00e9 des Tilleuls&hellip;\n","protected":false},"author":2,"featured_media":172544,"comment_status":"","ping_status":"","sticky":false,"template":"","format":"standard","meta":{"footnotes":""},"categories":[2816],"tags":[1111,11,1777,674,1011,27,1652,12,2680,25,1341,2312],"class_list":{"0":"post-172543","1":"post","2":"type-post","3":"status-publish","4":"format-standard","5":"has-post-thumbnail","7":"category-toulouse","8":"tag-actu","9":"tag-actualites","10":"tag-eu","11":"tag-europe","12":"tag-fr","13":"tag-france","14":"tag-loisirs-culture","15":"tag-news","16":"tag-occitanie","17":"tag-republique-francaise","18":"tag-sortir-a-toulouse","19":"tag-toulouse"},"share_on_mastodon":{"url":"https:\/\/pubeurope.com\/@fr\/114674298312030924","error":""},"_links":{"self":[{"href":"https:\/\/www.europesays.com\/fr\/wp-json\/wp\/v2\/posts\/172543","targetHints":{"allow":["GET"]}}],"collection":[{"href":"https:\/\/www.europesays.com\/fr\/wp-json\/wp\/v2\/posts"}],"about":[{"href":"https:\/\/www.europesays.com\/fr\/wp-json\/wp\/v2\/types\/post"}],"author":[{"embeddable":true,"href":"https:\/\/www.europesays.com\/fr\/wp-json\/wp\/v2\/users\/2"}],"replies":[{"embeddable":true,"href":"https:\/\/www.europesays.com\/fr\/wp-json\/wp\/v2\/comments?post=172543"}],"version-history":[{"count":0,"href":"https:\/\/www.europesays.com\/fr\/wp-json\/wp\/v2\/posts\/172543\/revisions"}],"wp:featuredmedia":[{"embeddable":true,"href":"https:\/\/www.europesays.com\/fr\/wp-json\/wp\/v2\/media\/172544"}],"wp:attachment":[{"href":"https:\/\/www.europesays.com\/fr\/wp-json\/wp\/v2\/media?parent=172543"}],"wp:term":[{"taxonomy":"category","embeddable":true,"href":"https:\/\/www.europesays.com\/fr\/wp-json\/wp\/v2\/categories?post=172543"},{"taxonomy":"post_tag","embeddable":true,"href":"https:\/\/www.europesays.com\/fr\/wp-json\/wp\/v2\/tags?post=172543"}],"curies":[{"name":"wp","href":"https:\/\/api.w.org\/{rel}","templated":true}]}}