{"id":172545,"date":"2025-06-13T05:02:15","date_gmt":"2025-06-13T05:02:15","guid":{"rendered":"https:\/\/www.europesays.com\/fr\/172545\/"},"modified":"2025-06-13T05:02:15","modified_gmt":"2025-06-13T05:02:15","slug":"en-images-a-lille-limpressionnante-metamorphose-de-la-banque-scalbert-dupont-en-hotel-spa-4-etoiles","status":"publish","type":"post","link":"https:\/\/www.europesays.com\/fr\/172545\/","title":{"rendered":"EN IMAGES. \u00c0 Lille, l&rsquo;impressionnante m\u00e9tamorphose de la banque Scalbert-Dupont en h\u00f4tel-spa 4 \u00e9toiles"},"content":{"rendered":"<p>            Par<br \/>\n        <strong><br \/>\n            <a href=\"https:\/\/actu.fr\/auteur\/hervine-mahaud\" title=\"Consulter tous les articles de Hervine Mahaud\" target=\"_blank\" rel=\"noopener\">Hervine Mahaud<\/a><br \/>\n        <\/strong><\/p>\n<p>        Publi\u00e9 le<\/p>\n<p>            13 juin 2025 \u00e0 6h08        <\/p>\n<p>Une plong\u00e9e dans le <b>patrimoine architectural lillois<\/b>, et un plongeon (litt\u00e9ralement) dans l\u2019ancienne salle des coffres. Au <b>37 rue du Molinel \u00e0 Lille<\/b>, <a href=\"https:\/\/actu.fr\/hauts-de-france\/lille_59350\/a-lille-la-banque-scalbert-dupont-va-etre-transformee-en-hotel-4-etoiles_52007342.html\" target=\"_blank\" rel=\"noopener\">l\u2019ancienne banque Scalbert-Dupont s\u2019est transform\u00e9e en un h\u00f4tel 4*<\/a> : <b>l\u2019Oceania Les Augustins<\/b>. <b>Plus de deux ans de travaux<\/b> ont \u00e9t\u00e9 n\u00e9cessaires pour r\u00e9aliser la <b>m\u00e9tamorphose de ce b\u00e2timent embl\u00e9matique<\/b>. C\u2019est d\u00e9sormais <b>87 chambres<\/b> et suites, un <b>bar-restaurant<\/b> ouvert \u00e0 tous, un <b>espace bien-\u00eatre avec piscine int\u00e9rieure, sauna, salles de soins et massages<\/b> qu\u2019on retrouve dans l\u2019\u00e9difice.<\/p>\n<p>Une b\u00e2tisse historique pr\u00e9serv\u00e9e et modernis\u00e9e<\/p>\n<p class=\" wall-content\">Construit en 1929, le b\u00e2timent est un t\u00e9moin de l\u2019<b>architecture Art d\u00e9co lilloise<\/b>. <b>Verri\u00e8re magistrale en \u00ab\u00a0culs de bouteille\u00a0\u00bb<\/b>, escalier monumental, hauteur sous plafond vertigineuse\u2026 Tous ces \u00e9l\u00e9ments ont \u00e9t\u00e9 soigneusement restaur\u00e9s et int\u00e9gr\u00e9s \u00e0 un nouvel ensemble pens\u00e9 comme un lieu de vie.<\/p>\n<p>    <img   decoding=\"async\" loading=\"lazy\" class=\"size-large\" src=\"https:\/\/www.europesays.com\/fr\/wp-content\/uploads\/2025\/06\/4f221b1bea48643321b1bea4817321v-960x640.jpg\" alt=\"Le lobby et l'espace bar ne font qu'un.\" width=\"960\" height=\"640\"\/><br \/>\n    Le lobby de l\u2019h\u00f4tel et l\u2019espace bar ne font qu\u2019un. \u00a9Hervine Mahaud<\/p>\n<p class=\" wall-content\"><b>L\u2019ancien si\u00e8ge de la banque Scalbert-Dupont<\/b> a servi d\u2019inspiration au groupe h\u00f4telier Oceania pour sa direction artistique. \u00ab\u00a0L\u2019univers de la banque a \u00e9t\u00e9 notre fil conducteur pour imaginer toute la d\u00e9coration\u00a0\u00bb, explique Rozenn Branellec Dumon, directrice g\u00e9n\u00e9rale du groupe.<\/p>\n<p>    <img   decoding=\"async\" loading=\"lazy\" class=\"size-large\" src=\"https:\/\/www.europesays.com\/fr\/wp-content\/uploads\/2025\/06\/43715ed8ea48638715ed8ea48ac715v-960x640.jpg\" alt=\"L'une des suites de l'h\u00f4tel, avec la ferronnerie embl\u00e9matique aux fen\u00eatres du b\u00e2timent.\" width=\"960\" height=\"640\"\/><br \/>\n    L\u2019une des suites de l\u2019h\u00f4tel, avec la ferronnerie embl\u00e9matique aux fen\u00eatres du b\u00e2timent. \u00a9Hervine Mahaud<br \/>\n    <img   decoding=\"async\" loading=\"lazy\" class=\"size-large\" src=\"https:\/\/www.europesays.com\/fr\/wp-content\/uploads\/2025\/06\/35c96ed8ea48679c96ed8ea484dc96v-960x640.jpg\" alt=\"Des chambres cosys et des matelas tr\u00e8s confortables.\" width=\"960\" height=\"640\"\/><br \/>\n    Des chambres cosys et des matelas tr\u00e8s confortables. \u00a9Hervine Mahaud<\/p>\n<p class=\" wall-content\">Des tons vert, laiton et marbre, conjugu\u00e9s \u00e0 des mati\u00e8res telles que le velours ou les tissus boucl\u00e9s pour apporter une touche chaleureuse, notamment dans les chambres.\u00a0<\/p>\n<p class=\" wall-content\">\u00c7a et l\u00e0, on s\u2019amuse en voyant les petits clins d\u2019\u0153il \u00e0 l\u2019univers bancaire : une fl\u00e8che en forme de cl\u00e9, le bar central reprenant les codes d\u2019un guichet de banque, des tirelires \u00e0 casser\u2026 \u00ab\u00a0On a pens\u00e9 tous les d\u00e9tails !\u00a0\u00bb<\/p>\n<p>Nager au milieu des coffres forts<\/p>\n<p class=\" wall-content\">Le clou du spectacle se situe au niveau -1, dans l\u2019ancienne salle des coffres. On y trouve d\u00e9sormais <b>un espace bien-\u00eatre avec piscine int\u00e9rieure, sauna, salle de soins et massages<\/b>. \u00ab\u00a0Quand on a visit\u00e9 le lieu pour la premi\u00e8re fois, j\u2019ai tout de suite su qu\u2019on b\u00e2tirai la piscine ici.\u00a0\u00bb Et malgr\u00e9 les contraintes techniques, cette prouesse a pu \u00eatre r\u00e9alis\u00e9e.<\/p>\n<p>    <img   decoding=\"async\" loading=\"lazy\" class=\"size-large\" src=\"https:\/\/www.europesays.com\/fr\/wp-content\/uploads\/2025\/06\/a5a75ed8ea48667b75ed8ea482cb75v-960x640.jpg\" alt=\"L'ancienne salle des coffres s'est transform\u00e9e en piscine.\" width=\"960\" height=\"640\"\/><br \/>\n    L\u2019ancienne salle des coffres s\u2019est transform\u00e9e en piscine. \u00a9Hervine Mahaud<\/p>\n<p class=\" wall-content\">Les anciens coffres forts sont dor\u00e9navant mis en sc\u00e8ne comme autant de reliques, donnant une tonalit\u00e9 <b>luxueuse<\/b> \u00e0 cet espace.<\/p>\n<p>Un h\u00f4tel aussi pour les Lillois<\/p>\n<p class=\" wall-content\">Install\u00e9 \u00e0 l\u2019angle de la <b>rue du Molinel<\/b> et de la <b>rue des Augustins<\/b>, \u00e0 deux pas des gares et des grandes art\u00e8res commer\u00e7antes, l\u2019h\u00f4tel coche aussi la case <b>emplacement strat\u00e9gique<\/b>. Et participe \u00e0 sa mani\u00e8re \u00e0 la <b>revitalisation du centre-ville<\/b>, en faisant revivre un lieu rest\u00e9 vide pendant plusieurs ann\u00e9es.<\/p>\n<p class=\" wall-content\">L\u2019\u00e9tablissement a vocation \u00e0 s\u00e9duire une <b>client\u00e8le business autant que loisirs<\/b>, mais\u00a0s\u2019ouvre aussi aux Lillois, qui y sont les bienvenus.<\/p>\n<p class=\" wall-content\">\u00ab\u00a0Une dame qui habite juste en face nous a dit qu\u2019elle avait h\u00e2te qu\u2019on ouvre pour venir s\u2019\u00e9vader. Car il n\u2019y a pas forc\u00e9ment besoin de prendre l\u2019avion pour cela. <b>Se faire chouchouter \u00e0 l\u2019h\u00f4tel, c\u2019est aussi une forme d\u2019\u00e9vasion<\/b>\u00ab\u00a0, rel\u00e8ve Rozenn Branellec Dumon.<\/p>\n<p>    <img   decoding=\"async\" loading=\"lazy\" class=\"size-large\" src=\"https:\/\/www.europesays.com\/fr\/wp-content\/uploads\/2025\/06\/cd265ed8ea486b1365ed8ea48a5365v-960x640.jpg\" alt=\"Le bar de l'h\u00f4tel repose sous l'impressionnante verri\u00e8re ovale.\" width=\"960\" height=\"640\"\/><br \/>\n    Le bar de l\u2019h\u00f4tel repose sous l\u2019impressionnante verri\u00e8re ovale. \u00a9Hervine Mahaud<\/p>\n<p class=\" wall-content\"><b>Le bar et le restaurant sont ainsi ouverts \u00e0 tous<\/b>, pour prendre un verre sous la verri\u00e8re, d\u00e9jeuner ou d\u00eener. De m\u00eame que l\u2019espace spa n\u2019est pas r\u00e9serv\u00e9 qu\u2019aux clients de l\u2019h\u00f4tel : il est possible de r\u00e9server un soin sans avoir une chambre.<\/p>\n<p class=\" wall-content\">L\u2019h\u00f4tel annonce travailler sur une <b>programmation \u00e9v\u00e9nementielle<\/b> pour les prochains mois. Il y aura par ailleurs un <b>brunch<\/b> propos\u00e9 \u00e0 partir de la rentr\u00e9e, et m\u00eame des offres coupl\u00e9es brunch et soin. Une id\u00e9e \u00e0 retenir pour s\u2019offrir un petit plaisir dans un cadre \u00e0 la fois grandiose et atypique.<\/p>\n<p class=\" wall-content\">Suivez toute l\u2019actualit\u00e9 de vos villes et m\u00e9dias favoris en vous inscrivant \u00e0 <a href=\"https:\/\/moncompte.actu.fr\" title=\"D\u00e9couvez Mon Actu\" rel=\"nofollow noopener\" data-trk=\"{&quot;cta&quot;:{&quot;action&quot;:&quot;https:\\\/\\\/moncompte.actu.fr&quot;,&quot;category&quot;:&quot;mon compte&quot;,&quot;from&quot;:&quot;article footer&quot;,&quot;name&quot;:&quot;Mon actu&quot;,&quot;type&quot;:&quot;cta&quot;}}\" target=\"_blank\">Mon Actu<\/a>.<\/p>\n<ul class=\"ac-article-tag wall-content\">\n<li><a href=\"https:\/\/actu.fr\/tag\/nouveaux-commerces\" data-trk=\"{&quot;cta&quot;:{&quot;action&quot;:&quot;Nouveaux commerces&quot;,&quot;category&quot;:&quot;tag&quot;,&quot;from&quot;:&quot;article footer&quot;,&quot;name&quot;:&quot;Nouveaux commerces&quot;,&quot;type&quot;:&quot;cta&quot;}}\" target=\"_blank\" rel=\"noopener\">#Nouveaux commerces<\/a><\/li>\n<li><a href=\"https:\/\/actu.fr\/tag\/travaux\" data-trk=\"{&quot;cta&quot;:{&quot;action&quot;:&quot;Travaux&quot;,&quot;category&quot;:&quot;tag&quot;,&quot;from&quot;:&quot;article footer&quot;,&quot;name&quot;:&quot;Travaux&quot;,&quot;type&quot;:&quot;cta&quot;}}\" target=\"_blank\" rel=\"noopener\">#Travaux<\/a><\/li>\n<\/ul>\n","protected":false},"excerpt":{"rendered":"Par Hervine Mahaud Publi\u00e9 le 13 juin 2025 \u00e0 6h08 Une plong\u00e9e dans le patrimoine architectural lillois, et&hellip;\n","protected":false},"author":2,"featured_media":172546,"comment_status":"","ping_status":"","sticky":false,"template":"","format":"standard","meta":{"footnotes":""},"categories":[2815],"tags":[1111,11,33,1777,674,1011,27,811,1307,12,3147,25,2086],"class_list":{"0":"post-172545","1":"post","2":"type-post","3":"status-publish","4":"format-standard","5":"has-post-thumbnail","7":"category-lille","8":"tag-actu","9":"tag-actualites","10":"tag-economie","11":"tag-eu","12":"tag-europe","13":"tag-fr","14":"tag-france","15":"tag-hauts-de-france","16":"tag-lille","17":"tag-news","18":"tag-nouveaux-commerces","19":"tag-republique-francaise","20":"tag-travaux"},"share_on_mastodon":{"url":"https:\/\/pubeurope.com\/@fr\/114674306031564161","error":""},"_links":{"self":[{"href":"https:\/\/www.europesays.com\/fr\/wp-json\/wp\/v2\/posts\/172545","targetHints":{"allow":["GET"]}}],"collection":[{"href":"https:\/\/www.europesays.com\/fr\/wp-json\/wp\/v2\/posts"}],"about":[{"href":"https:\/\/www.europesays.com\/fr\/wp-json\/wp\/v2\/types\/post"}],"author":[{"embeddable":true,"href":"https:\/\/www.europesays.com\/fr\/wp-json\/wp\/v2\/users\/2"}],"replies":[{"embeddable":true,"href":"https:\/\/www.europesays.com\/fr\/wp-json\/wp\/v2\/comments?post=172545"}],"version-history":[{"count":0,"href":"https:\/\/www.europesays.com\/fr\/wp-json\/wp\/v2\/posts\/172545\/revisions"}],"wp:featuredmedia":[{"embeddable":true,"href":"https:\/\/www.europesays.com\/fr\/wp-json\/wp\/v2\/media\/172546"}],"wp:attachment":[{"href":"https:\/\/www.europesays.com\/fr\/wp-json\/wp\/v2\/media?parent=172545"}],"wp:term":[{"taxonomy":"category","embeddable":true,"href":"https:\/\/www.europesays.com\/fr\/wp-json\/wp\/v2\/categories?post=172545"},{"taxonomy":"post_tag","embeddable":true,"href":"https:\/\/www.europesays.com\/fr\/wp-json\/wp\/v2\/tags?post=172545"}],"curies":[{"name":"wp","href":"https:\/\/api.w.org\/{rel}","templated":true}]}}