{"id":17255,"date":"2025-04-11T12:18:19","date_gmt":"2025-04-11T12:18:19","guid":{"rendered":"https:\/\/www.europesays.com\/fr\/17255\/"},"modified":"2025-04-11T12:18:19","modified_gmt":"2025-04-11T12:18:19","slug":"a-nantes-il-y-a-une-degradation-au-niveau-de-la-securite-mais-les-choses-sameliorent-selon-ayrault-2","status":"publish","type":"post","link":"https:\/\/www.europesays.com\/fr\/17255\/","title":{"rendered":"A Nantes, \u00ab il y a une d\u00e9gradation au niveau de la s\u00e9curit\u00e9 \u00bb mais \u00ab les choses s\u2019am\u00e9liorent \u00bb, selon Ayrault"},"content":{"rendered":"<p><strong>Soci\u00e9t\u00e9 &#8211; Invit\u00e9 de \u00ab Face aux Territoires \u00bb sur TV5 Monde jeudi, Jean-Marc Ayrault, ancien maire de Nantes, est revenu sur la nouvelle r\u00e9putation qui colle \u00e0 la ville et son \u00ab climat d\u2019ins\u00e9curit\u00e9 \u00bb<\/strong><\/p>\n<p>Avant la crise du Covid, <a href=\"https:\/\/www.lemonde.fr\/campus\/article\/2019\/02\/28\/jeunes-cadres-les-nantisiens-ces-ex-parisiens-en-quete-d-une-vie-meilleure-a-nantes_5429252_4401467.html\" rel=\"nofollow noopener\" target=\"_blank\" data-ylk=\"slk:on parlait des Nantisiens;elm:context_link;itc:0;sec:content-canvas\" class=\"link \">on parlait des Nantisiens<\/a>. Des quoi ? Ces Parisiens qui ont quitt\u00e9 la capitale pour s\u2019installer \u00e0 Nantes et profiter de la qualit\u00e9 de vie sur les bords de l\u2019Erdre. Depuis, la ville est devenue <a href=\"https:\/\/www.ouest-france.fr\/pays-de-la-loire\/nantes-44000\/nantes-on-ny-va-jamais-a-blain-ces-habitants-fuient-la-metropole-fe316f22-0727-11f0-b36c-40f949dc6455\" rel=\"nofollow noopener\" target=\"_blank\" data-ylk=\"slk:un nouveau Chicago, selon certains;elm:context_link;itc:0;sec:content-canvas\" class=\"link \">un nouveau Chicago, selon certains<\/a>. On exag\u00e8re, direz-vous. Pas tant que cela quand des cha\u00eenes t\u00e9l\u00e9 y posent r\u00e9guli\u00e8rement leur cam\u00e9ra pour \u00e9voquer le sujet (peut-\u00eatre le tropisme nantais du pr\u00e9sentateur). Ce <a href=\"https:\/\/www.20minutes.fr\/societe\/4009967-20221115-securite-nantes-malgre-serie-noire-resultats-encourageants-depuis-rentree\" rel=\"nofollow noopener\" target=\"_blank\" data-ylk=\"slk:climat d\u2019ins\u00e9curit\u00e9;elm:context_link;itc:0;sec:content-canvas\" class=\"link \">climat d\u2019ins\u00e9curit\u00e9<\/a> de Nantes est-il justifi\u00e9 ?<\/p>\n<p>Ex-maire de la ville de 1989 \u00e0 2012, <a href=\"https:\/\/www.20minutes.fr\/dossier\/jean-marc_ayrault\" rel=\"nofollow noopener\" target=\"_blank\" data-ylk=\"slk:Jean-Marc Ayrault;elm:context_link;itc:0;sec:content-canvas\" class=\"link \">Jean-Marc Ayrault<\/a> le reconna\u00eet : \u00ab Il y a des difficult\u00e9s qui ne sont pas sp\u00e9cifiques \u00e0 <a href=\"https:\/\/www.20minutes.fr\/nantes\/\" rel=\"nofollow noopener\" target=\"_blank\" data-ylk=\"slk:Nantes;elm:context_link;itc:0;sec:content-canvas\" class=\"link \">Nantes <\/a>mais qui sont r\u00e9elles. Il y a une d\u00e9gradation au niveau de la s\u00e9curit\u00e9 et surtout li\u00e9e au d\u00e9veloppement du narcotrafic, c\u2019est une vraie plaie nationale. \u00bb<\/p>\n<p>INter<\/p>\n<p>L\u2019examen de la <a href=\"https:\/\/www.20minutes.fr\/politique\/4119495-20241104-narcotrafic-urgence-politique-elus-locaux-souvent-crans-demunis\" rel=\"nofollow noopener\" target=\"_blank\" data-ylk=\"slk:loi sur le narcotrafic;elm:context_link;itc:0;sec:content-canvas\" class=\"link \">loi sur le narcotrafic<\/a> actuellement \u00e0 l\u2019Assembl\u00e9e nationale satisfait l\u2019ancien Premier ministre. \u00ab C\u2019est une bonne chose, dit-il. Il faut se donner les moyens de r\u00e9agir. \u00bb Avant de r\u00e9axer la conversation sur les bords de l\u2019Erdre : \u00ab La ville de Nantes, dirig\u00e9e par Johanna Rolland, fait son maximum en lien avec l\u2019Etat, qui joue aussi son r\u00f4le, avec le pr\u00e9fet et la police nationale de fa\u00e7on assez efficace. Les choses s\u2019am\u00e9liorent en mati\u00e8re de s\u00e9curit\u00e9. On n\u2019est pas encore au bout du compte. Quand je regarde le classement de Nantes en mati\u00e8re d&rsquo;ins\u00e9curit\u00e9, <a href=\"https:\/\/www.20minutes.fr\/nantes\/4145701-20250327-nantes-retenir-barometre-tranquillite-publique-publie-metropole\" rel=\"nofollow noopener\" target=\"_blank\" data-ylk=\"slk:elle n\u2019est pas du tout en t\u00eate;elm:context_link;itc:0;sec:content-canvas\" class=\"link \">elle n\u2019est pas du tout en t\u00eate<\/a>. Il y a des villes comme Grenoble qui est nettement devant, ou Lille. \u00bb<\/p>\n<p>L\u2019ex-Premier ministre l\u2019affirme : \u00ab Il faut toujours(&#8230;)<\/p>\n<p><a href=\"https:\/\/www.20minutes.fr\/faits_divers\/faits-divers-nantes\/4147997-20250411-nantes-degradation-niveau-securite-choses-ameliorent-selon-ayrault\" rel=\"nofollow noopener\" target=\"_blank\" data-ylk=\"slk:Lire la suite sur 20minutes;elm:context_link;itc:0;sec:content-canvas\" class=\"link \">Lire la suite sur 20minutes<\/a><\/p>\n<p>\u00c0 lire aussi :<br \/><a href=\"https:\/\/www.20minutes.fr\/nantes\/4143232-20250319-municipales-2026-nantes-johanna-rolland-menacee-alliance-forte-extremes-ambitieux\" rel=\"nofollow noopener\" target=\"_blank\" data-ylk=\"slk:Municipales 2026 \u00e0 Nantes : Johanna Rolland menac\u00e9e par une alliance forte, et des Insoumis ambitieux;elm:context_link;itc:0;sec:content-canvas\" class=\"link \">Municipales 2026 \u00e0 Nantes : Johanna Rolland menac\u00e9e par une alliance forte, et des Insoumis ambitieux<\/a><br \/><a href=\"https:\/\/www.20minutes.fr\/politique\/4069060-20240104-pascal-praud-vise-mairie-nantes-question-assure-interesse\" rel=\"nofollow noopener\" target=\"_blank\" data-ylk=\"slk:Pascal Praud vise-t-il la mairie de Nantes ? \u00ab Il n\u2019en est pas question \u00bb, assure l\u2019int\u00e9ress\u00e9;elm:context_link;itc:0;sec:content-canvas\" class=\"link \">Pascal Praud vise-t-il la mairie de Nantes ? \u00ab Il n\u2019en est pas question \u00bb, assure l\u2019int\u00e9ress\u00e9<\/a><\/p>\n","protected":false},"excerpt":{"rendered":"Soci\u00e9t\u00e9 &#8211; Invit\u00e9 de \u00ab Face aux Territoires \u00bb sur TV5 Monde jeudi, Jean-Marc Ayrault, ancien maire de&hellip;\n","protected":false},"author":2,"featured_media":17256,"comment_status":"","ping_status":"","sticky":false,"template":"","format":"standard","meta":{"footnotes":""},"categories":[2818],"tags":[1111,11,1777,674,1011,27,6947,6945,1913,6981,766,12,2636,25],"class_list":{"0":"post-17255","1":"post","2":"type-post","3":"status-publish","4":"format-standard","5":"has-post-thumbnail","7":"category-nantes","8":"tag-actu","9":"tag-actualites","10":"tag-eu","11":"tag-europe","12":"tag-fr","13":"tag-france","14":"tag-jean-marc-ayrault","15":"tag-johanna-rolland","16":"tag-la-ville","17":"tag-mairie-de-nantes","18":"tag-nantes","19":"tag-news","20":"tag-pays-de-la-loire","21":"tag-republique-francaise"},"share_on_mastodon":{"url":"https:\/\/pubeurope.com\/@fr\/114319294678266806","error":""},"_links":{"self":[{"href":"https:\/\/www.europesays.com\/fr\/wp-json\/wp\/v2\/posts\/17255","targetHints":{"allow":["GET"]}}],"collection":[{"href":"https:\/\/www.europesays.com\/fr\/wp-json\/wp\/v2\/posts"}],"about":[{"href":"https:\/\/www.europesays.com\/fr\/wp-json\/wp\/v2\/types\/post"}],"author":[{"embeddable":true,"href":"https:\/\/www.europesays.com\/fr\/wp-json\/wp\/v2\/users\/2"}],"replies":[{"embeddable":true,"href":"https:\/\/www.europesays.com\/fr\/wp-json\/wp\/v2\/comments?post=17255"}],"version-history":[{"count":0,"href":"https:\/\/www.europesays.com\/fr\/wp-json\/wp\/v2\/posts\/17255\/revisions"}],"wp:featuredmedia":[{"embeddable":true,"href":"https:\/\/www.europesays.com\/fr\/wp-json\/wp\/v2\/media\/17256"}],"wp:attachment":[{"href":"https:\/\/www.europesays.com\/fr\/wp-json\/wp\/v2\/media?parent=17255"}],"wp:term":[{"taxonomy":"category","embeddable":true,"href":"https:\/\/www.europesays.com\/fr\/wp-json\/wp\/v2\/categories?post=17255"},{"taxonomy":"post_tag","embeddable":true,"href":"https:\/\/www.europesays.com\/fr\/wp-json\/wp\/v2\/tags?post=17255"}],"curies":[{"name":"wp","href":"https:\/\/api.w.org\/{rel}","templated":true}]}}