{"id":172550,"date":"2025-06-13T05:05:16","date_gmt":"2025-06-13T05:05:16","guid":{"rendered":"https:\/\/www.europesays.com\/fr\/172550\/"},"modified":"2025-06-13T05:05:16","modified_gmt":"2025-06-13T05:05:16","slug":"insoumis-et-ecologistes-lyonnais-sen-prennent-a-bruno-retailleau-apres-la-dissolution-de-la-jeune-garde","status":"publish","type":"post","link":"https:\/\/www.europesays.com\/fr\/172550\/","title":{"rendered":"insoumis et \u00e9cologistes lyonnais s&rsquo;en prennent \u00e0 Bruno Retailleau apr\u00e8s la dissolution de la Jeune Garde"},"content":{"rendered":"<p>L&rsquo;aboutissement d&rsquo;une proc\u00e9dure engag\u00e9e fin avril.<\/p>\n<p>Mais \u00e0 gauche, on s&rsquo;offusque de la d\u00e9cision du ministre de l&rsquo;Int\u00e9rieur de s&rsquo;en prendre aux antifascistes, cibl\u00e9s par Beauvau pour des actes de violence.<\/p>\n<p>\u00ab\u00a0Tu dissous la principale organisation antifasciste de ce pays, pendant que les groupes fascistes, eux, se renforcent, s\u2019affichent, d\u00e9filent, occupent l\u2019espace public, attaquent sans \u00eatre inqui\u00e9t\u00e9s, d\u00e9clare le d\u00e9put\u00e9 LFI du Rh\u00f4ne Abdelkader Lahmar \u00e0 l&rsquo;attention de Bruno Retailleau. Tu t\u2019en prends \u00e0 La Jeune Garde, l\u2019organisation d\u2019un d\u00e9put\u00e9, Rapha\u00ebl Arnault, pour une seule raison : parce qu\u2019il combat ce que toi, tu tol\u00e8res, voire encourages\u00a0\u00bb.<\/p>\n<blockquote class=\"twitter-tweet\"><p>&#13;<\/p>\n<p dir=\"ltr\" lang=\"fr\">Oh mais dis les termes, dis les termes ! <\/p>\n<p>Tu dissous la principale organisation antifasciste de ce pays, pendant que les groupes fascistes, eux, se renforcent, s\u2019affichent, d\u00e9filent, occupent l\u2019espace public, attaquent sans \u00eatre inqui\u00e9t\u00e9s.<\/p>\n<p>Tu t\u2019en prends \u00e0 La Jeune Garde,\u2026 <a href=\"https:\/\/t.co\/ThwX81153v\">https:\/\/t.co\/ThwX81153v<\/a><\/p>\n<p>&#13;<br \/>\n\u2014 Abdelkader Lahmar (@AK_Lahmar) <a href=\"https:\/\/twitter.com\/AK_Lahmar\/status\/1933124462209052693?ref_src=twsrc%5Etfw\" target=\"_blank\" rel=\"noopener\">June 12, 2025<\/a><\/p><\/blockquote>\n<p>Et de conclure : \u00ab\u00a0Ta chute viendra. Et l\u2019Histoire n\u2019aura pour toi que m\u00e9pris et d\u00e9shonneur\u00a0\u00bb.<\/p>\n<p>\u00ab\u00a0L&rsquo;extr\u00eame droite a un beau porte-parole au minist\u00e8re. Soutien \u00e0 la Jeune Garde !\u00a0\u00bb, r\u00e9agit de son c\u00f4t\u00e9 la d\u00e9put\u00e9e LFI de Lyon, Ana\u00efs Belouassa-Cherifi.<\/p>\n<p>Chez certains \u00e9cologistes aussi, la pilule est difficile \u00e0 avaler. \u00ab\u00a0C&rsquo;est un recul de plus pour notre histoire commune dans un monde de paix.\u00a0Ce parti \u00ab\u00a0Les R\u00e9publicains\u00a0\u00bb est un danger pour notre R\u00e9publique\u00a0\u00bb, analyse Benjamin Badouard, co-pr\u00e9sident du groupe Les Ecologistes \u00e0 la M\u00e9tropole de Lyon.<\/p>\n<p>Quant au s\u00e9nateur Thomas Dossus, c&rsquo;est \u00ab\u00a0cette volont\u00e9 de mettre au m\u00eame niveau les groupuscules d&rsquo;extr\u00eame droite et les antifascistes\u00a0\u00bb qui l&rsquo;agace, la jugeant comme \u00e9tant \u00ab\u00a0l&rsquo;aboutissement de la bascule confusionniste de cette droite qui n&rsquo;a plus rien de r\u00e9publicaine\u00a0\u00bb.<\/p>\n<p>  \t\t\t\t\t<script async src=\"https:\/\/platform.twitter.com\/widgets.js\" charset=\"utf-8\"><\/script><\/p>\n","protected":false},"excerpt":{"rendered":"L&rsquo;aboutissement d&rsquo;une proc\u00e9dure engag\u00e9e fin avril. Mais \u00e0 gauche, on s&rsquo;offusque de la d\u00e9cision du ministre de l&rsquo;Int\u00e9rieur&hellip;\n","protected":false},"author":2,"featured_media":172551,"comment_status":"","ping_status":"","sticky":false,"template":"","format":"standard","meta":{"footnotes":""},"categories":[1889],"tags":[1111,11,2813,2190,2430,1109,251,1112,2811,1777,674,118,1011,27,1922,1110,1114,2428,2810,12,241,316,25,2812,517,800],"class_list":{"0":"post-172550","1":"post","2":"type-post","3":"status-publish","4":"format-standard","5":"has-post-thumbnail","7":"category-lyon","8":"tag-actu","9":"tag-actualites","10":"tag-article","11":"tag-asvel","12":"tag-auvergne-rhone-alpes","13":"tag-breves","14":"tag-culture","15":"tag-depeches","16":"tag-economique","17":"tag-eu","18":"tag-europe","19":"tag-faits-divers","20":"tag-fr","21":"tag-france","22":"tag-info","23":"tag-informations","24":"tag-infos","25":"tag-lyon","26":"tag-lyonmag","27":"tag-news","28":"tag-ol","29":"tag-politique","30":"tag-republique-francaise","31":"tag-sociale","32":"tag-sport","33":"tag-transports"},"share_on_mastodon":{"url":"https:\/\/pubeurope.com\/@fr\/114674317642837798","error":""},"_links":{"self":[{"href":"https:\/\/www.europesays.com\/fr\/wp-json\/wp\/v2\/posts\/172550","targetHints":{"allow":["GET"]}}],"collection":[{"href":"https:\/\/www.europesays.com\/fr\/wp-json\/wp\/v2\/posts"}],"about":[{"href":"https:\/\/www.europesays.com\/fr\/wp-json\/wp\/v2\/types\/post"}],"author":[{"embeddable":true,"href":"https:\/\/www.europesays.com\/fr\/wp-json\/wp\/v2\/users\/2"}],"replies":[{"embeddable":true,"href":"https:\/\/www.europesays.com\/fr\/wp-json\/wp\/v2\/comments?post=172550"}],"version-history":[{"count":0,"href":"https:\/\/www.europesays.com\/fr\/wp-json\/wp\/v2\/posts\/172550\/revisions"}],"wp:featuredmedia":[{"embeddable":true,"href":"https:\/\/www.europesays.com\/fr\/wp-json\/wp\/v2\/media\/172551"}],"wp:attachment":[{"href":"https:\/\/www.europesays.com\/fr\/wp-json\/wp\/v2\/media?parent=172550"}],"wp:term":[{"taxonomy":"category","embeddable":true,"href":"https:\/\/www.europesays.com\/fr\/wp-json\/wp\/v2\/categories?post=172550"},{"taxonomy":"post_tag","embeddable":true,"href":"https:\/\/www.europesays.com\/fr\/wp-json\/wp\/v2\/tags?post=172550"}],"curies":[{"name":"wp","href":"https:\/\/api.w.org\/{rel}","templated":true}]}}