{"id":172556,"date":"2025-06-13T05:08:10","date_gmt":"2025-06-13T05:08:10","guid":{"rendered":"https:\/\/www.europesays.com\/fr\/172556\/"},"modified":"2025-06-13T05:08:10","modified_gmt":"2025-06-13T05:08:10","slug":"ce-chateau-des-yvelines-est-un-joyau-de-lile-de-france-et-les-touristes-ignorent-son-existence","status":"publish","type":"post","link":"https:\/\/www.europesays.com\/fr\/172556\/","title":{"rendered":"ce ch\u00e2teau des Yvelines est un joyau de l&rsquo;\u00cele-de-France et les touristes ignorent son existence !"},"content":{"rendered":"<p itemprop=\"description\">Direction les Yvelines \u00e0 la d\u00e9couverte d\u2019un ch\u00e2teau singulier aux proportions impressionnantes, pourtant relativement m\u00e9connu.<\/p>\n<p>Quand on pense <strong>ch\u00e2teau en France<\/strong>, il n\u2019y a que l\u2019embarras du choix. Le<strong> patrimoine historique<\/strong> en la mati\u00e8re est ph\u00e9nom\u00e9nal. De l\u2019impressionnante Cit\u00e9 de Carcassonne aux iconiques <a href=\"https:\/\/www.bibamagazine.fr\/lifestyle\/voyages\/a-decouverte-chateaux-de-loire-montgolfiere-208052.html\" target=\"_blank\" rel=\"noopener\">Ch\u00e2teaux de la Loire<\/a>, en passant par les citadelles cathares ou encore le ch\u00e2teau du Haut-K\u0153nigsbourg, perch\u00e9s sur leurs \u00e9perons rocheux, l\u2019Hexagone regorge de<strong> tr\u00e9sors<\/strong>. Les visiteurs, nationaux et internationaux, ne s\u2019y trompent pas. Beaucoup de ces sites sont des <strong>hauts-lieux du tourisme<\/strong>.<\/p>\n<p>Bien entendu, l\u2019<strong>entretien<\/strong> de telles merveilles architecturales ne va pas sans poser de <strong>s\u00e9rieuses questions<\/strong>. Un ch\u00e2teau peut \u00eatre un <strong>v\u00e9ritable gouffre financier<\/strong>. C\u2019est particuli\u00e8rement le cas lorsqu\u2019il s\u2019agit de<strong> propri\u00e9t\u00e9s priv\u00e9es<\/strong>. N\u00e9anmoins, m\u00eame les collectivit\u00e9s locales ne peuvent pas toujours prendre en charge des travaux ou des <strong>r\u00e9novations n\u00e9cessaires<\/strong>. Sans celles-ci, visites et entr\u00e9es d\u2019argents disparaissent. C\u2019est un cercle vicieux.\u00a0<\/p>\n<p>    <strong>\u201cL\u2019autre ch\u00e2teau\u201d des Yvelines\u00a0<\/strong> <\/p>\n<p>Pour un ch\u00e2teau de renom, les choses sont plus sereines. Les<strong> joyaux nationaux<\/strong> restent des priorit\u00e9s. Ils sont l\u2019image du pays, m\u00eame si, dans un<strong> contexte \u00e9conomique<\/strong> globalement difficile, tout n\u2019est pas forc\u00e9ment rose. On imagine toutefois mal certains lieux perdre de leur <strong>prestance<\/strong>. En la mati\u00e8re, le <a href=\"https:\/\/www.bibamagazine.fr\/voyage\/village-sud-surnomme-petit-versailles-pepite-decouvrir-temps-week-end-426413.html\" target=\"_blank\" rel=\"noopener\">ch\u00e2teau de Versailles<\/a> est sans doute celui que l\u2019on imagine le moins \u00eatre laiss\u00e9 sans un<strong> soin attentif<\/strong>.\u00a0<\/p>\n<p>Class\u00e9 au titre du <strong>Patrimoine Mondial de l\u2019Humanit\u00e9<\/strong>, Versailles fait irr\u00e9m\u00e9diablement partie du r<strong>ayonnement de la France<\/strong> \u00e0 l\u2019international, aux c\u00f4t\u00e9s de la tour Eiffel ou du mont Saint-Michel. N\u00e9anmoins, il ne s\u2019agit pas du seul <strong>ch\u00e2teau remarquable des Yvelines<\/strong>. Ils sont en r\u00e9alit\u00e9 <strong>nombreux<\/strong>, de la demeure fortifi\u00e9e au donjon rustique. L\u2019un d\u2019entre eux sort n\u00e9anmoins du lot, tant par son \u00e2ge que par son allure. Il s\u2019agit du <strong>ch\u00e2teau Porg\u00e8s de Rochefort-en-Yvelines<\/strong>.\u00a0<\/p>\n<p>    <strong>Une construction r\u00e9cente<\/strong> <\/p>\n<p>Contrairement \u00e0 d\u2019autres constructions qui ont travers\u00e9 plusieurs si\u00e8cles, le <strong>ch\u00e2teau Porg\u00e8s<\/strong> date seulement de la<strong> fin du XIXe si\u00e8cle<\/strong>. Comme l\u2019explique un article de Cosmopolitan, il est une commande d\u2019un <strong>riche diamantaire<\/strong> de l\u2019\u00e9poque pour Jules Porg\u00e8s en cadeau \u00e0 sa femme. Celui-ci fit appel aux architectes Charles Mewes, Emile Devilette, Georges Hoentschel et Paul Cottancin afin de b\u00e2tir une <strong>demeure inspir\u00e9e de l\u2019H\u00f4tel de Salm Kyrbourg<\/strong> (actuel <strong>Palais de la L\u00e9gion d\u00a0\u00bbhonneur<\/strong>), \u00e0 Paris. La construction dure<strong> 5 ans<\/strong>, de 1899 \u00e0 1904. L\u2019int\u00e9rieur est un <strong>patchwork d\u2019\u00e9l\u00e9ments copi\u00e9s<\/strong> dans certaines des plus belles demeures des si\u00e8cles pr\u00e9c\u00e9dents. Le <strong>parc ext\u00e9rieur<\/strong> est immense avec, comme on peut s\u2019y attendre, des arbres remarquables et des bassins \u00e9normes.\u00a0<\/p>\n<p><img decoding=\"async\" src=\"https:\/\/www.europesays.com\/fr\/wp-content\/uploads\/2025\/06\/1749791290_914_hqdefault.jpg\" width=\"100%\" height=\"auto\"\/><\/p>\n<p>    <strong>Une certaine id\u00e9e du luxe\u00a0<\/strong> <\/p>\n<p>Apr\u00e8s les affres de la guerre et un <strong>changement de propri\u00e9taire<\/strong>, le ch\u00e2teau Porg\u00e8s de Rochefort-en-Yvelines traverse une<strong> p\u00e9riode d\u2019incertitude<\/strong>. Autant de faste co\u00fbte cher, tr\u00e8s cher. En <strong>1961<\/strong>, le nouvel acqu\u00e9reur du domaine y fait construire un <strong>golf<\/strong>. L\u2019impact financier est tel que la propri\u00e9t\u00e9 change encore et encore de main. N\u00e9anmoins, <a href=\"https:\/\/www.bibamagazine.fr\/lifestyle\/sport\/se-mettre-au-golf-257079.html\" target=\"_blank\" rel=\"noopener\">le golf<\/a>, lui, perdure. Il est encore en activit\u00e9 et est consid\u00e9r\u00e9 comme <strong>l\u2019un des plus beaux de la r\u00e9gion<\/strong>.\u00a0<\/p>\n<p>Le ch\u00e2teau Porg\u00e8s de Rochefort-en-Yvelines est donc un<strong> joyau \u00e0 part<\/strong> dans le <strong>patrimoine architectural des Yvelines<\/strong> et, plus g\u00e9n\u00e9ralement, de l\u2019Hexagone. N\u00e9anmoins, il n\u2019est aujourd\u2019hui pas possible de le visiter lors d\u2019une simple balade touristique. Les lieux sont en effet d\u00e9di\u00e9s \u00e0 des <strong>s\u00e9minaires d\u2019entreprises<\/strong>. Avec <strong>91 chambres<\/strong> et <strong>15 salles de r\u00e9union<\/strong>, l\u2019espace peut accueillir des groupes cons\u00e9quents. Il semble toutefois possible de le r\u00e9server m\u00eame pour une tr\u00e8s petite entreprise, \u00e0 condition d\u2019avoir le budget !\u00a0<\/p>\n","protected":false},"excerpt":{"rendered":"Direction les Yvelines \u00e0 la d\u00e9couverte d\u2019un ch\u00e2teau singulier aux proportions impressionnantes, pourtant relativement m\u00e9connu. Quand on pense&hellip;\n","protected":false},"author":2,"featured_media":172557,"comment_status":"","ping_status":"","sticky":false,"template":"","format":"standard","meta":{"footnotes":""},"categories":[1592],"tags":[1111,11,1777,674,1011,27,662,12,626,25,729],"class_list":{"0":"post-172556","1":"post","2":"type-post","3":"status-publish","4":"format-standard","5":"has-post-thumbnail","7":"category-ile-de-france","8":"tag-actu","9":"tag-actualites","10":"tag-eu","11":"tag-europe","12":"tag-fr","13":"tag-france","14":"tag-ile-de-france","15":"tag-news","16":"tag-paris","17":"tag-republique-francaise","18":"tag-yout_video"},"share_on_mastodon":{"url":"https:\/\/pubeurope.com\/@fr\/114674329518998762","error":""},"_links":{"self":[{"href":"https:\/\/www.europesays.com\/fr\/wp-json\/wp\/v2\/posts\/172556","targetHints":{"allow":["GET"]}}],"collection":[{"href":"https:\/\/www.europesays.com\/fr\/wp-json\/wp\/v2\/posts"}],"about":[{"href":"https:\/\/www.europesays.com\/fr\/wp-json\/wp\/v2\/types\/post"}],"author":[{"embeddable":true,"href":"https:\/\/www.europesays.com\/fr\/wp-json\/wp\/v2\/users\/2"}],"replies":[{"embeddable":true,"href":"https:\/\/www.europesays.com\/fr\/wp-json\/wp\/v2\/comments?post=172556"}],"version-history":[{"count":0,"href":"https:\/\/www.europesays.com\/fr\/wp-json\/wp\/v2\/posts\/172556\/revisions"}],"wp:featuredmedia":[{"embeddable":true,"href":"https:\/\/www.europesays.com\/fr\/wp-json\/wp\/v2\/media\/172557"}],"wp:attachment":[{"href":"https:\/\/www.europesays.com\/fr\/wp-json\/wp\/v2\/media?parent=172556"}],"wp:term":[{"taxonomy":"category","embeddable":true,"href":"https:\/\/www.europesays.com\/fr\/wp-json\/wp\/v2\/categories?post=172556"},{"taxonomy":"post_tag","embeddable":true,"href":"https:\/\/www.europesays.com\/fr\/wp-json\/wp\/v2\/tags?post=172556"}],"curies":[{"name":"wp","href":"https:\/\/api.w.org\/{rel}","templated":true}]}}