{"id":172558,"date":"2025-06-13T05:09:09","date_gmt":"2025-06-13T05:09:09","guid":{"rendered":"https:\/\/www.europesays.com\/fr\/172558\/"},"modified":"2025-06-13T05:09:09","modified_gmt":"2025-06-13T05:09:09","slug":"les-48-000-dossards-sarrachent-en-un-temps-record-malgre-un-tarif-en-hausse","status":"publish","type":"post","link":"https:\/\/www.europesays.com\/fr\/172558\/","title":{"rendered":"les 48 000 dossards s&rsquo;arrachent en un temps record malgr\u00e9 un tarif en hausse"},"content":{"rendered":"<p>            Par<br \/>\n        <strong><br \/>\n            <a href=\"https:\/\/actu.fr\/auteur\/hugo-hancewicz\" title=\"Consulter tous les articles de Hugo Hancewicz\" rel=\"nofollow noopener\" target=\"_blank\">Hugo Hancewicz<\/a><br \/>\n        <\/strong><\/p>\n<p>        Publi\u00e9 le<\/p>\n<p>            13 juin 2025 \u00e0 7h06        <\/p>\n<p>Une fr\u00e9n\u00e9sie d\u2019inscriptions. Il aura suffi de quelques heures, mercredi 11 juin 2025, pour que les 48\u2009000 dossards du<strong> \u00ab\u2009HOKA Semi de Paris\u2009\u00bb<\/strong> 2026 disparaissent des \u00e9crans radars. Jamais l\u2019\u00e9preuve parisienne n\u2019avait affich\u00e9 complet aussi vite. La plate-forme d\u2019A.S.O. a vite bascul\u00e9 en file d\u2019attente, avant de clore les ventes. Les 21,1 km les plus courus de l\u2019Hexagone se tiendront le dimanche 8 mars 2026, confirmant leur rang de <strong>plus grand semi-marathon du monde<\/strong>.<\/p>\n<p>Quand la passion a un prix<\/p>\n<p class=\" wall-content\">Le ticket d\u2019entr\u00e9e a pourtant grimp\u00e9 \u00e0 84 euros, <strong>soit presque 4 euros par kilom\u00e8tre<\/strong> \u2013 un montant nettement sup\u00e9rieur aux 60 euros environ demand\u00e9s en \u00ab\u2009tarif First\u2009\u00bb lors de l\u2019\u00e9dition 2024, et bien <strong>au-del\u00e0 de la moyenne nationale<\/strong> observ\u00e9e sur les semi-marathons tricolores (50 \/ 65 euros selon les organisateurs). Depuis 2022, le prix augmente d\u2019environ 5 euros chaque ann\u00e9e. L\u2019inflation des co\u00fbts d\u2019organisation et <strong>la popularit\u00e9 grandissante du running<\/strong> expliquent en partie cette flamb\u00e9e.<\/p>\n<p class=\" wall-content\">Pour les retardataires, quelques \u00ab\u2009dossards inoubliables\u2009\u00bb, assortis d\u2019un pack photos souvenir et d\u2019une vid\u00e9o de sa course, <strong>restent disponibles \u00e0 129 euros<\/strong>.<\/p>\n<p class=\" wall-content\"><a href=\"https:\/\/www.instagram.com\/p\/DKymnmPNAE-\/embed\" title=\"Ouvrir le lien sur Instagram\" rel=\"nofollow noopener\" target=\"_blank\">Visualiser le contenu sur Instagram<\/a><\/p>\n<p>Au-del\u00e0 de la performance, l\u2019exp\u00e9rience<\/p>\n<p class=\" wall-content\">L\u2019\u00e9dition 2025 avait d\u00e9j\u00e0 battu un record de participation avec pr\u00e8s de 48\u2009000 partants. Signe des temps,<strong> 44\u2009% des inscrits couraient alors leur tout premier semi-marathon<\/strong>, tandis que 14\u2009% venaient de l\u2019\u00e9tranger, attir\u00e9s par un trac\u00e9 carte postale.<\/p>\n<p class=\" wall-content\">Mais cette ru\u00e9e n\u2019est pas isol\u00e9e. Marseille-Cassis, l\u2019EcoTrail de Paris ou m\u00eame certaines courses de village <strong>\u00e9coulent d\u00e9sormais leurs quotas en quelques heures<\/strong>. Entre bouche-\u00e0-oreille sur les r\u00e9seaux sociaux, calendriers de plus en plus verrouill\u00e9s et qu\u00eate d\u2019exp\u00e9riences \u00ab\u2009Instagram-compatibles\u2009\u00bb, la demande explose,<strong> jusque dans les pelotons amateurs<\/strong>.<\/p>\n<p>Vid\u00e9os : en ce moment sur Actu<br \/>\n    <a href=\"https:\/\/email.publihebdos.com\/form?lid=Mqc7o19yVDtMEo2FE8aUtw2\" title=\"Ouvrie le lien\" rel=\"nofollow noopener\" target=\"_blank\">Cliquez ici pour visualiser le contenu<\/a><\/p>\n<p class=\" wall-content\">Derri\u00e8re les chiffres, <strong>l\u2019organisation soigne le storytelling<\/strong>\u2009: ravitaillements gourmets, animation DJ sur la ligne verte, tee-shirt technique sigl\u00e9 HOKA, le nouveau sponsor de l\u2019\u00e9dition 2026, et m\u00e9daille \u00e9coresponsable. De quoi justifier, selon les dirigeants, un tarif toujours plus \u00e9lev\u00e9. Reste que pour nombre de coureurs, l\u2019investissement p\u00e8se,\u2009entre le voyage, l\u2019h\u00e9bergement et <strong>l\u2019\u00e9quipement dernier cri qui peut doubler l\u2019addition<\/strong>.<\/p>\n<p class=\" wall-content\">Suivez toute l\u2019actualit\u00e9 de vos villes et m\u00e9dias favoris en vous inscrivant \u00e0 <a href=\"https:\/\/moncompte.actu.fr\" title=\"D\u00e9couvez Mon Actu\" rel=\"nofollow noopener\" data-trk=\"{&quot;cta&quot;:{&quot;action&quot;:&quot;https:\\\/\\\/moncompte.actu.fr&quot;,&quot;category&quot;:&quot;mon compte&quot;,&quot;from&quot;:&quot;article footer&quot;,&quot;name&quot;:&quot;Mon actu&quot;,&quot;type&quot;:&quot;cta&quot;}}\" target=\"_blank\">Mon Actu<\/a>.<\/p>\n<p>                    <script async src=\"\/\/www.instagram.com\/embed.js\"><\/script><\/p>\n","protected":false},"excerpt":{"rendered":"Par Hugo Hancewicz Publi\u00e9 le 13 juin 2025 \u00e0 7h06 Une fr\u00e9n\u00e9sie d\u2019inscriptions. Il aura suffi de quelques&hellip;\n","protected":false},"author":2,"featured_media":172559,"comment_status":"","ping_status":"","sticky":false,"template":"","format":"standard","meta":{"footnotes":""},"categories":[1888],"tags":[1111,1928,11,1927,4132,1777,674,1011,27,12,1926,626,1925,25,517,60],"class_list":{"0":"post-172558","1":"post","2":"type-post","3":"status-publish","4":"format-standard","5":"has-post-thumbnail","7":"category-paris","8":"tag-actu","9":"tag-actu-paris","10":"tag-actualites","11":"tag-actualites-paris","12":"tag-athletisme","13":"tag-eu","14":"tag-europe","15":"tag-fr","16":"tag-france","17":"tag-news","18":"tag-news-paris","19":"tag-paris","20":"tag-paris-news","21":"tag-republique-francaise","22":"tag-sport","23":"tag-sports"},"share_on_mastodon":{"url":"https:\/\/pubeurope.com\/@fr\/114674333443950339","error":""},"_links":{"self":[{"href":"https:\/\/www.europesays.com\/fr\/wp-json\/wp\/v2\/posts\/172558","targetHints":{"allow":["GET"]}}],"collection":[{"href":"https:\/\/www.europesays.com\/fr\/wp-json\/wp\/v2\/posts"}],"about":[{"href":"https:\/\/www.europesays.com\/fr\/wp-json\/wp\/v2\/types\/post"}],"author":[{"embeddable":true,"href":"https:\/\/www.europesays.com\/fr\/wp-json\/wp\/v2\/users\/2"}],"replies":[{"embeddable":true,"href":"https:\/\/www.europesays.com\/fr\/wp-json\/wp\/v2\/comments?post=172558"}],"version-history":[{"count":0,"href":"https:\/\/www.europesays.com\/fr\/wp-json\/wp\/v2\/posts\/172558\/revisions"}],"wp:featuredmedia":[{"embeddable":true,"href":"https:\/\/www.europesays.com\/fr\/wp-json\/wp\/v2\/media\/172559"}],"wp:attachment":[{"href":"https:\/\/www.europesays.com\/fr\/wp-json\/wp\/v2\/media?parent=172558"}],"wp:term":[{"taxonomy":"category","embeddable":true,"href":"https:\/\/www.europesays.com\/fr\/wp-json\/wp\/v2\/categories?post=172558"},{"taxonomy":"post_tag","embeddable":true,"href":"https:\/\/www.europesays.com\/fr\/wp-json\/wp\/v2\/tags?post=172558"}],"curies":[{"name":"wp","href":"https:\/\/api.w.org\/{rel}","templated":true}]}}