{"id":172560,"date":"2025-06-13T05:10:14","date_gmt":"2025-06-13T05:10:14","guid":{"rendered":"https:\/\/www.europesays.com\/fr\/172560\/"},"modified":"2025-06-13T05:10:14","modified_gmt":"2025-06-13T05:10:14","slug":"le-regard-sur-le-psg-a-beaucoup-change-comment-paris-conquiert-lamerique-apres-son-sacre-europeen","status":"publish","type":"post","link":"https:\/\/www.europesays.com\/fr\/172560\/","title":{"rendered":"\u00ab\u00a0Le regard sur le PSG a beaucoup chang\u00e9\u00a0\u00bb\u00a0: comment Paris conquiert l\u2019Am\u00e9rique apr\u00e8s son sacre europ\u00e9en"},"content":{"rendered":"<p class=\"paragraph text_align_left\">Des maillots du <a href=\"https:\/\/www.leparisien.fr\/sports\/football\/psg\/\" target=\"_blank\" rel=\"noreferrer nofollow noopener\">PSG<\/a> sur le dos et des \u00e9charpes sur les \u00e9paules, une centaine de Fran\u00e7ais improvisent une Marseillaise au milieu des buildings de Times Square, au c\u0153ur de New York. Paris vient d\u2019\u00eatre sacr\u00e9 champion d\u2019Europe et la bouillante m\u00e9galopole <a href=\"https:\/\/www.leparisien.fr\/international\/etats-unis\/\" target=\"_blank\" rel=\"noreferrer nofollow noopener\">am\u00e9ricaine<\/a> vibre aux couleurs du club de la capitale fran\u00e7aise. \u00c0 quelques centaines de m\u00e8tres plus au sud, le Legends, <a href=\"https:\/\/www.leparisien.fr\/sports\/football\/psg\/le-psg-champion-deurope-on-croyait-quon-etait-maudits-a-new-york-un-millier-de-1-000-fans-au-paradis-01-06-2025-42HT2LE3PFEEVLYRO7EIKMHZTE.php\" target=\"_blank\" rel=\"noreferrer nofollow noopener\">ce bar o\u00f9 se r\u00e9unissent les supporters parisiens<\/a>, crie encore sa joie et Pierre Watiez, le pr\u00e9sident du fan-club, ne peut retenir ses larmes, interrog\u00e9 en direct sur CBS, la t\u00e9l\u00e9 am\u00e9ricaine.<\/p>\n","protected":false},"excerpt":{"rendered":"Des maillots du PSG sur le dos et des \u00e9charpes sur les \u00e9paules, une centaine de Fran\u00e7ais improvisent&hellip;\n","protected":false},"author":2,"featured_media":172561,"comment_status":"","ping_status":"","sticky":false,"template":"","format":"standard","meta":{"footnotes":""},"categories":[1888],"tags":[1111,1928,11,1927,1777,674,63,1011,27,12,1926,626,1925,93,25,60],"class_list":{"0":"post-172560","1":"post","2":"type-post","3":"status-publish","4":"format-standard","5":"has-post-thumbnail","7":"category-paris","8":"tag-actu","9":"tag-actu-paris","10":"tag-actualites","11":"tag-actualites-paris","12":"tag-eu","13":"tag-europe","14":"tag-football","15":"tag-fr","16":"tag-france","17":"tag-news","18":"tag-news-paris","19":"tag-paris","20":"tag-paris-news","21":"tag-psg","22":"tag-republique-francaise","23":"tag-sports"},"share_on_mastodon":{"url":"https:\/\/pubeurope.com\/@fr\/114674337310465053","error":""},"_links":{"self":[{"href":"https:\/\/www.europesays.com\/fr\/wp-json\/wp\/v2\/posts\/172560","targetHints":{"allow":["GET"]}}],"collection":[{"href":"https:\/\/www.europesays.com\/fr\/wp-json\/wp\/v2\/posts"}],"about":[{"href":"https:\/\/www.europesays.com\/fr\/wp-json\/wp\/v2\/types\/post"}],"author":[{"embeddable":true,"href":"https:\/\/www.europesays.com\/fr\/wp-json\/wp\/v2\/users\/2"}],"replies":[{"embeddable":true,"href":"https:\/\/www.europesays.com\/fr\/wp-json\/wp\/v2\/comments?post=172560"}],"version-history":[{"count":0,"href":"https:\/\/www.europesays.com\/fr\/wp-json\/wp\/v2\/posts\/172560\/revisions"}],"wp:featuredmedia":[{"embeddable":true,"href":"https:\/\/www.europesays.com\/fr\/wp-json\/wp\/v2\/media\/172561"}],"wp:attachment":[{"href":"https:\/\/www.europesays.com\/fr\/wp-json\/wp\/v2\/media?parent=172560"}],"wp:term":[{"taxonomy":"category","embeddable":true,"href":"https:\/\/www.europesays.com\/fr\/wp-json\/wp\/v2\/categories?post=172560"},{"taxonomy":"post_tag","embeddable":true,"href":"https:\/\/www.europesays.com\/fr\/wp-json\/wp\/v2\/tags?post=172560"}],"curies":[{"name":"wp","href":"https:\/\/api.w.org\/{rel}","templated":true}]}}