{"id":172582,"date":"2025-06-13T05:22:25","date_gmt":"2025-06-13T05:22:25","guid":{"rendered":"https:\/\/www.europesays.com\/fr\/172582\/"},"modified":"2025-06-13T05:22:25","modified_gmt":"2025-06-13T05:22:25","slug":"faut-il-vraiment-croire-a-la-taxe-zucman-la-banque-de-france-reste-prudente","status":"publish","type":"post","link":"https:\/\/www.europesays.com\/fr\/172582\/","title":{"rendered":"Faut-il vraiment croire \u00e0 la taxe Zucman ? La Banque de France reste prudente"},"content":{"rendered":"<p class=\"articleHead-lead\">\n            Avant que la taxe dite Zucman ne soit rejet\u00e9e au S\u00e9nat jeudi 12 juin, le gouverneur de la Banque de France avait \u00e9mis des r\u00e9serves quant \u00e0 son utilit\u00e9, et notamment sur les cons\u00e9quences \u00e9conomiques pour \u00ables plus belles entreprises fran\u00e7aises\u00bb.\n        <\/p>\n<p>            <img decoding=\"async\"  src=\"https:\/\/www.europesays.com\/fr\/wp-content\/uploads\/2025\/06\/1749792145_247_picture.jpg\"  class=\"apply-ratio\" alt=\"Fran\u00e7ois Villeroy de Galhau, gouverneur de la Banque de France, \u00abprudent\u00bb sur la taxe Zucman.\"\/><\/p>\n<p>\n                                            \u00a9 Capture Franceinfo<\/p>\n<p>                                             &#8211; Fran\u00e7ois Villeroy de Galhau, gouverneur de la Banque de France, \u00abprudent\u00bb sur la taxe Zucman.\n                                    <\/p>\n<ul class=\"articleMainFollow-list\">\n<li class=\"articleMainFollow-item\">\n<p>                        Sauvegarder<\/p>\n<p>                        Sauvegard\u00e9<\/p>\n<\/li>\n<li class=\"articleMainFollow-item\">\n<\/li>\n<\/ul>\n<p>\n                    Recevoir les alertes Fiscalit\u00e9\n                <\/p>\n<p>La taxe dite Zucman est-elle la solution alors que le gouvernement recherche toujours comment faire <a href=\"https:\/\/www.capital.fr\/economie-politique\/budget-2026-le-gouvernement-annonce-un-effort-de-40-milliards-deuros-qui-va-trinquer-1512648\" target=\"_blank\" rel=\"noopener\">40 milliards d\u2019euros d\u2019\u00e9conomies<\/a> dans le cadre du Budget 2026 ? Au mois de f\u00e9vrier, la proposition de loi du groupe Ecologiste et Social proposant de mettre en place une taxation minimale sur les hauts patrimoines avait \u00e9t\u00e9 <a href=\"https:\/\/www.capital.fr\/economie-politique\/patrimoine-des-ultra-riches-vers-une-taxation-specifique-1509209\" target=\"_blank\" rel=\"noopener\">adopt\u00e9e \u00e0 l\u2019Assembl\u00e9e nationale<\/a>. Ce texte pr\u00e9voit de fixer un <strong>imp\u00f4t minimal de 2% <\/strong>sur le <a href=\"https:\/\/www.capital.fr\/economie-politique\/taxe-mondiale-des-ultra-riches-comment-l-idee-a-gagne-du-terrain-au-g20-1499080\" target=\"_blank\" rel=\"noopener\">patrimoine des ultra-riches<\/a>. Cela concernerait les personnes ayant des revenus sup\u00e9rieurs \u00e0 100 millions d\u2019euros.<\/p>\n<p>Au total, la mesure pourrait rapporter <strong>entre 15 et 25 milliards d\u2019euros<\/strong>, soit pr\u00e8s de la moiti\u00e9 de ce que recherche le gouvernement. Mais est-ce vraiment une bonne solution ? Interrog\u00e9 sur le sujet sur Franceinfo jeudi 12 juin, le gouverneur de la Banque de France a d\u2019abord rappel\u00e9 que l\u2019institution n\u2019\u00e9tait \u00abpas en charge des choix fiscaux, car il s\u2019agit d\u2019un d\u00e9part politique et d\u00e9mocratique\u00bb. Toutefois, \u00e0 titre personnel, Fran\u00e7ois Villeroy de Galhau, qui se dit \u00abtr\u00e8s sensible \u00e0 la justice fiscale\u00bb, s\u2019est montr\u00e9 beaucoup plus \u00abprudent\u00bb et a parl\u00e9 m\u00eame d\u2019\u00abillusion fiscale\u00bb.<\/p>\n<p>        \u00c0 lire aussi :<br \/>\n        <a class=\"articleToRead-link\" href=\"https:\/\/www.capital.fr\/economie-politique\/impot-comment-gabriel-zucman-est-devenu-la-bete-noire-des-milliardaires-1514748\" data-wide=\"\" target=\"_blank\" rel=\"noopener\"><br \/>\n            Imp\u00f4t : comment Gabriel Zucman est devenu la b\u00eate noire des milliardaires<br \/>\n        <\/a><\/p>\n<p>Un effort \u00e0 concentrer sur les d\u00e9penses<\/p>\n<p>Pourquoi ? D\u2019abord \u00e0 cause des <strong>rendements <\/strong>de cette potentielle taxe. \u00abC\u2019est beaucoup plus que ce que n\u2019a jamais rapport\u00e9 l\u2019ISF qui \u00e9tait autour de cinq milliards d\u2019euros\u00bb, a tenu \u00e0 rappeler le gouverneur de la Banque de France. Pourquoi une telle diff\u00e9rence ? \u00abCar ce texte toucherait aussi bien les biens professionnels, que les entreprises fran\u00e7aises, leurs cr\u00e9ateurs et leurs propri\u00e9taires.\u00bb<\/p>\n<p>Fran\u00e7ois Villeroy de Galhau a pris l\u2019exemple de <a href=\"https:\/\/www.capital.fr\/entreprises-marches\/nvidia-scelle-un-partenariat-strategique-avec-mistral-ai-salue-par-emmanuel-macron-1514853\" target=\"_blank\" rel=\"noopener\">Mistral AI<\/a>, dont le cr\u00e9ateur a \u00e9t\u00e9 re\u00e7u sur le plateau de Franceinfo juste avant lui. \u00abIl faut \u00eatre un petit peu prudent sur l\u2019id\u00e9e que l\u2019on va taxer les cr\u00e9ateurs ou actionnaires des plus belles entreprises fran\u00e7aises, car cela aurait des cons\u00e9quences \u00e9conomiques\u00bb, a-t-il admis. Pour lui, \u00abla priorit\u00e9 pour redresser notre probl\u00e8me de dette, c&rsquo;est l&rsquo;effort d&rsquo;abord sur les d\u00e9penses\u00bb. Fran\u00e7ois Villeroy de Galhau plaide d\u2019ailleurs pour \u00abun effort juste et partag\u00e9\u00bb, mais qui doit \u00abconcerner tout le monde\u00bb.<\/p>\n<p>        \u00c0 lire aussi :<br \/>\n        <a class=\"articleToRead-link\" href=\"https:\/\/www.capital.fr\/votre-argent\/impot-sur-la-fortune-immobiliere-1313742\" data-wide=\"\" target=\"_blank\" rel=\"noopener\"><br \/>\n            Imp\u00f4t sur la fortune immobili\u00e8re : seuil, date et bar\u00e8me de l\u2019IFI<br \/>\n        <\/a><\/p>\n<p>Un discours semble-t-il partag\u00e9 par les s\u00e9nateurs, car dans la soir\u00e9e de jeudi, ce texte de taxe dite Zucman, a \u00e9t\u00e9 <a href=\"https:\/\/www.franceinfo.fr\/economie\/impots\/le-senat-rejette-l-instauration-d-une-taxe-zucman-sur-le-patrimoine-des-ultra-riches_7308432.html\" target=\"_blank\" rel=\"nofollow noopener\">rejet\u00e9 \u00e0 la chambre haute<\/a>. Parmi les arguments port\u00e9s par ses opposants, le <strong>risque d\u2019exil fiscal<\/strong> des foyers cibl\u00e9s, une possible \u00abinconstitutionnalit\u00e9\u00bb et un \u00absignal n\u00e9gatif aux investisseurs \u00e9trangers\u00bb. Les Ecologistes et la gauche ont d\u2019ores et d\u00e9j\u00e0 promis de \u00abred\u00e9fendre la mesure\u00bb dans le cadre du Budget 2026.<\/p>\n<p>        Recevez nos derni\u00e8res news<\/p>\n<p>        Chaque semaine, les articles phares pour accompagner vos <b>finances personnelles<\/b>.<\/p>\n","protected":false},"excerpt":{"rendered":"Avant que la taxe dite Zucman ne soit rejet\u00e9e au S\u00e9nat jeudi 12 juin, le gouverneur de la&hellip;\n","protected":false},"author":2,"featured_media":172583,"comment_status":"","ping_status":"","sticky":false,"template":"","format":"standard","meta":{"footnotes":""},"categories":[4],"tags":[11,24240,30765,1011,27,30766,12,2551,25,979],"class_list":{"0":"post-172582","1":"post","2":"type-post","3":"status-publish","4":"format-standard","5":"has-post-thumbnail","7":"category-france","8":"tag-actualites","9":"tag-banque-de-france","10":"tag-fiscalitu00e9","11":"tag-fr","12":"tag-france","13":"tag-impu00f4t-sur-le-revenu","14":"tag-news","15":"tag-patrimoine","16":"tag-republique-francaise","17":"tag-taxes"},"share_on_mastodon":{"url":"https:\/\/pubeurope.com\/@fr\/114674384434858713","error":""},"_links":{"self":[{"href":"https:\/\/www.europesays.com\/fr\/wp-json\/wp\/v2\/posts\/172582","targetHints":{"allow":["GET"]}}],"collection":[{"href":"https:\/\/www.europesays.com\/fr\/wp-json\/wp\/v2\/posts"}],"about":[{"href":"https:\/\/www.europesays.com\/fr\/wp-json\/wp\/v2\/types\/post"}],"author":[{"embeddable":true,"href":"https:\/\/www.europesays.com\/fr\/wp-json\/wp\/v2\/users\/2"}],"replies":[{"embeddable":true,"href":"https:\/\/www.europesays.com\/fr\/wp-json\/wp\/v2\/comments?post=172582"}],"version-history":[{"count":0,"href":"https:\/\/www.europesays.com\/fr\/wp-json\/wp\/v2\/posts\/172582\/revisions"}],"wp:featuredmedia":[{"embeddable":true,"href":"https:\/\/www.europesays.com\/fr\/wp-json\/wp\/v2\/media\/172583"}],"wp:attachment":[{"href":"https:\/\/www.europesays.com\/fr\/wp-json\/wp\/v2\/media?parent=172582"}],"wp:term":[{"taxonomy":"category","embeddable":true,"href":"https:\/\/www.europesays.com\/fr\/wp-json\/wp\/v2\/categories?post=172582"},{"taxonomy":"post_tag","embeddable":true,"href":"https:\/\/www.europesays.com\/fr\/wp-json\/wp\/v2\/tags?post=172582"}],"curies":[{"name":"wp","href":"https:\/\/api.w.org\/{rel}","templated":true}]}}