{"id":172598,"date":"2025-06-13T05:33:09","date_gmt":"2025-06-13T05:33:09","guid":{"rendered":"https:\/\/www.europesays.com\/fr\/172598\/"},"modified":"2025-06-13T05:33:09","modified_gmt":"2025-06-13T05:33:09","slug":"un-moment-incroyable-et-inattendu-rencontre-avec-lauteur-de-la-photo-la-plus-iconique-des-24-heures-du-mans","status":"publish","type":"post","link":"https:\/\/www.europesays.com\/fr\/172598\/","title":{"rendered":"\u00abUn moment incroyable et inattendu\u00bb, rencontre avec l\u2019auteur de la photo la plus iconique des 24 Heures du Mans"},"content":{"rendered":"<p>Fr\u00e9d\u00e9ric Le Floc\u2019h, photographe \u00e0 l\u2019agence DPPI, a immortalis\u00e9 l\u2019un des clich\u00e9s les plus c\u00e9l\u00e8bres de la course mancelle lorsque Mark Webber et sa Mercedes se sont retrouv\u00e9s dans les airs. Il raconte cet instant rest\u00e9 dans l\u2019histoire du sport automobile.<\/p>\n<p class=\"fig-paragraph\">Mark Webber suspendu dans les airs \u00e0 plus de 300 km\/h au volant d\u2019une Mercedes qui vient de s\u2019envoler au bout de la ligne droite des Hunaudi\u00e8res, au niveau de la bosse de Mulsanne. L\u2019image devenue iconique, prise lors du warm-up des<a href=\"http:\/\/www.lefigaro.fr\/automobile\/dossier\/24-heures-du-mans-cent-ans-de-legendes-et-de-frissons\" data-fig-type=\"Topic\" data-gtm-custom-categorie=\"navigation\" data-gtm-custom-action=\"crossclick\" data-gtm-custom-label=\"Contextuel\" data-gtm-event=\"customEventSPE\" data-fig-domain=\"LEFIGARO\" target=\"_blank\" rel=\"noopener\">\u00a024 Heures du Mans<\/a>\u00a0en 1999, a fait le tour du monde. On la doit \u00e0 Fr\u00e9d\u00e9ric Le Floc\u2019h qui travaille pour l\u2019agence DPPI, celle-ci f\u00eatant cette ann\u00e9e ses 60 ans de pr\u00e9sence dans la Sarthe au c\u0153ur de la plus prestigieuse des courses au monde.<\/p>\n<p class=\"fig-paragraph\">Le photographe de 54 ans n\u2019\u00e9tait pas l\u00e0 en 1965 lorsque l\u2019agence, une des plus anciennes travaillant dans le milieu sportif, a pos\u00e9 pour la premi\u00e8re fois ses sacoches \u00e0 appareil photo sur le circuit mais il est depuis longtemps un inconditionnel de l\u2019\u00e9preuve mancelle. Un rendez-vous qu\u2019il a couvert pour la premi\u00e8re fois en 1998. Et son c\u00e9l\u00e8bre clich\u00e9 pris l\u2019ann\u00e9e suivante fait partie des plus marquants de sa carri\u00e8re. Il aurait pourtant pu ne jamais voir le jour.<\/p>\n<p>Il n\u2019a pu faire qu\u2019une seule photo de Webber en l\u2019air<\/p>\n<p class=\"fig-paragraph\">\u00abC\u2019\u00e9tait le premier tour du warm-up et moi aussi, je m\u2019\u00e9chauffais\u2026<\/p>\n<p class=\"fig-premium-paywall__infos\">\n        Cet article est r\u00e9serv\u00e9 aux abonn\u00e9s.        Il vous reste 82% \u00e0 d\u00e9couvrir.\n    <\/p>\n<p>                <img  data- alt=\"Le Figaro\" class=\"fig-img--complete fig-img\"\/><\/p>\n<p class=\"fig-premium-paywall__title\">Vente Flash<\/p>\n<p class=\"fig-premium-paywall__subtitle\">3,99\u20ac par mois pendant 12 mois. Sans engagement.<\/p>\n<p class=\"fig-premium-paywall__connect\">\n                D\u00e9j\u00e0 abonn\u00e9\u00a0?                <a class=\"fig-premium-paywall__connect-link\" href=\"https:\/\/connect.lefigaro.fr\/login?client=horizon_web&amp;type=main&amp;redirect_uri=https%3A%2F%2Fwww.lefigaro.fr%2Fsports%2Fautres-sports%2Fun-moment-incroyable-et-inattendu-rencontre-avec-l-auteur-de-la-photo-la-plus-iconique-des-24-heures-du-mans-20250613\" data-js-gtm=\"{&quot;customCategorie&quot;: &quot;conversion&quot;, &quot;customAction&quot;: &quot;before_Landing_Connexion_paywall_auto&quot;, &quot;customLabel&quot;: &quot;bGVmaWdhcm8uZnJfXzFmMDQ3OWEzLTdhYjUtNmQ1YS05Y2Q1LWY1NjE3MWQxN2YwM19fTmV3c0ZsYXNo_\u00abUn moment incroyable et inattendu\u00bb, rencontre avec l\u2019auteur de la photo la plus iconique des 24 Heures du Mans_63&quot;, &quot;customIDSPE&quot;: &quot;bGVmaWdhcm8uZnJfXzFmMDQ3OWEzLTdhYjUtNmQ1YS05Y2Q1LWY1NjE3MWQxN2YwM19fTmV3c0ZsYXNo&quot;, &quot;event&quot;: &quot;customEventSPE&quot;}\" target=\"_blank\" rel=\"noopener\"><br \/>\n                    Connectez-vous<br \/>\n                <\/a>\n            <\/p>\n","protected":false},"excerpt":{"rendered":"Fr\u00e9d\u00e9ric Le Floc\u2019h, photographe \u00e0 l\u2019agence DPPI, a immortalis\u00e9 l\u2019un des clich\u00e9s les plus c\u00e9l\u00e8bres de la course&hellip;\n","protected":false},"author":2,"featured_media":172599,"comment_status":"","ping_status":"","sticky":false,"template":"","format":"standard","meta":{"footnotes":""},"categories":[1358],"tags":[2466,10312,2465,2464,1348,1384,1385,1977,1981,451,207,1386,58,59,2468,63,1454,1011,27,66,447,2467,1457,2182,1980,479,2259,1467],"class_list":{"0":"post-172598","1":"post","2":"type-post","3":"status-publish","4":"format-standard","5":"has-post-thumbnail","7":"category-arts-et-design","8":"tag-2466","9":"tag-24-heures-du-mans","10":"tag-actu-sport","11":"tag-actualite-sportive","12":"tag-arts","13":"tag-arts-and-design","14":"tag-arts-et-design","15":"tag-auto","16":"tag-classement","17":"tag-coupe-du-monde","18":"tag-cyclisme","19":"tag-design","20":"tag-divertissement","21":"tag-entertainment","22":"tag-euro-foot","23":"tag-football","24":"tag-formule-1","25":"tag-fr","26":"tag-france","27":"tag-ligue-1","28":"tag-ligue-des-champions","29":"tag-live-sport","30":"tag-moto","31":"tag-nba","32":"tag-resultats","33":"tag-rugby","34":"tag-score","35":"tag-tennis"},"share_on_mastodon":{"url":"https:\/\/pubeurope.com\/@fr\/114674427904625214","error":""},"_links":{"self":[{"href":"https:\/\/www.europesays.com\/fr\/wp-json\/wp\/v2\/posts\/172598","targetHints":{"allow":["GET"]}}],"collection":[{"href":"https:\/\/www.europesays.com\/fr\/wp-json\/wp\/v2\/posts"}],"about":[{"href":"https:\/\/www.europesays.com\/fr\/wp-json\/wp\/v2\/types\/post"}],"author":[{"embeddable":true,"href":"https:\/\/www.europesays.com\/fr\/wp-json\/wp\/v2\/users\/2"}],"replies":[{"embeddable":true,"href":"https:\/\/www.europesays.com\/fr\/wp-json\/wp\/v2\/comments?post=172598"}],"version-history":[{"count":0,"href":"https:\/\/www.europesays.com\/fr\/wp-json\/wp\/v2\/posts\/172598\/revisions"}],"wp:featuredmedia":[{"embeddable":true,"href":"https:\/\/www.europesays.com\/fr\/wp-json\/wp\/v2\/media\/172599"}],"wp:attachment":[{"href":"https:\/\/www.europesays.com\/fr\/wp-json\/wp\/v2\/media?parent=172598"}],"wp:term":[{"taxonomy":"category","embeddable":true,"href":"https:\/\/www.europesays.com\/fr\/wp-json\/wp\/v2\/categories?post=172598"},{"taxonomy":"post_tag","embeddable":true,"href":"https:\/\/www.europesays.com\/fr\/wp-json\/wp\/v2\/tags?post=172598"}],"curies":[{"name":"wp","href":"https:\/\/api.w.org\/{rel}","templated":true}]}}