{"id":172612,"date":"2025-06-13T05:42:09","date_gmt":"2025-06-13T05:42:09","guid":{"rendered":"https:\/\/www.europesays.com\/fr\/172612\/"},"modified":"2025-06-13T05:42:09","modified_gmt":"2025-06-13T05:42:09","slug":"decouverte-incroyable-en-amazonie-cet-anaconda-monstrueux-filme-avec-will-smith-bouleverse-les-experts-de-la-faune-sauvage","status":"publish","type":"post","link":"https:\/\/www.europesays.com\/fr\/172612\/","title":{"rendered":"D\u00e9couverte incroyable en Amazonie : cet anaconda monstrueux film\u00e9 avec Will Smith bouleverse les experts de la faune sauvage"},"content":{"rendered":"<tr>\n<td><strong>EN BREF<\/strong><\/td>\n<\/tr>\n<tr>\n<td>\n<ul>\n<li>\ud83c\udf3f D\u00e9couverte d\u2019une nouvelle esp\u00e8ce d\u2019anaconda g\u00e9ant en Amazonie, mesurant jusqu\u2019\u00e0 <strong>7,5 m\u00e8tres<\/strong>.<\/li>\n<li>\ud83c\udfa5 R\u00e9v\u00e9lation survenue lors du tournage de l\u2019\u00e9mission \u00ab Pole to Pole \u00bb avec <strong>Will Smith<\/strong>.<\/li>\n<li>\ud83d\udd0d Exp\u00e9dition men\u00e9e par le <strong>Professeur Bryan Fry<\/strong> avec l\u2019aide des chasseurs indig\u00e8nes Waorani.<\/li>\n<li>\ud83c\udf0d Importance de cette d\u00e9couverte pour la <strong>science<\/strong> et la <strong>conservation<\/strong> de la biodiversit\u00e9 amazonienne.<\/li>\n<\/ul>\n<\/td>\n<\/tr>\n<p>La d\u00e9couverte r\u00e9cente d\u2019un nouvel anaconda g\u00e9ant en Amazonie a suscit\u00e9 une vague d\u2019excitation et de curiosit\u00e9 dans la communaut\u00e9 scientifique. Baptis\u00e9 <strong>\u00ab northern green anaconda \u00bb<\/strong>, cet impressionnant reptile pourrait bien changer notre compr\u00e9hension des \u00e9cosyst\u00e8mes amazoniens. Cette r\u00e9v\u00e9lation est survenue lors du tournage de l\u2019\u00e9mission \u00ab Pole to Pole \u00bb avec l\u2019acteur Will Smith, \u00e9veillant ainsi l\u2019int\u00e9r\u00eat du grand public pour les myst\u00e8res de la jungle. En explorant les d\u00e9tails de cette d\u00e9couverte, nous d\u00e9couvrons une nature encore pleine de surprises.<\/p>\n<p>Une exp\u00e9dition pas comme les autres<\/p>\n<p>L\u2019exp\u00e9dition qui a conduit \u00e0 cette d\u00e9couverte s\u2019est d\u00e9roul\u00e9e au c\u0153ur du territoire Baihuaeri Waorani, dans la r\u00e9gion recul\u00e9e de Bameno. Conduite par le <strong>Professeur Bryan Fry<\/strong> de l\u2019Universit\u00e9 du Queensland, l\u2019\u00e9quipe de chercheurs a pass\u00e9 dix jours \u00e0 naviguer en cano\u00eb sur les m\u00e9andres des rivi\u00e8res amazoniques. Cette collaboration avec les chasseurs indig\u00e8nes Waorani a \u00e9t\u00e9 essentielle pour acc\u00e9der \u00e0 des zones rarement explor\u00e9es par des \u00e9trangers.<\/p>\n<p>Les eaux peu profondes o\u00f9 ces anacondas ont \u00e9t\u00e9 d\u00e9couverts sont leur habitat naturel. La coop\u00e9ration avec les Waorani a permis de maximiser les chances de rencontrer ces serpents, d\u00e9montrant l\u2019importance des connaissances locales dans les d\u00e9couvertes scientifiques.<\/p>\n<blockquote class=\"wp-embedded-content\" data-secret=\"RlfydQkKbP\">\n<p><a href=\"https:\/\/newsly.fr\/2025\/05\/11\/ce-tresor-vieux-de-200-ans-decouvert-sous-terre-secoue-les-habitants-et-relance-les-legendes-enfouies\/\" rel=\"nofollow noopener\" target=\"_blank\">Ce tr\u00e9sor vieux de 200 ans d\u00e9couvert sous terre secoue les habitants et relance les l\u00e9gendes enfouies<\/a><\/p>\n<\/blockquote>\n<p>Des caract\u00e9ristiques qui impressionnent<\/p>\n<p>Le nouvel anaconda captur\u00e9 mesure <strong>6,31 m\u00e8tres<\/strong>, mais cette esp\u00e8ce pourrait atteindre des longueurs impressionnantes de plus de <strong>7,32 m\u00e8tres<\/strong>, selon les observations locales. Ce qui pourrait en faire le plus grand anaconda connu, red\u00e9finissant ainsi les records de taille pour ces serpents. Cette d\u00e9couverte relance l\u2019int\u00e9r\u00eat pour les pr\u00e9dateurs aquatiques de l\u2019Amazonie.<\/p>\n<p>Les anacondas, parfaitement adapt\u00e9s \u00e0 leur environnement aquatique, sont des pr\u00e9dateurs redoutables. Leur grande taille et leur comportement discret nourrissent les l\u00e9gendes locales, notamment parmi les indig\u00e8nes Waorani pour qui ces cr\u00e9atures occupent une place sacr\u00e9e.<\/p>\n<blockquote class=\"wp-embedded-content\" data-secret=\"lwwLrL7VXN\">\n<p><a href=\"https:\/\/newsly.fr\/2025\/05\/12\/papier-toilette-la-seule-bonne-facon-de-linstaller-enfin-confirmee-par-la-science-et-ce-nest-pas-celle-que-vous-croyez\/\" rel=\"nofollow noopener\" target=\"_blank\">Papier toilette : la seule bonne fa\u00e7on de l\u2019installer enfin confirm\u00e9e par la science, et ce n\u2019est pas celle que vous croyez<\/a><\/p>\n<\/blockquote>\n<p>Les implications pour la science et la conservation<\/p>\n<p>La d\u00e9couverte de cette nouvelle esp\u00e8ce d\u2019anaconda a des implications profondes pour la science. Elle souligne l\u2019importance de la conservation de l\u2019Amazonie, un \u00e9cosyst\u00e8me encore largement inexplor\u00e9. <strong>Les chercheurs esp\u00e8rent que cette d\u00e9couverte sensibilisera davantage \u00e0 la protection de la biodiversit\u00e9<\/strong>.<\/p>\n<p>Cette trouvaille met \u00e9galement en lumi\u00e8re l\u2019importance des recherches collaboratives avec les communaut\u00e9s locales. Leur connaissance approfondie de la r\u00e9gion est indispensable pour acc\u00e9der \u00e0 des zones recul\u00e9es et pour la d\u00e9couverte de nouvelles esp\u00e8ces.<\/p>\n<blockquote class=\"wp-embedded-content\" data-secret=\"e38nglsBlr\">\n<p><a href=\"https:\/\/newsly.fr\/2024\/09\/04\/scandale-ces-influenceurs-de-telerealite-francais-achetent-des-followers-pour-tromper-les-internautes-et-engranger-des-millions\/\" rel=\"nofollow noopener\" target=\"_blank\">Scandale : ces influenceurs de t\u00e9l\u00e9r\u00e9alit\u00e9 fran\u00e7ais ach\u00e8tent des followers pour tromper les internautes et engranger des millions<\/a><\/p>\n<\/blockquote>\n<p>Un regard vers l\u2019avenir<\/p>\n<p>Alors que la science continue d\u2019explorer les myst\u00e8res de la for\u00eat amazonienne, la d\u00e9couverte du northern green anaconda ouvre la voie \u00e0 de nouvelles questions et opportunit\u00e9s. Comment cette esp\u00e8ce s\u2019inscrit-elle dans l\u2019\u00e9cosyst\u00e8me actuel ? Quels autres secrets restent cach\u00e9s dans l\u2019immense canop\u00e9e de l\u2019Amazonie ?<\/p>\n<p>Alors que la fascination pour ces g\u00e9ants de la jungle ne cesse de cro\u00eetre, il est crucial de continuer \u00e0 explorer ces r\u00e9gions inexplor\u00e9es avec respect et pr\u00e9caution. Quel avenir pour ces d\u00e9couvertes dans un monde en constante \u00e9volution ?<\/p>\n<p>L\u2019auteur s\u2019est appuy\u00e9 sur l\u2019intelligence artificielle pour enrichir cet article.<\/p>\n<p id=\"rating\">\u00c7a vous a plu ?\u00a04.6\/5 (22)<\/p>\n","protected":false},"excerpt":{"rendered":"EN BREF \ud83c\udf3f D\u00e9couverte d\u2019une nouvelle esp\u00e8ce d\u2019anaconda g\u00e9ant en Amazonie, mesurant jusqu\u2019\u00e0 7,5 m\u00e8tres. \ud83c\udfa5 R\u00e9v\u00e9lation survenue&hellip;\n","protected":false},"author":2,"featured_media":172613,"comment_status":"","ping_status":"","sticky":false,"template":"","format":"standard","meta":{"footnotes":""},"categories":[7],"tags":[1011,27,43,40,41,39,42,44],"class_list":{"0":"post-172612","1":"post","2":"type-post","3":"status-publish","4":"format-standard","5":"has-post-thumbnail","7":"category-sciences-et-technologies","8":"tag-fr","9":"tag-france","10":"tag-science","11":"tag-science-and-technology","12":"tag-sciences","13":"tag-sciences-et-technologies","14":"tag-technologies","15":"tag-technology"},"share_on_mastodon":{"url":"https:\/\/pubeurope.com\/@fr\/114674463200840586","error":""},"_links":{"self":[{"href":"https:\/\/www.europesays.com\/fr\/wp-json\/wp\/v2\/posts\/172612","targetHints":{"allow":["GET"]}}],"collection":[{"href":"https:\/\/www.europesays.com\/fr\/wp-json\/wp\/v2\/posts"}],"about":[{"href":"https:\/\/www.europesays.com\/fr\/wp-json\/wp\/v2\/types\/post"}],"author":[{"embeddable":true,"href":"https:\/\/www.europesays.com\/fr\/wp-json\/wp\/v2\/users\/2"}],"replies":[{"embeddable":true,"href":"https:\/\/www.europesays.com\/fr\/wp-json\/wp\/v2\/comments?post=172612"}],"version-history":[{"count":0,"href":"https:\/\/www.europesays.com\/fr\/wp-json\/wp\/v2\/posts\/172612\/revisions"}],"wp:featuredmedia":[{"embeddable":true,"href":"https:\/\/www.europesays.com\/fr\/wp-json\/wp\/v2\/media\/172613"}],"wp:attachment":[{"href":"https:\/\/www.europesays.com\/fr\/wp-json\/wp\/v2\/media?parent=172612"}],"wp:term":[{"taxonomy":"category","embeddable":true,"href":"https:\/\/www.europesays.com\/fr\/wp-json\/wp\/v2\/categories?post=172612"},{"taxonomy":"post_tag","embeddable":true,"href":"https:\/\/www.europesays.com\/fr\/wp-json\/wp\/v2\/tags?post=172612"}],"curies":[{"name":"wp","href":"https:\/\/api.w.org\/{rel}","templated":true}]}}