{"id":172616,"date":"2025-06-13T05:44:10","date_gmt":"2025-06-13T05:44:10","guid":{"rendered":"https:\/\/www.europesays.com\/fr\/172616\/"},"modified":"2025-06-13T05:44:10","modified_gmt":"2025-06-13T05:44:10","slug":"avant-le-crash-du-vol-air-india-ce-couple-de-britanniques-sest-filme-heureux-a-laeroport-dahmedabad","status":"publish","type":"post","link":"https:\/\/www.europesays.com\/fr\/172616\/","title":{"rendered":"Avant le crash du vol Air India, ce couple de Britanniques s\u2019est film\u00e9 \u00ab\u00a0heureux\u00a0\u00bb \u00e0 l\u2019a\u00e9roport d\u2019Ahmedabad"},"content":{"rendered":"<p>        <img decoding=\"async\" loading=\"lazy\" src=\"https:\/\/www.europesays.com\/fr\/wp-content\/uploads\/2025\/06\/8f0cb25_upload-1-yzgowzpcfjdd-capture-da-a-cran-2025-06-13-015132.png\"  width=\"728\" height=\"410\" alt=\"Avant le crash du vol Air India, ce jeudi 12\u00a0juin, ce couple de Britanniques s\u2019est film\u00e9 \u00ab\u00a0heureux\u00a0\u00bb \u00e0 l\u2019a\u00e9roport d\u2019Ahmedabad.\"\/>  <\/p>\n<p>capture d\u2019\u00e9cran vid\u00e9o X (ex-Twitter)<\/p>\n<p>Avant le crash du vol Air India, ce jeudi 12\u00a0juin, ce couple de Britanniques s\u2019est film\u00e9 \u00ab\u00a0heureux\u00a0\u00bb \u00e0 l\u2019a\u00e9roport d\u2019Ahmedabad.<\/p>\n<p class=\"asset asset-text\">INTERNATIONAL &#8211; Derni\u00e8res minutes de vie apr\u00e8s un voyage \u00ab\u00a0incroyable\u00a0\u00bb. Avant d\u2019embarquer dans le <a href=\"https:\/\/www.huffingtonpost.fr\/international\/video\/un-avion-air-india-s-ecrase-en-inde-apres-le-decollage-avec-242-passagers-a-bord_251257.html\" target=\"_blank\" rel=\"noopener\">Boeing 787 d\u2019Air\u00a0India\u00a0<\/a>qui s\u2019est \u00e9cras\u00e9 ce jeudi 12\u00a0juin \u00e0 Ahmedabad, un<a href=\"https:\/\/www.huffingtonpost.fr\/faits-divers\/article\/en-aveyron-le-mystere-perdure-autour-de-la-mort-de-ce-couple-de-britanniques_246084.html\" target=\"_blank\" rel=\"noopener\"> couple de Britanniques<\/a>, vivant \u00e0 Londres, a publi\u00e9 une vid\u00e9o depuis l\u2019a\u00e9roport sur leur \u00ab\u00a0exp\u00e9rience magique\u00a0\u00bb en Inde, rapportent plusieurs m\u00e9dias britanniques.<\/p>\n<p class=\"asset asset-text\">Sur le compte Instagram de leur entreprise de bien \u00eatre The Wellness Foundry, Jamie Ray Greenlaw-Meek et Fiongal Greenlaw-Meek ont partag\u00e9 un petit film dans lequel ils disent \u00ab\u00a0au revoir\u00a0\u00bb \u00e0 l\u2019Inde avant de monter dans l\u2019avion. Face \u00e0 la cam\u00e9ra, Jamie plaisante \u00e9galement sur la longueur du vol, qui aurait d\u00fb durer dix heures.<\/p>\n<p class=\"asset asset-text\"><strong>Comme vous pouvez le voir ci-dessous<\/strong>, Fiongal termine la vid\u00e9o avec un sourire\u00a0: \u00ab\u00a0Je rentre heureux, heureux, heureux et serein.\u00a0\u00bb Cette s\u00e9quence a \u00e9t\u00e9 \u00e9norm\u00e9ment partag\u00e9e sur les r\u00e9seaux sociaux, beaucoup s\u2019imaginant \u00e0 la place du couple d\u00e9c\u00e9d\u00e9.<\/p>\n<p> La lecture de ce contenu est susceptible d\u2019entra\u00eener un d\u00e9p\u00f4t de cookies de la part de l\u2019op\u00e9rateur tiers qui l\u2019h\u00e9berge. Compte-tenu des choix que vous avez exprim\u00e9s en mati\u00e8re de d\u00e9p\u00f4t de cookies, nous avons bloqu\u00e9 l\u2019affichage de ce contenu. Si vous souhaitez y acc\u00e9der, vous devez accepter la cat\u00e9gorie de cookies \u201cContenus tiers\u201d en cliquant sur le bouton ci-dessous. <\/p>\n<p> Lire la Vid\u00e9o        <\/p>\n<p class=\"asset asset-text\">Dans une autre vid\u00e9o partag\u00e9e un peu plus t\u00f4t sur les r\u00e9seaux sociaux, le couple avait d\u00e9crit son voyage comme une \u00ab\u00a0exp\u00e9rience magique\u00a0\u00bb et promettait de partager avec ses followers un vlog sur les \u00ab\u00a0choses incroyables\u00a0\u00bb vues pendant leurs vacances.<\/p>\n<p>                     Il \u00ab\u00a0devait aller chercher son chien\u00a0\u00bb    <\/p>\n<p class=\"asset asset-text\">Apr\u00e8s une retraite bien-\u00eatre de dix\u00a0jours, les amoureux devaient rentrer dans la soir\u00e9e \u00e0 Londres. Le fr\u00e8re de Jamie a d\u00e9clar\u00e9 au journal <a href=\"https:\/\/www.independent.co.uk\/news\/uk\/home-news\/british-couple-fiongal-greenlaw-meek-air-india-crash-b2768896.html\" target=\"_blank\" rel=\"noopener\" title=\"Nouvelle fen\u00eatre\">Independant<\/a>\u00a0: \u00ab\u00a0Nous l\u2019attendions \u00e0 la maison ce soir. Il aurait d\u00fb atterrir \u00e0 18h30, puis prendre la route vers 23\u00a0h pour aller chercher son chien qui est chez notre m\u00e8re.\u00a0\u00bb<\/p>\n<p class=\"asset asset-text\">Un centre d\u2019accueil pour les proches des victimes a \u00e9t\u00e9 install\u00e9 \u00e0 l\u2019a\u00e9roport Gatwick de Londres o\u00f9 devait atterrir le vol d\u2019Air\u00a0India.<\/p>\n<p class=\"asset asset-text\">Selon l\u2019aviation civile, le vol 171 avait embarqu\u00e9 230 passagers, dont 169 Indiens, 53 Britanniques, 7 Portugais et un Canadien, et douze membres d\u2019\u00e9quipage. L\u2019avion s\u2019est \u00e9cras\u00e9 sur une zone r\u00e9sidentielle, alourdissant le bilan des victimes. Les autorit\u00e9s font \u00e9tat d\u2019au moins 265 morts, Il n\u2019y a qu\u2019un survivant connu.<\/p>\n","protected":false},"excerpt":{"rendered":"capture d\u2019\u00e9cran vid\u00e9o X (ex-Twitter) Avant le crash du vol Air India, ce jeudi 12\u00a0juin, ce couple de&hellip;\n","protected":false},"author":2,"featured_media":172617,"comment_status":"","ping_status":"","sticky":false,"template":"","format":"standard","meta":{"footnotes":""},"categories":[5],"tags":[11,4708,4098,1011,27,5595,14,12,28],"class_list":{"0":"post-172616","1":"post","2":"type-post","3":"status-publish","4":"format-standard","5":"has-post-thumbnail","7":"category-international","8":"tag-actualites","9":"tag-angleterre","10":"tag-crash","11":"tag-fr","12":"tag-france","13":"tag-inde","14":"tag-international","15":"tag-news","16":"tag-world"},"share_on_mastodon":{"url":"https:\/\/pubeurope.com\/@fr\/114674471106734370","error":""},"_links":{"self":[{"href":"https:\/\/www.europesays.com\/fr\/wp-json\/wp\/v2\/posts\/172616","targetHints":{"allow":["GET"]}}],"collection":[{"href":"https:\/\/www.europesays.com\/fr\/wp-json\/wp\/v2\/posts"}],"about":[{"href":"https:\/\/www.europesays.com\/fr\/wp-json\/wp\/v2\/types\/post"}],"author":[{"embeddable":true,"href":"https:\/\/www.europesays.com\/fr\/wp-json\/wp\/v2\/users\/2"}],"replies":[{"embeddable":true,"href":"https:\/\/www.europesays.com\/fr\/wp-json\/wp\/v2\/comments?post=172616"}],"version-history":[{"count":0,"href":"https:\/\/www.europesays.com\/fr\/wp-json\/wp\/v2\/posts\/172616\/revisions"}],"wp:featuredmedia":[{"embeddable":true,"href":"https:\/\/www.europesays.com\/fr\/wp-json\/wp\/v2\/media\/172617"}],"wp:attachment":[{"href":"https:\/\/www.europesays.com\/fr\/wp-json\/wp\/v2\/media?parent=172616"}],"wp:term":[{"taxonomy":"category","embeddable":true,"href":"https:\/\/www.europesays.com\/fr\/wp-json\/wp\/v2\/categories?post=172616"},{"taxonomy":"post_tag","embeddable":true,"href":"https:\/\/www.europesays.com\/fr\/wp-json\/wp\/v2\/tags?post=172616"}],"curies":[{"name":"wp","href":"https:\/\/api.w.org\/{rel}","templated":true}]}}