{"id":172622,"date":"2025-06-13T05:47:10","date_gmt":"2025-06-13T05:47:10","guid":{"rendered":"https:\/\/www.europesays.com\/fr\/172622\/"},"modified":"2025-06-13T05:47:10","modified_gmt":"2025-06-13T05:47:10","slug":"un-chef-doeuvre-de-mozart-a-lopera-de-saint-etienne","status":"publish","type":"post","link":"https:\/\/www.europesays.com\/fr\/172622\/","title":{"rendered":"un chef-d&rsquo;\u0153uvre de Mozart \u00e0 l&rsquo;Op\u00e9ra de Saint-\u00c9tienne"},"content":{"rendered":"<p>La jeune soprano espagnole Ruth Iniesta chantera en allemand le r\u00f4le de Konstanze dans L\u2019enl\u00e8vement au S\u00e9rail de Mozart. Cette cr\u00e9ation de l\u2019Op\u00e9ra de Saint-\u00c9tienne est mise en sc\u00e8ne par Jean-Christophe Mast, qui avait d\u00e9j\u00e0 \u0153uvr\u00e9 pour Nabucco et effectu\u00e9 la r\u00e9alisation de La Veuve joyeuse. L\u2019orchestre sera dirig\u00e9 par Giuseppe Grazioli. \u00c0 d\u00e9couvrir ce vendredi 13, dimanche 15 et mardi 17 juin au mardi au Grand Th\u00e9\u00e2tre Massenet.<\/p>\n","protected":false},"excerpt":{"rendered":"La jeune soprano espagnole Ruth Iniesta chantera en allemand le r\u00f4le de Konstanze dans L\u2019enl\u00e8vement au S\u00e9rail de&hellip;\n","protected":false},"author":2,"featured_media":172623,"comment_status":"","ping_status":"","sticky":false,"template":"","format":"standard","meta":{"footnotes":""},"categories":[9653],"tags":[1111,11,2430,1687,7539,1777,674,1011,27,3367,12,25,4001],"class_list":{"0":"post-172622","1":"post","2":"type-post","3":"status-publish","4":"format-standard","5":"has-post-thumbnail","7":"category-saint-etienne","8":"tag-actu","9":"tag-actualites","10":"tag-auvergne-rhone-alpes","11":"tag-culture-loisirs","12":"tag-edition-loire-sud","13":"tag-eu","14":"tag-europe","15":"tag-fr","16":"tag-france","17":"tag-loire","18":"tag-news","19":"tag-republique-francaise","20":"tag-saint-etienne"},"share_on_mastodon":{"url":"https:\/\/pubeurope.com\/@fr\/114674482721592459","error":""},"_links":{"self":[{"href":"https:\/\/www.europesays.com\/fr\/wp-json\/wp\/v2\/posts\/172622","targetHints":{"allow":["GET"]}}],"collection":[{"href":"https:\/\/www.europesays.com\/fr\/wp-json\/wp\/v2\/posts"}],"about":[{"href":"https:\/\/www.europesays.com\/fr\/wp-json\/wp\/v2\/types\/post"}],"author":[{"embeddable":true,"href":"https:\/\/www.europesays.com\/fr\/wp-json\/wp\/v2\/users\/2"}],"replies":[{"embeddable":true,"href":"https:\/\/www.europesays.com\/fr\/wp-json\/wp\/v2\/comments?post=172622"}],"version-history":[{"count":0,"href":"https:\/\/www.europesays.com\/fr\/wp-json\/wp\/v2\/posts\/172622\/revisions"}],"wp:featuredmedia":[{"embeddable":true,"href":"https:\/\/www.europesays.com\/fr\/wp-json\/wp\/v2\/media\/172623"}],"wp:attachment":[{"href":"https:\/\/www.europesays.com\/fr\/wp-json\/wp\/v2\/media?parent=172622"}],"wp:term":[{"taxonomy":"category","embeddable":true,"href":"https:\/\/www.europesays.com\/fr\/wp-json\/wp\/v2\/categories?post=172622"},{"taxonomy":"post_tag","embeddable":true,"href":"https:\/\/www.europesays.com\/fr\/wp-json\/wp\/v2\/tags?post=172622"}],"curies":[{"name":"wp","href":"https:\/\/api.w.org\/{rel}","templated":true}]}}