{"id":172624,"date":"2025-06-13T05:48:13","date_gmt":"2025-06-13T05:48:13","guid":{"rendered":"https:\/\/www.europesays.com\/fr\/172624\/"},"modified":"2025-06-13T05:48:13","modified_gmt":"2025-06-13T05:48:13","slug":"saint-etienne-interpellee-pour-usage-du-telephone-elle-navait-pas-le-permis-de-conduire","status":"publish","type":"post","link":"https:\/\/www.europesays.com\/fr\/172624\/","title":{"rendered":"Saint-\u00c9tienne. Interpell\u00e9e pour usage du t\u00e9l\u00e9phone, elle n\u2019avait pas le permis de conduire"},"content":{"rendered":"<p>Il \u00e9tait environ 20 heures ce lundi 9\u00a0juin quand un \u00e9quipage de police de la Brigade sp\u00e9cialis\u00e9e de terrain aper\u00e7oit, dans le quartier de la Cotonne \u00e0 Saint-\u00c9tienne, une conductrice en train de faire usage de son t\u00e9l\u00e9phone portable alors qu\u2019elle circule.<\/p>\n<p>Cette derni\u00e8re est alors intercept\u00e9e par les fonctionnaires qui vont d\u00e9couvrir au cours du contr\u00f4le que la jeune femme, \u00e2g\u00e9e de 22 ans et r\u00e9sidant dans la vall\u00e9e du Gier, ne dispose pas du permis de conduire.<\/p>\n<p>D\u00e9j\u00e0 condamn\u00e9e pour d\u00e9faut de permis de conduire<\/p>\n<p>Pire encore, elle avait d\u00e9j\u00e0 \u00e9t\u00e9 condamn\u00e9e \u00e0 deux reprises, en\u00a02021 et\u00a02023, pour d\u00e9faut de permis de conduire. De plus, son v\u00e9hicule n\u2019est pas assur\u00e9.<\/p>\n<p>Interpell\u00e9e et plac\u00e9e en garde \u00e0 vue, elle s\u2019est vu notifier, \u00e0 l\u2019issue, une convocation devant le tribunal correctionnel de Saint-\u00c9tienne au cours des prochaines semaines.<\/p>\n","protected":false},"excerpt":{"rendered":"Il \u00e9tait environ 20 heures ce lundi 9\u00a0juin quand un \u00e9quipage de police de la Brigade sp\u00e9cialis\u00e9e de&hellip;\n","protected":false},"author":2,"featured_media":172625,"comment_status":"","ping_status":"","sticky":false,"template":"","format":"standard","meta":{"footnotes":""},"categories":[9653],"tags":[1111,11,2430,271,272,7539,1777,674,274,1011,27,3367,12,25,4001,7538],"class_list":{"0":"post-172624","1":"post","2":"type-post","3":"status-publish","4":"format-standard","5":"has-post-thumbnail","7":"category-saint-etienne","8":"tag-actu","9":"tag-actualites","10":"tag-auvergne-rhone-alpes","11":"tag-crime","12":"tag-delit-et-contravention","13":"tag-edition-loire-sud","14":"tag-eu","15":"tag-europe","16":"tag-faits-divers-justice","17":"tag-fr","18":"tag-france","19":"tag-loire","20":"tag-news","21":"tag-republique-francaise","22":"tag-saint-etienne","23":"tag-saint-etienne-ville"},"share_on_mastodon":{"url":"https:\/\/pubeurope.com\/@fr\/114674486733440418","error":""},"_links":{"self":[{"href":"https:\/\/www.europesays.com\/fr\/wp-json\/wp\/v2\/posts\/172624","targetHints":{"allow":["GET"]}}],"collection":[{"href":"https:\/\/www.europesays.com\/fr\/wp-json\/wp\/v2\/posts"}],"about":[{"href":"https:\/\/www.europesays.com\/fr\/wp-json\/wp\/v2\/types\/post"}],"author":[{"embeddable":true,"href":"https:\/\/www.europesays.com\/fr\/wp-json\/wp\/v2\/users\/2"}],"replies":[{"embeddable":true,"href":"https:\/\/www.europesays.com\/fr\/wp-json\/wp\/v2\/comments?post=172624"}],"version-history":[{"count":0,"href":"https:\/\/www.europesays.com\/fr\/wp-json\/wp\/v2\/posts\/172624\/revisions"}],"wp:featuredmedia":[{"embeddable":true,"href":"https:\/\/www.europesays.com\/fr\/wp-json\/wp\/v2\/media\/172625"}],"wp:attachment":[{"href":"https:\/\/www.europesays.com\/fr\/wp-json\/wp\/v2\/media?parent=172624"}],"wp:term":[{"taxonomy":"category","embeddable":true,"href":"https:\/\/www.europesays.com\/fr\/wp-json\/wp\/v2\/categories?post=172624"},{"taxonomy":"post_tag","embeddable":true,"href":"https:\/\/www.europesays.com\/fr\/wp-json\/wp\/v2\/tags?post=172624"}],"curies":[{"name":"wp","href":"https:\/\/api.w.org\/{rel}","templated":true}]}}