{"id":172629,"date":"2025-06-13T05:51:11","date_gmt":"2025-06-13T05:51:11","guid":{"rendered":"https:\/\/www.europesays.com\/fr\/172629\/"},"modified":"2025-06-13T05:51:11","modified_gmt":"2025-06-13T05:51:11","slug":"soixante-policiers-en-renfort-pour-la-saison-estivale-a-toulon","status":"publish","type":"post","link":"https:\/\/www.europesays.com\/fr\/172629\/","title":{"rendered":"Soixante policiers en renfort pour la saison estivale \u00e0 Toulon"},"content":{"rendered":"<p>Davantage de bleu sur la voie publique et plus de contr\u00f4les cet \u00e9t\u00e9. C\u2019est l\u2019ambition affich\u00e9e par le commissaire divisionnaire Jean-Michel Hornus, directeur adjoint de la police nationale dans le Var et chef de la circonscription de police de Toulon.<\/p>\n<p>\u00ab\u00a0Nous allons concentrer nos efforts sur les plages, les gares, les transports collectifs et les grands rassemblements festifs et culturels.\u00a0\u00bb Et d\u2019annoncer un dispositif renforc\u00e9 \u00a0\u00bb d\u00e8s ce week-end\u00a0\u00bb.<\/p>\n<p>La moiti\u00e9 des effectifs de CRS qui renforceront les services de police dans le Var cet \u00e9t\u00e9 seront ainsi \u00ab\u00a0d\u00e9ploy\u00e9s \u00e0 Toulon et dans sa m\u00e9tropole\u00a0\u00bb, pr\u00e9cise encore Jean-Michel Hornus. Cela repr\u00e9sente un effectif de soixante fonctionnaires affect\u00e9s \u00e0 des missions de s\u00e9curit\u00e9 publique.<\/p>\n<p>\u00ab\u00a0Nous allons travailler sur diff\u00e9rentes th\u00e9matiques telles que les ports d\u2019armes \u2013 il n\u2019est pas tol\u00e9rable d\u2019aller \u00e0 la plage ou au restaurant avec un couteau \u2013, la lutte contre la consommation de stup\u00e9fiants dans l\u2019espace public \u2013 qui agace nos concitoyens et donne un sentiment d\u2019impunit\u00e9 \u2013 et les mobilit\u00e9s quand elles sont accompagn\u00e9es d\u2019incivilit\u00e9s \u2013 circulation en trottinettes sur les trottoirs, etc.\u00a0\u00bb, pr\u00e9vient le patron de la police toulonnaise.<\/p>\n<p>Des efforts qui ont \u00e9t\u00e9 payants l\u2019ann\u00e9e derni\u00e8re<\/p>\n<p>Pour affiner et adapter ses missions de proximit\u00e9, la police entend s\u2019appuyer sur un \u00ab\u00a0groupe de partenariat op\u00e9rationnel\u00a0\u00bb (GPO), sur le th\u00e8me du tourisme, qui s\u2019est r\u00e9uni ce jeudi matin \u00e0 l\u2019h\u00f4tel de police. \u00ab\u00a0Cela permet de r\u00e9unir autour d\u2019une m\u00eame table des citoyens \u2013 repr\u00e9sent\u00e9s par les comit\u00e9s d\u2019int\u00e9r\u00eat local (CIL) \u2013 et tous les acteurs concern\u00e9s.\u00a0\u00bb<\/p>\n<p>Professionnels, s\u00fbret\u00e9 ferroviaire, mairie&#8230; \u00ab\u00a0On \u00e9coute la population pour prendre en compte ses attentes, on voit comment on peut r\u00e9soudre les probl\u00e8mes et cela permet des synergies.\u00a0\u00bb<\/p>\n<p>\u00ab\u00a0Au Mourillon par exemple, beaucoup se plaignent d\u2019incivilit\u00e9s en fin de soir\u00e9e\u00a0\u00bb, illustre ainsi Patrice Goizin, patron d\u2019un \u00e9tablissement dans le centre-ville et pr\u00e9sident de la branche \u00ab\u00a0restauration\u00a0\u00bb du Groupement des h\u00f4telleries et restaurations (GHR) \u00e0 l\u2019\u00e9chelle de la r\u00e9gion Provence-Alpes-C\u00f4te d\u2019Azur.<\/p>\n<p>La police revendique une baisse de 11,40% de la d\u00e9linquance de proximit\u00e9 durant l\u2019\u00e9t\u00e9 2024 et une diminution de 23,44% de violences crapuleuses dans l\u2019aire toulonnaise.<\/p>\n<p>L\u2019absence de renforts et le d\u00e9part de 150 policiers varois pour cause de JO de Paris avaient \u00e9t\u00e9 compens\u00e9s par un report de cong\u00e9s pendant cette p\u00e9riode.<\/p>\n<p>\u00ab\u00a0On avait augment\u00e9 notre visibilit\u00e9 sur juillet et ao\u00fbt.\u00a0\u00bb Un effort que le commissariat de Toulon entend poursuivre \u00ab\u00a0en coordination avec la police municipale\u00a0\u00bb.<\/p>\n","protected":false},"excerpt":{"rendered":"Davantage de bleu sur la voie publique et plus de contr\u00f4les cet \u00e9t\u00e9. C\u2019est l\u2019ambition affich\u00e9e par le&hellip;\n","protected":false},"author":2,"featured_media":172630,"comment_status":"","ping_status":"","sticky":false,"template":"","format":"standard","meta":{"footnotes":""},"categories":[9619],"tags":[1111,11,1777,674,1011,27,12,882,25,656,2310,3366],"class_list":{"0":"post-172629","1":"post","2":"type-post","3":"status-publish","4":"format-standard","5":"has-post-thumbnail","7":"category-toulon","8":"tag-actu","9":"tag-actualites","10":"tag-eu","11":"tag-europe","12":"tag-fr","13":"tag-france","14":"tag-news","15":"tag-provence-alpes-cote-dazur","16":"tag-republique-francaise","17":"tag-securite","18":"tag-toulon","19":"tag-vie-locale"},"share_on_mastodon":{"url":"https:\/\/pubeurope.com\/@fr\/114674498479538366","error":""},"_links":{"self":[{"href":"https:\/\/www.europesays.com\/fr\/wp-json\/wp\/v2\/posts\/172629","targetHints":{"allow":["GET"]}}],"collection":[{"href":"https:\/\/www.europesays.com\/fr\/wp-json\/wp\/v2\/posts"}],"about":[{"href":"https:\/\/www.europesays.com\/fr\/wp-json\/wp\/v2\/types\/post"}],"author":[{"embeddable":true,"href":"https:\/\/www.europesays.com\/fr\/wp-json\/wp\/v2\/users\/2"}],"replies":[{"embeddable":true,"href":"https:\/\/www.europesays.com\/fr\/wp-json\/wp\/v2\/comments?post=172629"}],"version-history":[{"count":0,"href":"https:\/\/www.europesays.com\/fr\/wp-json\/wp\/v2\/posts\/172629\/revisions"}],"wp:featuredmedia":[{"embeddable":true,"href":"https:\/\/www.europesays.com\/fr\/wp-json\/wp\/v2\/media\/172630"}],"wp:attachment":[{"href":"https:\/\/www.europesays.com\/fr\/wp-json\/wp\/v2\/media?parent=172629"}],"wp:term":[{"taxonomy":"category","embeddable":true,"href":"https:\/\/www.europesays.com\/fr\/wp-json\/wp\/v2\/categories?post=172629"},{"taxonomy":"post_tag","embeddable":true,"href":"https:\/\/www.europesays.com\/fr\/wp-json\/wp\/v2\/tags?post=172629"}],"curies":[{"name":"wp","href":"https:\/\/api.w.org\/{rel}","templated":true}]}}