{"id":17264,"date":"2025-04-11T12:23:23","date_gmt":"2025-04-11T12:23:23","guid":{"rendered":"https:\/\/www.europesays.com\/fr\/17264\/"},"modified":"2025-04-11T12:23:23","modified_gmt":"2025-04-11T12:23:23","slug":"parcs-evenement-tattoo-maneges-que-faire-ce-week-end-pres-de-lille","status":"publish","type":"post","link":"https:\/\/www.europesays.com\/fr\/17264\/","title":{"rendered":"Parcs, \u00e9v\u00e9nement tattoo, man\u00e8ges&#8230; Que faire ce week-end, pr\u00e8s de Lille\u00a0?"},"content":{"rendered":"<p>Vous ne savez pas encore quoi faire ce week-end ? La r\u00e9daction vous liste quelques id\u00e9es de sorties, pour les samedi 12 et dimanche 13 avril 2025, \u00e0 Lille et aux alentours.<\/p>\n<p>\n                            Cet article est r\u00e9serv\u00e9 aux abonn\u00e9s\n                        <\/p>\n<p>      <img loading=\"lazy\"   decoding=\"async\" class=\"size-large\" src=\"https:\/\/www.europesays.com\/fr\/wp-content\/uploads\/2025\/04\/96eddbd9b7f769aeddbd9b7f78eeddv-960x640.jpg\" alt=\"Parcs de la MEL, salon du tatouage, man\u00e8ges au Champ de mars... Voici quelques id\u00e9es de sorties \u00e0 faire ce week-end des 12 et 13 avril 2025, du c\u00f4t\u00e9 de Lille.\" width=\"960\" height=\"640\"\/><br \/>\n    Parcs de la MEL, salon du tatouage, man\u00e8ges au Champ de mars\u2026 Voici quelques id\u00e9es de sorties \u00e0 faire ce week-end des 12 et 13 avril 2025, du c\u00f4t\u00e9 de Lille. \u00a9AV et ASH\/Lille actu                <\/p>\n","protected":false},"excerpt":{"rendered":"Vous ne savez pas encore quoi faire ce week-end ? La r\u00e9daction vous liste quelques id\u00e9es de sorties,&hellip;\n","protected":false},"author":2,"featured_media":17265,"comment_status":"","ping_status":"","sticky":false,"template":"","format":"standard","meta":{"footnotes":""},"categories":[2815],"tags":[1111,11,6557,1777,674,1011,27,811,1307,1652,12,25],"class_list":{"0":"post-17264","1":"post","2":"type-post","3":"status-publish","4":"format-standard","5":"has-post-thumbnail","7":"category-lille","8":"tag-actu","9":"tag-actualites","10":"tag-bon-plan-a-lille","11":"tag-eu","12":"tag-europe","13":"tag-fr","14":"tag-france","15":"tag-hauts-de-france","16":"tag-lille","17":"tag-loisirs-culture","18":"tag-news","19":"tag-republique-francaise"},"share_on_mastodon":{"url":"https:\/\/pubeurope.com\/@fr\/114319314396976005","error":""},"_links":{"self":[{"href":"https:\/\/www.europesays.com\/fr\/wp-json\/wp\/v2\/posts\/17264","targetHints":{"allow":["GET"]}}],"collection":[{"href":"https:\/\/www.europesays.com\/fr\/wp-json\/wp\/v2\/posts"}],"about":[{"href":"https:\/\/www.europesays.com\/fr\/wp-json\/wp\/v2\/types\/post"}],"author":[{"embeddable":true,"href":"https:\/\/www.europesays.com\/fr\/wp-json\/wp\/v2\/users\/2"}],"replies":[{"embeddable":true,"href":"https:\/\/www.europesays.com\/fr\/wp-json\/wp\/v2\/comments?post=17264"}],"version-history":[{"count":0,"href":"https:\/\/www.europesays.com\/fr\/wp-json\/wp\/v2\/posts\/17264\/revisions"}],"wp:featuredmedia":[{"embeddable":true,"href":"https:\/\/www.europesays.com\/fr\/wp-json\/wp\/v2\/media\/17265"}],"wp:attachment":[{"href":"https:\/\/www.europesays.com\/fr\/wp-json\/wp\/v2\/media?parent=17264"}],"wp:term":[{"taxonomy":"category","embeddable":true,"href":"https:\/\/www.europesays.com\/fr\/wp-json\/wp\/v2\/categories?post=17264"},{"taxonomy":"post_tag","embeddable":true,"href":"https:\/\/www.europesays.com\/fr\/wp-json\/wp\/v2\/tags?post=17264"}],"curies":[{"name":"wp","href":"https:\/\/api.w.org\/{rel}","templated":true}]}}