{"id":172641,"date":"2025-06-13T05:57:09","date_gmt":"2025-06-13T05:57:09","guid":{"rendered":"https:\/\/www.europesays.com\/fr\/172641\/"},"modified":"2025-06-13T05:57:09","modified_gmt":"2025-06-13T05:57:09","slug":"la-prefecture-declenche-une-procedure-dalerte-suite-a-un-pic-de-pollution-en-isere","status":"publish","type":"post","link":"https:\/\/www.europesays.com\/fr\/172641\/","title":{"rendered":"la pr\u00e9fecture d\u00e9clenche une proc\u00e9dure d\u2019alerte suite \u00e0 un pic de pollution en Is\u00e8re"},"content":{"rendered":"<p itemprop=\"description\"><strong>Atmo Auvergne-Rh\u00f4ne-Alpes a d\u00e9voil\u00e9 des chiffres inqui\u00e9tants sur la qualit\u00e9 de l\u2019air.<\/strong><\/p>\n<p class=\"x_MsoNormal\" style=\"color: #242424; font-style: normal; font-variant-ligatures: normal; font-variant-caps: normal; font-weight: 400; letter-spacing: normal; orphans: 2; text-align: start; text-indent: 0px; text-transform: none; widows: 2; word-spacing: 0px; -webkit-text-stroke-width: 0px; white-space: normal; background-color: #ffffff; text-decoration-thickness: initial; text-decoration-style: initial; text-decoration-color: initial; margin: 0cm 0cm 8pt; line-height: 18.4px; font-size: 12pt; font-family: Calibri, sans-serif;\">Depuis ce mercredi 11 juin, l\u2019air grenoblois est qualifi\u00e9 de \u00ab\u00a0mauvais\u00a0\u00bb. Et ce, \u00e9galement dans tout le d\u00e9partement de l\u2019Is\u00e8re. En cause, l\u2019accumulation du passage des fum\u00e9es provenant des feux au Canada et des fortes chaleurs.<\/p>\n<p class=\"x_MsoNormal\" style=\"color: #242424; font-style: normal; font-variant-ligatures: normal; font-variant-caps: normal; font-weight: 400; letter-spacing: normal; orphans: 2; text-align: start; text-indent: 0px; text-transform: none; widows: 2; word-spacing: 0px; -webkit-text-stroke-width: 0px; white-space: normal; background-color: #ffffff; text-decoration-thickness: initial; text-decoration-style: initial; text-decoration-color: initial; margin: 0cm 0cm 8pt; line-height: 18.4px; font-size: 12pt; font-family: Calibri, sans-serif;\">De ce fait, la pr\u00e9fecture a d\u00e9clench\u00e9, hier apr\u00e8s-midi, une proc\u00e9dure d\u2019alerte et de recommandation pour les habitants et surtout pour les automobilistes. Sur les axes routiers ayant une limitation de vitesse sup\u00e9rieure ou \u00e9gale \u00e0 90km\/h, la vitesse a \u00e9t\u00e9 r\u00e9duite de 20km\/h. Et pour ceux limit\u00e9s \u00e0 80km\/h, il faut rouler \u00e0 70km\/h. De plus, le t\u00e9l\u00e9travail a \u00e9t\u00e9 recommand\u00e9 pour les salari\u00e9s afin d\u2019\u00e9viter au maximum de sortir dehors.<\/p>\n<p class=\"x_MsoNormal\" style=\"color: #242424; font-style: normal; font-variant-ligatures: normal; font-variant-caps: normal; font-weight: 400; letter-spacing: normal; orphans: 2; text-align: start; text-indent: 0px; text-transform: none; widows: 2; word-spacing: 0px; -webkit-text-stroke-width: 0px; white-space: normal; background-color: #ffffff; text-decoration-thickness: initial; text-decoration-style: initial; text-decoration-color: initial; margin: 0cm 0cm 8pt; line-height: 18.4px; font-size: 12pt; font-family: Calibri, sans-serif;\">Selon les pr\u00e9visions d\u2019Atmo, la qualit\u00e9 de l\u2019air sera la m\u00eame pour toute la fin de semaine. Un retour \u00e0 la normale n\u2019est, pour le moment, pas pr\u00e9vu, m\u00eame si des am\u00e9liorations sont \u00e0 pr\u00e9voir ce vendredi.<\/p>\n","protected":false},"excerpt":{"rendered":"Atmo Auvergne-Rh\u00f4ne-Alpes a d\u00e9voil\u00e9 des chiffres inqui\u00e9tants sur la qualit\u00e9 de l\u2019air. Depuis ce mercredi 11 juin, l\u2019air&hellip;\n","protected":false},"author":2,"featured_media":172642,"comment_status":"","ping_status":"","sticky":false,"template":"","format":"standard","meta":{"footnotes":""},"categories":[9566],"tags":[1111,11,7733,8279,2430,7736,650,7734,2889,2263,1777,674,1011,27,2731,8280,6417,1114,108,4662,12,3725,1825,25,7737],"class_list":{"0":"post-172641","1":"post","2":"type-post","3":"status-publish","4":"format-standard","5":"has-post-thumbnail","7":"category-grenoble","8":"tag-actu","9":"tag-actualites","10":"tag-alpes","11":"tag-alpes1","12":"tag-auvergne-rhone-alpes","13":"tag-cds","14":"tag-cinema","15":"tag-ecoute","16":"tag-emission","17":"tag-equipe","18":"tag-eu","19":"tag-europe","20":"tag-fr","21":"tag-france","22":"tag-grenoble","23":"tag-haute","24":"tag-information","25":"tag-infos","26":"tag-isere","27":"tag-journal","28":"tag-news","29":"tag-podcast","30":"tag-radio","31":"tag-republique-francaise","32":"tag-winamp"},"share_on_mastodon":{"url":"https:\/\/pubeurope.com\/@fr\/114674522180053213","error":""},"_links":{"self":[{"href":"https:\/\/www.europesays.com\/fr\/wp-json\/wp\/v2\/posts\/172641","targetHints":{"allow":["GET"]}}],"collection":[{"href":"https:\/\/www.europesays.com\/fr\/wp-json\/wp\/v2\/posts"}],"about":[{"href":"https:\/\/www.europesays.com\/fr\/wp-json\/wp\/v2\/types\/post"}],"author":[{"embeddable":true,"href":"https:\/\/www.europesays.com\/fr\/wp-json\/wp\/v2\/users\/2"}],"replies":[{"embeddable":true,"href":"https:\/\/www.europesays.com\/fr\/wp-json\/wp\/v2\/comments?post=172641"}],"version-history":[{"count":0,"href":"https:\/\/www.europesays.com\/fr\/wp-json\/wp\/v2\/posts\/172641\/revisions"}],"wp:featuredmedia":[{"embeddable":true,"href":"https:\/\/www.europesays.com\/fr\/wp-json\/wp\/v2\/media\/172642"}],"wp:attachment":[{"href":"https:\/\/www.europesays.com\/fr\/wp-json\/wp\/v2\/media?parent=172641"}],"wp:term":[{"taxonomy":"category","embeddable":true,"href":"https:\/\/www.europesays.com\/fr\/wp-json\/wp\/v2\/categories?post=172641"},{"taxonomy":"post_tag","embeddable":true,"href":"https:\/\/www.europesays.com\/fr\/wp-json\/wp\/v2\/tags?post=172641"}],"curies":[{"name":"wp","href":"https:\/\/api.w.org\/{rel}","templated":true}]}}