{"id":172648,"date":"2025-06-13T06:01:10","date_gmt":"2025-06-13T06:01:10","guid":{"rendered":"https:\/\/www.europesays.com\/fr\/172648\/"},"modified":"2025-06-13T06:01:10","modified_gmt":"2025-06-13T06:01:10","slug":"eurometropole-horaires-lieux-groupes-voici-le-programme-de-la-fete-de-la-musique-au-nord-de-strasbourg","status":"publish","type":"post","link":"https:\/\/www.europesays.com\/fr\/172648\/","title":{"rendered":"Eurom\u00e9tropole. Horaires, lieux, groupes&#8230; voici le programme de la F\u00eate de la musique au nord de Strasbourg"},"content":{"rendered":"<p>\u00c0 Schiltigheim, samedi 21\u00a0juin, entre rock, jazz, pop, m\u00e9tal, \u00e9lectro et chanson populaire, tous les univers seront repr\u00e9sent\u00e9s pour composer \u00ab\u00a0une soir\u00e9e \u00e9clectique et vibrante, o\u00f9 chacun trouvera son rythme\u00a0\u00bb.<\/p>\n<p>Le public d\u00e9ambulera entre la sc\u00e8ne de l\u2019\u00c9cole des arts, de l\u2019h\u00f4tel de ville et des halles du Scilt ainsi que dans neuf autres lieux \u00e0 travers la ville, dans le Vieux-Schilick mais aussi \u00e0 l\u2019ouest, au <a href=\"https:\/\/www.dna.fr\/culture-loisirs\/2024\/06\/25\/le-verger-du-dinghof-devoile-lors-de-la-journee-nature\" target=\"_blank\" rel=\"noopener\">verger du Dinghof<\/a> , dans la rue Principale (restaurants le Mill\u00e9sime  et La Boca , g\u00eete le Merlenchanteur, restaurant Le Cheval Blanc ), dans la cour du groupe scolaire Exen (112, route de Bischwiller), sur le parvis de l\u2019\u00e9glise Notre-Dame (119, route du Gal-de-Gaulle) et au restaurant Les 3 Merlettes (57, route du Gal-de Gaulle).<\/p>\n<p>Parmi les lieux insolites, la chorale pop-rock strasbourgeoise Antirouille animera le verger du Dinghof, 37a rue d\u2019Adelshoffen, de 17\u00a0h\u00a015 \u00e0 18\u00a0h. Et comme exemple d\u2019une programmation riche en diversit\u00e9, \u00e0 l\u2019\u00c9cole des arts, rue des Pompiers, les moments de partage musical, \u00e0 partir de 16\u00a0h\u00a030, iront du concert des \u00e9l\u00e8ves, \u00e0 la chanson fran\u00e7aise (Huggin) en passant par le jazz swing (The Size Doesn\u2019t Matter) pour finir avec Pri5me et sa musique instrumentale hip-hop. Notons que le restaurant Les 3 Merlettes accueillera, \u00e0 partir de 18\u00a0h, un groupe du m\u00eame nom, compos\u00e9 d\u2019amis rockeurs.<\/p>\n<p>\u00c0 partir de 18\u00a0h, <a href=\"https:\/\/www.dna.fr\/culture-loisirs\/2025\/05\/07\/l-association-de-flamenco-y-ole-fete-ses-15-ans-samedi-au-brassin\" target=\"_blank\" rel=\"noopener\">l\u2019association Y Ol\u00e9\u00a0!<\/a> fera voyager en Andalousie, avec une performance m\u00ealant danse, musique et culture flamenca. Suivra le groupe Africa B\u00e9gu\u00e9, \u00e0 19\u00a0h\u00a015, qui fera vibrer la cour de l\u2019\u00e9cole Exen au rythme envo\u00fbtant du Sabar et du Mbalax, rendant hommage aux traditions s\u00e9n\u00e9galaises et \u00e0 l\u2019Afrique de l\u2019Ouest.<\/p>\n<p class=\"insetTitle\">Le programme musical des autres communes du nord de Strasbourg<\/p>\n<p><strong>Hoenheim<\/strong> <br \/>La F\u00eate de la musique aura lieu vendredi 20 juin \u00e0 partir de 19\u200ah\u200a30 place des March\u00e9s et rue des Vosges \u00e0 Hoenheim, avec les groupes de danses Silverstar Country club d\u2019Ittenheim et Folklore Serbe Jedinstvo, en compagnie du groupe pop-rock Smash. Buvette par l\u2019Oscalh et restauration sur place. Entr\u00e9e libre. 03\u200a88\u200a19\u200a23\u200a73.<\/p>\n<p><strong>Vendenheim<\/strong><br \/>La f\u00eate se d\u00e9roulera lors du Bistrot F\u00e9dinois vendredi 20 juin sur le stade derri\u00e8re la mairie. La soir\u00e9e sera rythm\u00e9e par le concert live du groupe Blackstork style rock. L\u2019association des parents d\u2019\u00e9l\u00e8ves de Vendenheim animera la soir\u00e9e. Possibilit\u00e9 de restauration.<\/p>\n<p><strong>Eckwersheim<\/strong><br \/>La F\u00eate de la musique a lieu samedi 21 juin \u00e0 partir de 19\u200ah dans la cour de l\u2019\u00e9cole primaire au 22a, rue Albert-Schweitzer. Elle est organis\u00e9e par la commune et le V\u00e9lo-Club d\u2019Eckwersheim qui se chargera de la restauration et de l\u2019intendance. L\u2019animation sera assur\u00e9e par l\u2019orchestre Les Associ\u00e9s.<\/p>\n<p><strong>Lampertheim<\/strong><br \/>La f\u00eate aura lieu samedi 21 juin sur le parvis du complexe sportif et culturel (salle des f\u00eates en cas de pluie). \u00c0 18\u200ah\u200a30\u200a: Orchestre Turbul\u2019anches\u200a; de 19\u200ah\u200a30 \u00e0 20\u200ah\u200a30\u200a: collectif Salsa avec l\u2019association Passions Partag\u00e9es\u200a; \u00e0 20\u200ah\u200a30\u200a: groupe Black Stork\u200a; \u00e0 21\u200ah\u200a30\u200a: Trio S\u00e3susi\u200a; fin de la soir\u00e9e\u200a: 23\u200ah. Buvette et restauration sur place. Entr\u00e9e gratuite.<\/p>\n<p><strong>Mundolsheim<\/strong><br \/>L\u2019orchestre des jeunes de Strasbourg donnera un concert samedi 21 juin \u00e0 20\u200ah au fort Ducrot.<\/p>\n<p><strong>Oberhausbergen<\/strong><br \/>La f\u00eate aura lieu samedi 21 juin \u00e0 partir de 19\u200ah, dans la cour du Pr\u00e9O, 5, rue du G\u00e9n\u00e9ral-de-Gaulle. Au programme\u200a: musique assur\u00e9e par le groupe Evasion\u200a; restauration, buvette.<\/p>\n<p><strong>Reichstett<\/strong><br \/>La F\u00eate de la musique aura lieu samedi 21 juin de 18\u200ah\u200a30 \u00e0 minuit au fort Rapp-Moltke. DJ Filippo ouvrira le bal avec un set d\u2019une heure pour attirer les premiers danseurs sur la piste. \u00c0 19\u200ah\u200a30, place au groupe Chez L\u2019Fred pour deux heures de musique festive\u200a: compos\u00e9 de\u00a0neuf musiciens alsaciens, ce collectif \u00e9nergique explore tous les styles du rock au reggae. Vers 22\u200ah\u200a30, DJ Filippo reprendra les platines pour un final enflamm\u00e9 jusqu\u2019\u00e0 minuit. Restauration, buvette. Entr\u00e9e libre.<\/p>\n<p><strong>La Wantzenau<\/strong><br \/>La f\u00eate aura lieu samedi 28 juin au Fil d\u2019Eau. \u00c0 17\u200ah\u200a: ouverture, \u00e0 18\u200ah\u200a30\u200a: Hideway (concert noise rock), \u00e0 20\u200ah\u200a: Phoenix Projekt (concert rock et blues).<\/p>\n<p>  Sur plusieurs jours \u00e0 Bischheim<\/p>\n<p>\u00c0 Bischheim, la F\u00eate de la musique a lieu du 17 au 25\u00a0juin. Mardi 17\u00a0juin \u00e0 20\u00a0h, le traditionnel concert de l\u2019Harmonie de Bischheim, dirig\u00e9e par Romuald Jalley, lance les festivit\u00e9s dans la cour de l\u2019\u00e9cole maternelle Centre (6, rue Nationale). Entr\u00e9e libre. Au m\u00eame endroit, jeudi 19\u00a0juin \u00e0 20\u00a0h, concert des ensembles de l\u2019\u00c9cole municipale de musique et de danse (EMMD).<\/p>\n<p>Samedi 21\u00a0juin, de 18\u00a0h \u00e0 1\u00a0h, la f\u00eate battra son plein dans la cour de l\u2019\u00e9cole R\u00e9publique, gr\u00e2ce au bal organis\u00e9 par les sapeurs-pompiers. Buvette et restauration sur place. Entr\u00e9e libre.<\/p>\n<p>Mercredi 25\u00a0juin \u00e0 20\u00a0h, dernier concert avec l\u2019Orchestre d\u2019harmonie de l\u2019EMMD dirig\u00e9 par Romuald Jallet et l\u2019Harmonie junior dirig\u00e9 par Christophe Le Divenah, dans la salle du Cheval Blanc (2a, rue de la Tuilerie). Entr\u00e9e libre.<\/p>\n","protected":false},"excerpt":{"rendered":"\u00c0 Schiltigheim, samedi 21\u00a0juin, entre rock, jazz, pop, m\u00e9tal, \u00e9lectro et chanson populaire, tous les univers seront repr\u00e9sent\u00e9s&hellip;\n","protected":false},"author":2,"featured_media":172649,"comment_status":"","ping_status":"","sticky":false,"template":"","format":"standard","meta":{"footnotes":""},"categories":[2820],"tags":[1111,11,1687,2880,1777,674,107,1011,27,775,873,12,2661,25,5512,640,3265],"class_list":{"0":"post-172648","1":"post","2":"type-post","3":"status-publish","4":"format-standard","5":"has-post-thumbnail","7":"category-strasbourg","8":"tag-actu","9":"tag-actualites","10":"tag-culture-loisirs","11":"tag-edition-strasbourg","12":"tag-eu","13":"tag-europe","14":"tag-fil-info","15":"tag-fr","16":"tag-france","17":"tag-grand-est","18":"tag-musique","19":"tag-news","20":"tag-patrimoine-culturel","21":"tag-republique-francaise","22":"tag-schiltigheim","23":"tag-strasbourg","24":"tag-strasbourg-nord"},"share_on_mastodon":{"url":"https:\/\/pubeurope.com\/@fr\/114674537920046876","error":""},"_links":{"self":[{"href":"https:\/\/www.europesays.com\/fr\/wp-json\/wp\/v2\/posts\/172648","targetHints":{"allow":["GET"]}}],"collection":[{"href":"https:\/\/www.europesays.com\/fr\/wp-json\/wp\/v2\/posts"}],"about":[{"href":"https:\/\/www.europesays.com\/fr\/wp-json\/wp\/v2\/types\/post"}],"author":[{"embeddable":true,"href":"https:\/\/www.europesays.com\/fr\/wp-json\/wp\/v2\/users\/2"}],"replies":[{"embeddable":true,"href":"https:\/\/www.europesays.com\/fr\/wp-json\/wp\/v2\/comments?post=172648"}],"version-history":[{"count":0,"href":"https:\/\/www.europesays.com\/fr\/wp-json\/wp\/v2\/posts\/172648\/revisions"}],"wp:featuredmedia":[{"embeddable":true,"href":"https:\/\/www.europesays.com\/fr\/wp-json\/wp\/v2\/media\/172649"}],"wp:attachment":[{"href":"https:\/\/www.europesays.com\/fr\/wp-json\/wp\/v2\/media?parent=172648"}],"wp:term":[{"taxonomy":"category","embeddable":true,"href":"https:\/\/www.europesays.com\/fr\/wp-json\/wp\/v2\/categories?post=172648"},{"taxonomy":"post_tag","embeddable":true,"href":"https:\/\/www.europesays.com\/fr\/wp-json\/wp\/v2\/tags?post=172648"}],"curies":[{"name":"wp","href":"https:\/\/api.w.org\/{rel}","templated":true}]}}