{"id":172656,"date":"2025-06-13T06:05:10","date_gmt":"2025-06-13T06:05:10","guid":{"rendered":"https:\/\/www.europesays.com\/fr\/172656\/"},"modified":"2025-06-13T06:05:10","modified_gmt":"2025-06-13T06:05:10","slug":"les-lignes-de-tramway-seront-coupees-cet-ete-ces-arrets-ne-seront-pas-desservis","status":"publish","type":"post","link":"https:\/\/www.europesays.com\/fr\/172656\/","title":{"rendered":"les lignes de tramway seront coup\u00e9es cet \u00e9t\u00e9, ces arr\u00eats ne seront pas desservis"},"content":{"rendered":"<p>            Par<br \/>\n        <strong><br \/>\n            <a href=\"https:\/\/actu.fr\/auteur\/tristan-mahe-actu-fr\" title=\"Consulter tous les articles de Tristan Mah\u00e9\" rel=\"nofollow noopener\" target=\"_blank\">Tristan Mah\u00e9<\/a><br \/>\n        <\/strong><\/p>\n<p>        Publi\u00e9 le<\/p>\n<p>            13 juin 2025 \u00e0 7h46        <\/p>\n<p>Le projet de D\u00e9veloppement des Nouvelles Lignes de Transport (DNLT) confi\u00e9 par Nantes<br \/>M\u00e9tropole \u00e0 la <a href=\"https:\/\/naolib.fr\/fr\/transports-en-commun\/tram-bus-navibus\" rel=\"nofollow noopener\" target=\"_blank\">Semitan<\/a> vise \u00e0 <strong>cr\u00e9er deux nouvelles lignes de tramway<\/strong>, la ligne 6 de Babini\u00e8re (La Chapelle-sur-Erdre) \u00e0 Mairie de Rez\u00e9 (Rez\u00e9) et la ligne 7 de Fran\u00e7ois<br \/>Mitterrand (Saint-Herblain) \u00e0 Mairie de Rez\u00e9 (Rez\u00e9), ainsi qu\u2019une ligne de busway<br \/>\u00e9lectrique, la ligne 8, de Ville-au-Denis (Bouguenais) \u00e0 Doulon (Nantes).<\/p>\n<p class=\" wall-content\">L\u2019objectif annonc\u00e9 par la Semitan\u2009: am\u00e9liorer l\u2019acc\u00e8s aux transports dans Nantes et dans sa p\u00e9riph\u00e9rie, selon un communiqu\u00e9 transmis \u00e0 <a href=\"https:\/\/actu.fr\/nantes\/\" rel=\"nofollow noopener\" target=\"_blank\">actu Nantes<\/a>.<\/p>\n<p class=\" wall-content\">Dans le cadre de ce projet, plusieurs travaux vont \u00eatre men\u00e9s cet \u00e9t\u00e9 par les \u00e9quipes de la Semitan. Ces chantiers impacteront la circulation des tramways sur le r\u00e9seau Naolib, <strong>certaines stations ne seront pas desservies<\/strong>. On fait le point.<\/p>\n<p>Ligne 1 du tramway<\/p>\n<p class=\" wall-content\"><strong>Du dimanche 22\u00a0juin \u00e0 20h au dimanche 31\u00a0ao\u00fbt, la ligne 1 sera coup\u00e9e entre les arr\u00eats Croix Bonneau et Fran\u00e7ois Mitterrand.<\/strong> Elle effectuera son trajet entre Jamet et Beaujoire\/Ranzay.<\/p>\n<p class=\" wall-content\">Un service de bus relais assurera le service des stations tramway non desservies entre Jamet et Fran\u00e7ois Mitterrand pendant un trajet de 19 \u00e0 23\u00a0minutes.<\/p>\n<p>Vid\u00e9os : en ce moment sur ActuLignes 2 et 3 du tramway<\/p>\n<p class=\" wall-content\"><a href=\"https:\/\/metropole.nantes.fr\/\" rel=\"nofollow noopener\" target=\"_blank\">Nantes M\u00e9tropole<\/a> a \u00e9galement confi\u00e9 \u00e0 la Semitan le pilotage de la <strong>r\u00e9novation de la courbe de Pirmil<\/strong>, commune \u00e0 l\u2019exploitation des <strong>lignes 2 et 3 du tramway<\/strong>. Pour r\u00e9aliser cette op\u00e9ration, la Semitan coupera une partie du tron\u00e7on commun des lignes 2 et 3 du <strong>lundi 21\u00a0juillet au dimanche 17\u00a0ao\u00fbt<\/strong>.<\/p>\n<p class=\" wall-content\">La ligne 2 effectuera son trajet entre Orvault Grand-Val et H\u00f4tel Dieu.<strong> Le terminus Gare de Pont Rousseau ne sera pas desservi<\/strong>.<\/p>\n<p class=\" wall-content\">La ligne 3 effectuera quant \u00e0 elle son trajet en tramway entre Marcel Paul et H\u00f4tel Dieu au nord, et de 8\u00a0Mai \u00e0 Neustrie, au sud. Un service de bus relais assurera le service des stations tramway non desservies entre H\u00f4tel-Dieu et 8\u00a0Mai. Le trajet prendra 12 \u00e0 15\u00a0minutes.<\/p>\n<p class=\" wall-content\">Suivez toute l\u2019actualit\u00e9 de vos villes et m\u00e9dias favoris en vous inscrivant \u00e0 <a href=\"https:\/\/moncompte.actu.fr\" title=\"D\u00e9couvez Mon Actu\" rel=\"nofollow noopener\" data-trk=\"{&quot;cta&quot;:{&quot;action&quot;:&quot;https:\\\/\\\/moncompte.actu.fr&quot;,&quot;category&quot;:&quot;mon compte&quot;,&quot;from&quot;:&quot;article footer&quot;,&quot;name&quot;:&quot;Mon actu&quot;,&quot;type&quot;:&quot;cta&quot;}}\" target=\"_blank\">Mon Actu<\/a>.<\/p>\n","protected":false},"excerpt":{"rendered":"Par Tristan Mah\u00e9 Publi\u00e9 le 13 juin 2025 \u00e0 7h46 Le projet de D\u00e9veloppement des Nouvelles Lignes de&hellip;\n","protected":false},"author":2,"featured_media":53693,"comment_status":"","ping_status":"","sticky":false,"template":"","format":"standard","meta":{"footnotes":""},"categories":[2818],"tags":[1111,11,1777,674,1011,27,766,12,2636,25,104,2803,2086],"class_list":{"0":"post-172656","1":"post","2":"type-post","3":"status-publish","4":"format-standard","5":"has-post-thumbnail","7":"category-nantes","8":"tag-actu","9":"tag-actualites","10":"tag-eu","11":"tag-europe","12":"tag-fr","13":"tag-france","14":"tag-nantes","15":"tag-news","16":"tag-pays-de-la-loire","17":"tag-republique-francaise","18":"tag-societe","19":"tag-transport","20":"tag-travaux"},"share_on_mastodon":{"url":"https:\/\/pubeurope.com\/@fr\/114674553659514712","error":""},"_links":{"self":[{"href":"https:\/\/www.europesays.com\/fr\/wp-json\/wp\/v2\/posts\/172656","targetHints":{"allow":["GET"]}}],"collection":[{"href":"https:\/\/www.europesays.com\/fr\/wp-json\/wp\/v2\/posts"}],"about":[{"href":"https:\/\/www.europesays.com\/fr\/wp-json\/wp\/v2\/types\/post"}],"author":[{"embeddable":true,"href":"https:\/\/www.europesays.com\/fr\/wp-json\/wp\/v2\/users\/2"}],"replies":[{"embeddable":true,"href":"https:\/\/www.europesays.com\/fr\/wp-json\/wp\/v2\/comments?post=172656"}],"version-history":[{"count":0,"href":"https:\/\/www.europesays.com\/fr\/wp-json\/wp\/v2\/posts\/172656\/revisions"}],"wp:featuredmedia":[{"embeddable":true,"href":"https:\/\/www.europesays.com\/fr\/wp-json\/wp\/v2\/media\/53693"}],"wp:attachment":[{"href":"https:\/\/www.europesays.com\/fr\/wp-json\/wp\/v2\/media?parent=172656"}],"wp:term":[{"taxonomy":"category","embeddable":true,"href":"https:\/\/www.europesays.com\/fr\/wp-json\/wp\/v2\/categories?post=172656"},{"taxonomy":"post_tag","embeddable":true,"href":"https:\/\/www.europesays.com\/fr\/wp-json\/wp\/v2\/tags?post=172656"}],"curies":[{"name":"wp","href":"https:\/\/api.w.org\/{rel}","templated":true}]}}