{"id":172665,"date":"2025-06-13T06:10:10","date_gmt":"2025-06-13T06:10:10","guid":{"rendered":"https:\/\/www.europesays.com\/fr\/172665\/"},"modified":"2025-06-13T06:10:10","modified_gmt":"2025-06-13T06:10:10","slug":"comment-ne-pas-etre-maltraitants-a-toulouse-une-greve-qui-raconte-la-crise-de-la-psychiatrie","status":"publish","type":"post","link":"https:\/\/www.europesays.com\/fr\/172665\/","title":{"rendered":"\u00ab\u00a0Comment ne pas \u00eatre maltraitants\u00a0?\u00a0\u00bb\u2026 A Toulouse, une gr\u00e8ve qui raconte la crise de la psychiatrie"},"content":{"rendered":"<p> \u00abUne h\u00e9morragie m\u00e9dicale et param\u00e9dicale\u00a0\u00bb, ce sont les mots des <a href=\"https:\/\/www.20minutes.fr\/justice\/4118170-20241104-toulouse-agressions-sexuelles-manifs-pourquoi-affectation-interne-chu-suspendue\" target=\"_blank\" class=\"color-ultramarine c-link\" rel=\"noopener\">soignants de Purpan<\/a>. Depuis mardi, l\u2019ensemble du <a href=\"https:\/\/www.20minutes.fr\/dossier\/hopital_psychiatrique\" class=\"color-ultramarine c-link\" target=\"_blank\" rel=\"noopener\">secteur psychiatrique<\/a> du CHU de <a href=\"https:\/\/www.20minutes.fr\/toulouse\/\" class=\"color-ultramarine c-link\" target=\"_blank\" rel=\"noopener\">Toulouse<\/a> est en gr\u00e8ve avec un pr\u00e9avis illimit\u00e9. \u00c0 l\u2019origine de ce mouvement, les syndicats Sud Sant\u00e9 Sociaux et <a href=\"https:\/\/www.20minutes.fr\/dossier\/cgt\" class=\"color-ultramarine c-link\" target=\"_blank\" rel=\"noopener\">CGT<\/a> qui d\u00e9noncent la d\u00e9gradation des conditions de travail, notamment dans le secteur 7, qui regroupe deux unit\u00e9s d\u2019admission et une unit\u00e9 d\u2019hospitalisation, totalisant 44 lits.<\/p>\n<\/p>\n<p>La direction de l\u2019h\u00f4pital assure pourtant avoir propos\u00e9 une r\u00e9organisation du secteur psychiatrique en accord avec les personnels. \u00ab\u00a0Un regroupement transitoire de ces deux unit\u00e9s est envisag\u00e9 afin d\u2019assurer l\u2019ouverture de 22 lits avec les ressources humaines adapt\u00e9es pour assurer les soins aux patients. Cette organisation a \u00e9t\u00e9 propos\u00e9e et mise en \u0153uvre apr\u00e8s une concertation avec les \u00e9quipes m\u00e9dicales et param\u00e9dicales des deux unit\u00e9s. Le CHU s\u2019attache en outre \u00e0 la volont\u00e9, d\u00e8s que les effectifs soignants le permettront, de rouvrir les lits de chacune des deux unit\u00e9s.\u00a0\u00bb<\/p>\n<p>Des d\u00e9cisions \u00ab\u00a0au d\u00e9triment des patients\u00a0\u00bb<\/p>\n<p>Une concertation que r\u00e9fute une infirmi\u00e8re souhaitant garder son anonymat aupr\u00e8s de 20 Minutes. \u00ab\u00a0On a appris \u00e7a hier [mardi]. Il y avait plein de scenarii propos\u00e9s. Les soignants ne savaient m\u00eame pas le jour m\u00eame qu\u2019ils allaient changer de service.\u00a0\u00bb Selon les gr\u00e9vistes, toujours en poste aupr\u00e8s de leurs patients, la direction a d\u00e9cid\u00e9 de fusionner les deux unit\u00e9s \u00ab\u00a0au d\u00e9triment des patients et du nombre de lits.\u00a0\u00bb<\/p>\n<p>Sept lits avaient d\u00e9j\u00e0 \u00e9t\u00e9 ferm\u00e9s en f\u00e9vrier apr\u00e8s le d\u00e9part d\u2019un des m\u00e9decins, toujours pas remplac\u00e9. L\u2019infirmi\u00e8re en psychiatrie s\u2019inqui\u00e8te aujourd\u2019hui. \u00ab\u00a0Ils veulent couper le service en deux mais comment ils vont pouvoir cr\u00e9er \u00e7a sans \u00eatre maltraitants en s\u2019occupant des sp\u00e9cificit\u00e9s de chacun\u00a0? Des soignants qui connaissent pas du tout les TCA (troubles de conduite alimentaire) qui vont s\u2019en occuper et inversement pour d\u2019autres cas.\u00a0\u00bb<\/p>\n<p>Plusieurs arr\u00eats maladie et des d\u00e9parts non remplac\u00e9s d\u00e9gradent ce service touch\u00e9 l\u2019an dernier par plusieurs \u00e9v\u00e9nements dramatiques comme des passages \u00e0 l\u2019acte chez les patients ou encore des agressions sur les soignants. \u00ab\u00a0A la base, il y avait assez de soignants avec un effectif journalier s\u00e9curitaire. Mais la direction l\u2019a baiss\u00e9 drastiquement, t\u00e9moigne la jeune femme. On se retrouvait seul avec deux coll\u00e8gues aides-soignants pour<a href=\"https:\/\/www.20minutes.fr\/faits_divers\/faits-divers-toulouse\/4076000-20240213-viol-patiente-chu-toulouse-suspect-ecroue-deuxieme-enquete-point-affaire\" class=\"color-ultramarine c-link\" target=\"_blank\" rel=\"noopener\"> s\u2019occuper de quinze patients<\/a> tr\u00e8s lourds\u00a0\u00bb.<\/p>\n<p>50\u00a0% du personnel soignant en arr\u00eat<\/p>\n<p>Depuis, c\u2019est l\u2019h\u00e9catombe dans le service. \u00ab\u00a0Il y a 19 postes vacants dont 13 dans le b\u00e2timent d\u2019hospitalisation. Nous, on demande des cr\u00e9ations de poste. Les \u00e9quipes ont besoin de souffler, de plus \u00eatre constamment sous pression pour pouvoir soigner dans des bonnes conditions. Mais nous ne sommes pas s\u00fbrs que la direction ait entendu le message. 50\u00a0% du personnel est en arr\u00eat\u00a0!\u00a0\u00bb, pr\u00e9cisent Edith Vauclare, du syndicat Sud sant\u00e9 et sociaux 31 et Marie Moulinier, d\u00e9l\u00e9gu\u00e9e CGT \u00e0 la sortie d\u2019une r\u00e9union de n\u00e9gociation avec la direction du CHU, ce jeudi apr\u00e8s-midi.<\/p>\n<p>Pire encore pour le service\u00a0: l\u2019absence de m\u00e9decins. L\u2019h\u00f4pital compte sur des m\u00e9decins \u00e9trangers qui viennent six mois dans le service pour leur \u00e9quivalence et un m\u00e9decin qui vient une fois par semaine.<\/p>\n<p>8.000 lits en psychiatrie ferm\u00e9s depuis\u00a02003<\/p>\n<p>Ce cas n\u2019est pas particulier \u00e0 Toulouse. La psychiatrie publique dans toute la France est \u00e0 bout de souffle. \u00ab\u00a0Alors que les besoins de prise en charge ont consid\u00e9rablement augment\u00e9 ces derni\u00e8res ann\u00e9es, les moyens manquent cruellement\u00a0: les praticiens sont trop peu nombreux pour assurer une bonne prise en charge des patients face \u00e0 l\u2019afflux des demandes, les centres m\u00e9dico-psychologiques (CMP) et les h\u00f4pitaux psychiatriques sont satur\u00e9s\u00a0\u00bb, d\u00e9clarait \u00e0 l\u2019Assembl\u00e9e nationale le 17\u00a0janvier, Emmanuelle Anthoine (LR).<\/p>\n<p>Selon le <a href=\"https:\/\/csa.eu\/csa-content\/uploads\/2024\/01\/DossierPresse_ChoisirPsychiatrie_CNUP_Final_Janv_24.pdf\" rel=\"nofollow noopener\" target=\"_blank\" class=\"color-ultramarine c-link\">Coll\u00e8ge national des universitaires et psychiatrie<\/a> (CNUP), en\u00a02023, 13\u00a0millions de personnes sont touch\u00e9s, au moins une fois dans leur vie par des troubles de la sant\u00e9 mentale, soit 1 Fran\u00e7ais sur 5. Post-Covid, la sant\u00e9 mentale, notamment chez les jeunes, s\u2019est \u00e9galement fortement d\u00e9grad\u00e9e avec 20,8\u00a0% des 18-24 qui ont \u00e9t\u00e9 concern\u00e9s par la d\u00e9pression en\u00a02021. Plus inqui\u00e9tant encore, selon une \u00e9tude de la <a href=\"https:\/\/drees.solidarites-sante.gouv.fr\/240516_ERHospiGestesAutoInfliges\" rel=\"nofollow noopener\" target=\"_blank\" class=\"color-ultramarine c-link\">Direction des \u00e9tudes et des statistiques des minist\u00e8res sociaux <\/a>(Drees), le taux d\u2019hospitalisation en psychiatrie augmente de 246\u00a0% chez les filles de 10-14 ans, de 163\u00a0% chez les 15-19 et de 106\u00a0% chez les jeunes adultes entre\u00a02020 et\u00a02022.<\/p>\n<p>Dans le m\u00eame temps, l\u2019h\u00f4pital public a perdu 25\u00a0% de ses lits d\u2019hospitalisation compl\u00e8te entre\u00a02003 et\u00a02022 en psychiatrie, et la France conna\u00eet une baisse des m\u00e9decins psychiatres pr\u00e9occupante\u00a0: 13.344 en\u00a02023 contre 14.272 en\u00a02016 et un quart des psychiatres ont plus de 65 ans, selon le CNUP\u2026 Une baisse de l\u2019offre face \u00e0 une forte augmentation de la demande qui p\u00e9nalise patients et soignants.<\/p>\n","protected":false},"excerpt":{"rendered":"\u00abUne h\u00e9morragie m\u00e9dicale et param\u00e9dicale\u00a0\u00bb, ce sont les mots des soignants de Purpan. Depuis mardi, l\u2019ensemble du secteur&hellip;\n","protected":false},"author":2,"featured_media":172666,"comment_status":"","ping_status":"","sticky":false,"template":"","format":"standard","meta":{"footnotes":""},"categories":[2816],"tags":[1111,47,11,4309,1777,674,1011,27,6151,15532,2722,100,24499,6339,224,2721,12,2680,7432,235,25,71,2072,5699,2312],"class_list":{"0":"post-172665","1":"post","2":"type-post","3":"status-publish","4":"format-standard","5":"has-post-thumbnail","7":"category-toulouse","8":"tag-actu","9":"tag-actualite","10":"tag-actualites","11":"tag-chu","12":"tag-eu","13":"tag-europe","14":"tag-fr","15":"tag-france","16":"tag-greve","17":"tag-greve-des-medecins","18":"tag-haute-garonne","19":"tag-hopital","20":"tag-hopital-psychiatrique","21":"tag-medecin","22":"tag-medecine","23":"tag-midi-pyrenees","24":"tag-news","25":"tag-occitanie","26":"tag-psychiatre","27":"tag-psychiatrie","28":"tag-republique-francaise","29":"tag-sante","30":"tag-sante-mentale","31":"tag-sante-publique","32":"tag-toulouse"},"share_on_mastodon":{"url":"https:\/\/pubeurope.com\/@fr\/114674573181529625","error":""},"_links":{"self":[{"href":"https:\/\/www.europesays.com\/fr\/wp-json\/wp\/v2\/posts\/172665","targetHints":{"allow":["GET"]}}],"collection":[{"href":"https:\/\/www.europesays.com\/fr\/wp-json\/wp\/v2\/posts"}],"about":[{"href":"https:\/\/www.europesays.com\/fr\/wp-json\/wp\/v2\/types\/post"}],"author":[{"embeddable":true,"href":"https:\/\/www.europesays.com\/fr\/wp-json\/wp\/v2\/users\/2"}],"replies":[{"embeddable":true,"href":"https:\/\/www.europesays.com\/fr\/wp-json\/wp\/v2\/comments?post=172665"}],"version-history":[{"count":0,"href":"https:\/\/www.europesays.com\/fr\/wp-json\/wp\/v2\/posts\/172665\/revisions"}],"wp:featuredmedia":[{"embeddable":true,"href":"https:\/\/www.europesays.com\/fr\/wp-json\/wp\/v2\/media\/172666"}],"wp:attachment":[{"href":"https:\/\/www.europesays.com\/fr\/wp-json\/wp\/v2\/media?parent=172665"}],"wp:term":[{"taxonomy":"category","embeddable":true,"href":"https:\/\/www.europesays.com\/fr\/wp-json\/wp\/v2\/categories?post=172665"},{"taxonomy":"post_tag","embeddable":true,"href":"https:\/\/www.europesays.com\/fr\/wp-json\/wp\/v2\/tags?post=172665"}],"curies":[{"name":"wp","href":"https:\/\/api.w.org\/{rel}","templated":true}]}}