{"id":172669,"date":"2025-06-13T06:13:10","date_gmt":"2025-06-13T06:13:10","guid":{"rendered":"https:\/\/www.europesays.com\/fr\/172669\/"},"modified":"2025-06-13T06:13:10","modified_gmt":"2025-06-13T06:13:10","slug":"le-grand-estaque-ne-veut-pas-etre-oublie","status":"publish","type":"post","link":"https:\/\/www.europesays.com\/fr\/172669\/","title":{"rendered":"Le Grand Estaque ne veut pas \u00eatre oubli\u00e9"},"content":{"rendered":"\n<p>En ouverture du conseil municipal, au mois de d\u00e9cembre dernier, la maire adjointe (DVG) de Marseille, Samia Ghali, applaudissait des deux mains l\u2019approbation d\u2019une feuille de route strat\u00e9gique commune avec le grand port maritime de Marseille. \u00ab\u00a0Cette feuille de route, c\u2019est aussi permettre aux habitants d\u2019avoir des acc\u00e8s directs \u00e0 la mer, et pas sur des barbel\u00e9s qui obstruent la vue\u00a0\u00bb, insistait-elle. Cette strat\u00e9gie inscrivait ainsi dans le marbre les ambitions des r\u00e9am\u00e9nagements du Grand Estaque, pendant que la maire adjointe faisait miroiter un d\u00e9m\u00e9nagement de la base nautique pour agrandir les plages de Corbi\u00e8res. \u00ab\u00a0Un march\u00e9 de programmation va \u00eatre lanc\u00e9 par la Ville avant fin 2024, pour proposer une vision d\u2019ensemble des r\u00e9am\u00e9nagements \u00e0 r\u00e9aliser\u00a0\u00bb, s\u2019engageait la feuille de route. Six mois plus tard, impossible d\u2019en trouver la moindre trace.<\/p>\n<p> \u00ab\u00a0Trop t\u00f4t\u00a0\u00bb pour<br \/>\n               <br \/>un calendrier\n              <\/p>\n<p>\u00ab\u00a0Nous avons le sentiment que des engagements ont \u00e9t\u00e9 pris, mais on ne voit rien venir\u00a0\u00bb, s\u2019alarme Marie Prost-Coletta, vice-pr\u00e9sidente de l\u2019association Cap au Nord. Le pr\u00e9sident de la f\u00e9d\u00e9ration des comit\u00e9s d\u2019int\u00e9r\u00eat de quartiers du 16e, Michel Teul\u00e9, a bien interpell\u00e9 le maire (DVG) Beno\u00eet Payan sur le sujet \u00e0 travers un courrier, le 17\u00a0mars dernier. Sans r\u00e9ponse. \u00ab\u00a0Nous avons lu dans la presse que la Ville de Marseille avait d\u00e9cid\u00e9 de mettre l\u2019accent sur la r\u00e9habilitation du littoral Sud et qu\u2019on reporterait les am\u00e9nagements du littoral Nord \u00e0 2030\u00a0\u00bb, s\u2019indigne-t-il, alors que la municipalit\u00e9 multiplie les op\u00e9rations de communication pour les portions de la c\u00f4te qui s\u2019\u00e9tendent du Prado \u00e0 la Pointe-Rouge (lire par ailleurs). Alors le collectif de 33 associations engag\u00e9 pour l\u2019acc\u00e8s au littoral a d\u00e9cid\u00e9 de lancer trois jours de mobilisations festives \u00e0 partir de ce vendredi et jusqu\u2019\u00e0 dimanche, avec un mot d\u2019ordre\u00a0: \u00ab\u00a0Faites le Grand Estaque avec nous\u00a0!\u00a0\u00bb Trois jours de d\u00e9ambulation, \u00e0 pied ou \u00e0 v\u00e9lo, de \u00ab\u00a0tchatchades\u00a0\u00bb sur l\u2019action publique et d\u2019animations entrem\u00eal\u00e9es aux sardinades et au carnaval de la mer d\u00e9j\u00e0 pr\u00e9vus ce week-end.<\/p>\n<p>\u00ab\u00a0Les plages de Corbi\u00e8res sont les seules plages au Nord depuis le Vieux-Port, mais c\u2019est compliqu\u00e9 d\u2019y aller en transports en commun, et il n\u2019y a aucun \u00e9quipement, aucun casier pour laisser ses affaires en s\u00e9curit\u00e9\u00a0\u00bb, partage Pierre-Yves Gilles, pour Action environnement Estaque. Un discours partag\u00e9 par la mairie de secteur qui soutient la mobilisation. \u00ab\u00a0Les plages sont trop petites et peu accessibles pour ceux qui en ont le plus besoin, mais on n\u2019arrive pas \u00e0 d\u00e9bloquer ce projet\u00a0\u00bb, d\u00e9plore l\u2019adjointe charg\u00e9e du cadre de vie, Tamara Beard (DVG). En ligne de mire notamment, l\u2019am\u00e9nagement de la D568, fortement accidentog\u00e8ne. Les deux pr\u00e9c\u00e9dents projets ont \u00e9t\u00e9 retoqu\u00e9s par la Ville en 2020, faute de place suffisante pour les transports en commun, pi\u00e9tons et cyclistes. \u00ab\u00a0On aimerait que la M\u00e9tropole finalise ses \u00e9tudes, soupire l\u2019\u00e9lue. La D568 et le Grand Estaque se bloquent mutuellement.\u00a0\u00bb Sollicit\u00e9e, la M\u00e9tropole n\u2019\u00e9tait pas en mesure de r\u00e9pondre. Reste \u00e0 savoir pourquoi la mairie de secteur n\u2019arrive pas \u00e0 convaincre la maire adjointe issue des 15-16. \u00ab\u00a0La volont\u00e9 politique est l\u00e0, il faut mobiliser les habitants\u00a0\u00bb, avance le premier adjoint (DVG) Gilbert Spinelli. Et de pointer\u00a0: \u00ab\u00a0C\u2019est sans doute moins on\u00e9reux de d\u00e9velopper le c\u00f4t\u00e9 sud&#8230;\u00a0\u00bb Quant \u00e0 la municipalit\u00e9, elle se contente d\u2019une r\u00e9ponse \u00e9crite en indiquant que depuis deux\u00a0ans, le travail men\u00e9 avec les pouvoirs publics \u00ab\u00a0a permis de poser un cadre coh\u00e9rent \u00e0 l\u2019\u00e9chelle de l\u2019ensemble du territoire concern\u00e9\u00a0\u00bb, mais qu\u2019une phase op\u00e9rationnelle est d\u00e9sormais ouverte. \u00ab\u00a0Mais aujourd\u2019hui il est encore trop t\u00f4t pour avancer des \u00e9l\u00e9ments pr\u00e9cis ou un calendrier d\u00e9taill\u00e9\u00a0\u00bb, reconna\u00eet la Ville.<\/p>\n","protected":false},"excerpt":{"rendered":"En ouverture du conseil municipal, au mois de d\u00e9cembre dernier, la maire adjointe (DVG) de Marseille, Samia Ghali,&hellip;\n","protected":false},"author":2,"featured_media":172670,"comment_status":"","ping_status":"","sticky":false,"template":"","format":"standard","meta":{"footnotes":""},"categories":[2814],"tags":[1111,11,30770,1777,674,1011,27,884,12,882,25],"class_list":{"0":"post-172669","1":"post","2":"type-post","3":"status-publish","4":"format-standard","5":"has-post-thumbnail","7":"category-marseille","8":"tag-actu","9":"tag-actualites","10":"tag-estaque","11":"tag-eu","12":"tag-europe","13":"tag-fr","14":"tag-france","15":"tag-marseille","16":"tag-news","17":"tag-provence-alpes-cote-dazur","18":"tag-republique-francaise"},"share_on_mastodon":{"url":"https:\/\/pubeurope.com\/@fr\/114674585002985454","error":""},"_links":{"self":[{"href":"https:\/\/www.europesays.com\/fr\/wp-json\/wp\/v2\/posts\/172669","targetHints":{"allow":["GET"]}}],"collection":[{"href":"https:\/\/www.europesays.com\/fr\/wp-json\/wp\/v2\/posts"}],"about":[{"href":"https:\/\/www.europesays.com\/fr\/wp-json\/wp\/v2\/types\/post"}],"author":[{"embeddable":true,"href":"https:\/\/www.europesays.com\/fr\/wp-json\/wp\/v2\/users\/2"}],"replies":[{"embeddable":true,"href":"https:\/\/www.europesays.com\/fr\/wp-json\/wp\/v2\/comments?post=172669"}],"version-history":[{"count":0,"href":"https:\/\/www.europesays.com\/fr\/wp-json\/wp\/v2\/posts\/172669\/revisions"}],"wp:featuredmedia":[{"embeddable":true,"href":"https:\/\/www.europesays.com\/fr\/wp-json\/wp\/v2\/media\/172670"}],"wp:attachment":[{"href":"https:\/\/www.europesays.com\/fr\/wp-json\/wp\/v2\/media?parent=172669"}],"wp:term":[{"taxonomy":"category","embeddable":true,"href":"https:\/\/www.europesays.com\/fr\/wp-json\/wp\/v2\/categories?post=172669"},{"taxonomy":"post_tag","embeddable":true,"href":"https:\/\/www.europesays.com\/fr\/wp-json\/wp\/v2\/tags?post=172669"}],"curies":[{"name":"wp","href":"https:\/\/api.w.org\/{rel}","templated":true}]}}