{"id":172671,"date":"2025-06-13T06:14:09","date_gmt":"2025-06-13T06:14:09","guid":{"rendered":"https:\/\/www.europesays.com\/fr\/172671\/"},"modified":"2025-06-13T06:14:09","modified_gmt":"2025-06-13T06:14:09","slug":"trois-lyceens-juges-pour-des-menaces-de-mort-envers-un-professeur","status":"publish","type":"post","link":"https:\/\/www.europesays.com\/fr\/172671\/","title":{"rendered":"trois lyc\u00e9ens jug\u00e9s pour des menaces de mort envers un professeur"},"content":{"rendered":"<p><strong>INFO LE FIGARO &#8211; <\/strong>Trois lyc\u00e9ens de Marseille comparaissent ce vendredi devant le tribunal pour enfant pour des menaces de mort prof\u00e9r\u00e9es sur Snapchat visant un enseignant et son fils scolaris\u00e9 dans le m\u00eame lyc\u00e9e du centre-ville.<\/p>\n<p class=\"fig-paragraph\">\u00abOn abat le PD et son daron\u00bb. Une courte phrase, violente, envoy\u00e9e en novembre dernier dans un groupe Snapchat rassemblant plusieurs dizaines de lyc\u00e9ens. Le \u00abdaron\u00bb en question est un enseignant du lyc\u00e9e Rempart-Vinci \u00e0 Marseille. La seconde personne vis\u00e9e est son fils, scolaris\u00e9 dans l\u2019\u00e9tablissement, qualifi\u00e9 ainsi en raison de son orientation sexuelle. Comme l\u2019avait r\u00e9v\u00e9l\u00e9\u00a0<a href=\"http:\/\/www.lefigaro.fr\/marseille\/a-marseille-un-professeur-de-lycee-menace-de-mort-sur-snapchat-20241126\" data-fig-type=\"NewsFlash\" data-gtm-custom-categorie=\"navigation\" data-gtm-custom-action=\"crossclick\" data-gtm-custom-label=\"Contextuel\" data-gtm-event=\"customEventSPE\" data-fig-domain=\"LEFIGARO\" rel=\"nofollow noopener\" target=\"_blank\">Le Figaro<\/a> \u00a0\u00e0 l\u2019\u00e9poque, l\u2019affaire avait d\u00e9j\u00e0 suscit\u00e9 un certain \u00e9moi dans la cit\u00e9 phoc\u00e9enne, jusqu\u2019\u00e0 faire r\u00e9agir son maire,\u00a0<a href=\"http:\/\/www.lefigaro.fr\/marseille\/une-victoire-volee-des-adjoints-au-maire-de-marseille-reprouvent-le-desistement-de-michele-rubirola-au-profit-de-benoit-payan-en-2020-20250604\" data-fig-type=\"NewsFlash\" data-gtm-custom-categorie=\"navigation\" data-gtm-custom-action=\"crossclick\" data-gtm-custom-label=\"Contextuel\" data-gtm-event=\"customEventSPE\" data-fig-domain=\"LEFIGARO\" rel=\"nofollow noopener\" target=\"_blank\">Beno\u00eet Payan<\/a>, sur les r\u00e9seaux sociaux.<\/p>\n<p class=\"fig-paragraph\">Sept mois plus tard, quelques jours apr\u00e8s le\u00a0<a href=\"http:\/\/www.lefigaro.fr\/actualite-france\/surveillante-tuee-a-nogent-les-francais-reclament-un-tour-de-vis-securitaire-apres-ce-qu-ils-percoivent-comme-un-fait-de-societe-20250612\" data-fig-type=\"Article\" data-gtm-custom-categorie=\"navigation\" data-gtm-custom-action=\"crossclick\" data-gtm-custom-label=\"Contextuel\" data-gtm-event=\"customEventSPE\" data-fig-domain=\"LEFIGARO\" rel=\"nofollow noopener\" target=\"_blank\">meurtre\u00a0<\/a>d\u2019une surveillante dans un coll\u00e8ge de la Marne par un \u00e9l\u00e8ve, trois lyc\u00e9ens compara\u00eetront devant le tribunal pour enfants de Marseille ce vendredi pour ces menaces de mort prof\u00e9r\u00e9es sur le r\u00e9seau social Snapchat envers cet enseignant et son fils. Certains des mis en cause sont scolaris\u00e9s dans le m\u00eame \u00e9tablissement que les victimes.<\/p>\n<p class=\"fig-paragraph\">Dans ce groupe baptis\u00e9 \u00abblocus Rempart 5\u00bb, de nombreux adolescents conversent, parfois sous pseudonyme. \u00c0 l\u2019origine, le groupe a \u00e9t\u00e9 cr\u00e9\u00e9 pour organiser un blocus de l\u2019\u00e9tablissement. Un des pr\u00e9venus, Nabil*, en \u00e9tait membre. \u00c2g\u00e9 de 16 ans au moment des faits, il \u00e9tait alors scolaris\u00e9 en seconde. Habitant du quartier, il fr\u00e9quente un \u00e9tablissement voisin, mais a conserv\u00e9 des amis dans le lyc\u00e9e.<\/p>\n<p>Des menaces pour \u00abfaire rire les gens\u00bb<\/p>\n<p class=\"fig-paragraph\">Un autre des pr\u00e9venus, Ali*, scolaris\u00e9 en seconde \u00e9galement au sein de l\u2019\u00e9tablissement, sugg\u00e8re aux membres du groupe de s\u2019en prendre \u00e0 un \u00e9l\u00e8ve, Ethan*, fils d\u2019un des enseignants du lyc\u00e9e, photos \u00e0 l\u2019appui. \u00abJetez le PD au gros pif \u00e0 la poubelle\u00bb, lance Ali, inconnu des services de police. Une mani\u00e8re de \u00abfaire rire les gens\u00bb, assure-t-il aux enqu\u00eateurs. En r\u00e9ponse, Nabil incite \u00e0 tuer Ethan et son p\u00e8re. \u00c9galement inconnu des services de police et de gendarmerie, Nabil a affirm\u00e9 devant les enqu\u00eateurs avoir envoy\u00e9 ce message violent \u00abpour suivre le mouvement\u00bb et affirme ne conna\u00eetre aucune des deux victimes.<\/p>\n<p class=\"fig-paragraph\">La troisi\u00e8me pr\u00e9venue, In\u00e8s, \u00e9l\u00e8ve de l\u2019\u00e9tablissement \u00e2g\u00e9 de 15 ans au moment des faits, est accus\u00e9e d\u2019avoir transmis les photos des victimes \u00e0 la demande de membres du fameux groupe Snapchat. Son avocat entend plaider la relaxe. \u00abMa cliente a juste envoy\u00e9 une photo sans aucun commentaire ni aucune menace, insiste Me Maximilien Neymon. Elle n\u2019avait aucune intention de faire quoi que ce soit. C\u2019est une \u00e9l\u00e8ve tout ce qui a de plus lambda et classique qui se retrouve au c\u0153ur d\u2019une machine judiciaire. Elle a eu un r\u00e9flexe un peu b\u00eate d\u2019adolescent dans une conversation de 30 personnes.\u00bb<\/p>\n<p class=\"fig-paragraph\">\u00abLa coloration m\u00e9diatique autour de ce dossier compte tenu de faits divers commis peu avant a donn\u00e9 une ampleur qui n\u2019est pas justifi\u00e9e \u00e0 cette proc\u00e9dure\u00bb, regrette de son c\u00f4t\u00e9 l\u2019avocate d\u2019Ali, Me Mathilde Dumoulin. En septembre dernier, une enseignante d\u2019un lyc\u00e9e de\u00a0<a href=\"http:\/\/www.lefigaro.fr\/bordeaux\/a-libourne-une-enseignante-menacee-de-mort-pour-la-deuxieme-fois-en-un-an-20240911\" data-fig-type=\"NewsFlash\" data-gtm-custom-categorie=\"navigation\" data-gtm-custom-action=\"crossclick\" data-gtm-custom-label=\"Contextuel\" data-gtm-event=\"customEventSPE\" data-fig-domain=\"LEFIGARO\" rel=\"nofollow noopener\" target=\"_blank\">Libourne\u00a0<\/a>se disait victime,\u00a0<a href=\"http:\/\/www.lefigaro.fr\/bordeaux\/pres-de-bordeaux-l-enseignante-qui-se-disait-victime-de-menaces-de-mort-a-tout-invente-20250430\" data-fig-type=\"NewsFlash\" data-gtm-custom-categorie=\"navigation\" data-gtm-custom-action=\"crossclick\" data-gtm-custom-label=\"Contextuel\" data-gtm-event=\"customEventSPE\" data-fig-domain=\"LEFIGARO\" rel=\"nofollow noopener\" target=\"_blank\">\u00e0 tort<\/a>, de menaces de mort. Ce vendredi, selon nos informations, l\u2019un des pr\u00e9venus sera toutefois absent de son proc\u00e8s, et demandera son report. Il passera en effet au m\u00eame moment une \u00e9preuve du baccalaur\u00e9at.<\/p>\n<p class=\"fig-paragraph\">*Les pr\u00e9noms des protagonistes mineurs ont \u00e9t\u00e9 modifi\u00e9s<\/p>\n","protected":false},"excerpt":{"rendered":"INFO LE FIGARO &#8211; Trois lyc\u00e9ens de Marseille comparaissent ce vendredi devant le tribunal pour enfant pour des&hellip;\n","protected":false},"author":2,"featured_media":172672,"comment_status":"","ping_status":"","sticky":false,"template":"","format":"standard","meta":{"footnotes":""},"categories":[2814],"tags":[1111,11,885,1182,1180,1181,11271,1777,674,1011,27,1184,1185,884,7775,12,1177,1176,149,2694,1186,882,25,1178,1748,1183,1179],"class_list":{"0":"post-172671","1":"post","2":"type-post","3":"status-publish","4":"format-standard","5":"has-post-thumbnail","7":"category-marseille","8":"tag-actu","9":"tag-actualites","10":"tag-bouches-du-rhone","11":"tag-calanques","12":"tag-canebiere","13":"tag-cite-phoceenne","14":"tag-enseignants","15":"tag-eu","16":"tag-europe","17":"tag-fr","18":"tag-france","19":"tag-la-timone","20":"tag-les-baumettes-mediterranee","21":"tag-marseille","22":"tag-menaces-de-mort","23":"tag-news","24":"tag-notre-dame-de-la-garde","25":"tag-olympique-de-marseille","26":"tag-om","27":"tag-proces","28":"tag-provence","29":"tag-provence-alpes-cote-dazur","30":"tag-republique-francaise","31":"tag-saint-charles","32":"tag-snapchat","33":"tag-sormiou","34":"tag-vieux-port"},"share_on_mastodon":{"url":"https:\/\/pubeurope.com\/@fr\/114674588964171787","error":""},"_links":{"self":[{"href":"https:\/\/www.europesays.com\/fr\/wp-json\/wp\/v2\/posts\/172671","targetHints":{"allow":["GET"]}}],"collection":[{"href":"https:\/\/www.europesays.com\/fr\/wp-json\/wp\/v2\/posts"}],"about":[{"href":"https:\/\/www.europesays.com\/fr\/wp-json\/wp\/v2\/types\/post"}],"author":[{"embeddable":true,"href":"https:\/\/www.europesays.com\/fr\/wp-json\/wp\/v2\/users\/2"}],"replies":[{"embeddable":true,"href":"https:\/\/www.europesays.com\/fr\/wp-json\/wp\/v2\/comments?post=172671"}],"version-history":[{"count":0,"href":"https:\/\/www.europesays.com\/fr\/wp-json\/wp\/v2\/posts\/172671\/revisions"}],"wp:featuredmedia":[{"embeddable":true,"href":"https:\/\/www.europesays.com\/fr\/wp-json\/wp\/v2\/media\/172672"}],"wp:attachment":[{"href":"https:\/\/www.europesays.com\/fr\/wp-json\/wp\/v2\/media?parent=172671"}],"wp:term":[{"taxonomy":"category","embeddable":true,"href":"https:\/\/www.europesays.com\/fr\/wp-json\/wp\/v2\/categories?post=172671"},{"taxonomy":"post_tag","embeddable":true,"href":"https:\/\/www.europesays.com\/fr\/wp-json\/wp\/v2\/tags?post=172671"}],"curies":[{"name":"wp","href":"https:\/\/api.w.org\/{rel}","templated":true}]}}