{"id":172676,"date":"2025-06-13T06:17:10","date_gmt":"2025-06-13T06:17:10","guid":{"rendered":"https:\/\/www.europesays.com\/fr\/172676\/"},"modified":"2025-06-13T06:17:10","modified_gmt":"2025-06-13T06:17:10","slug":"lile-de-france-va-injecter-50-millions-deuros-dans-le-logement","status":"publish","type":"post","link":"https:\/\/www.europesays.com\/fr\/172676\/","title":{"rendered":"L&rsquo;\u00cele-de-France va injecter 50 millions d&rsquo;euros dans le logement"},"content":{"rendered":"\n<p lang=\"fr-FR\" style=\"margin-bottom: 0cm; font-style: normal; text-decoration: none;\">Le conseil r\u00e9gional va mettre le paquet, malgr\u00e9 une baisse de ses recettes de 321 millions d&rsquo;euros. Un \u00ab\u00a0fonds d&rsquo;urgence\u00a0\u00bb de 50 millions est d\u00e9bloqu\u00e9 pour \u00ab\u00a0relancer des projets suspendus\u00a0\u00bb. Parmi ces derniers, le soutien de la r\u00e9novation d&rsquo;une vingtaine de copropri\u00e9t\u00e9s d\u00e9grad\u00e9es, la sauvegarde d&rsquo;environ 2.000 logements \u00e9tudiants et le financement de projets d&rsquo;am\u00e9nagement durable des collectivit\u00e9s, pour trois fois 10 millions d&rsquo;euros. Le reste de l&rsquo;argent est r\u00e9parti dans des quartiers innovants, et divers projets. <\/p>\n<p lang=\"fr-FR\" style=\"margin-bottom: 0cm; font-style: normal; text-decoration: none;\">\u00a0<\/p>\n<p lang=\"fr-FR\" style=\"margin-bottom: 0cm; text-decoration: none;\">Nicolas Chacun<\/p>\n<p>!function(f,b,e,v,n,t,s){if(f.fbq)return;n=f.fbq=function(){n.callMethod?<br \/>\nn.callMethod.apply(n,arguments):n.queue.push(arguments)};if(!f._fbq)f._fbq=n;<br \/>\nn.push=n;n.loaded=!0;n.version=&rsquo;2.0&prime;;n.queue=[];t=b.createElement(e);t.async=!0;<br \/>\nt.src=v;s=b.getElementsByTagName(e)[0];s.parentNode.insertBefore(t,s)}(window,<br \/>\ndocument,&rsquo;script&rsquo;,&rsquo;https:\/\/connect.facebook.net\/en_US\/fbevents.js&rsquo;);<br \/>\nfbq(&lsquo;init&rsquo;, &lsquo;278974969201861&rsquo;); \/\/ Insert your pixel ID here.<br \/>\nfbq(&lsquo;track&rsquo;, &lsquo;PageView&rsquo;);<\/p>\n","protected":false},"excerpt":{"rendered":"Le conseil r\u00e9gional va mettre le paquet, malgr\u00e9 une baisse de ses recettes de 321 millions d&rsquo;euros. Un&hellip;\n","protected":false},"author":2,"featured_media":172677,"comment_status":"","ping_status":"","sticky":false,"template":"","format":"standard","meta":{"footnotes":""},"categories":[1592],"tags":[1111,11,1933,1936,1777,1939,674,1011,27,662,1934,12,1940,626,1935,25,1937,1941,1938],"class_list":{"0":"post-172676","1":"post","2":"type-post","3":"status-publish","4":"format-standard","5":"has-post-thumbnail","7":"category-ile-de-france","8":"tag-actu","9":"tag-actualites","10":"tag-actualites-locales","11":"tag-essonne","12":"tag-eu","13":"tag-eure-et-loir","14":"tag-europe","15":"tag-fr","16":"tag-france","17":"tag-ile-de-france","18":"tag-infos-locales","19":"tag-news","20":"tag-oise","21":"tag-paris","22":"tag-pres-de-chez-vous","23":"tag-republique-francaise","24":"tag-seine-et-marne","25":"tag-somme","26":"tag-yvelines"},"share_on_mastodon":{"url":"https:\/\/pubeurope.com\/@fr\/114674600769005870","error":""},"_links":{"self":[{"href":"https:\/\/www.europesays.com\/fr\/wp-json\/wp\/v2\/posts\/172676","targetHints":{"allow":["GET"]}}],"collection":[{"href":"https:\/\/www.europesays.com\/fr\/wp-json\/wp\/v2\/posts"}],"about":[{"href":"https:\/\/www.europesays.com\/fr\/wp-json\/wp\/v2\/types\/post"}],"author":[{"embeddable":true,"href":"https:\/\/www.europesays.com\/fr\/wp-json\/wp\/v2\/users\/2"}],"replies":[{"embeddable":true,"href":"https:\/\/www.europesays.com\/fr\/wp-json\/wp\/v2\/comments?post=172676"}],"version-history":[{"count":0,"href":"https:\/\/www.europesays.com\/fr\/wp-json\/wp\/v2\/posts\/172676\/revisions"}],"wp:featuredmedia":[{"embeddable":true,"href":"https:\/\/www.europesays.com\/fr\/wp-json\/wp\/v2\/media\/172677"}],"wp:attachment":[{"href":"https:\/\/www.europesays.com\/fr\/wp-json\/wp\/v2\/media?parent=172676"}],"wp:term":[{"taxonomy":"category","embeddable":true,"href":"https:\/\/www.europesays.com\/fr\/wp-json\/wp\/v2\/categories?post=172676"},{"taxonomy":"post_tag","embeddable":true,"href":"https:\/\/www.europesays.com\/fr\/wp-json\/wp\/v2\/tags?post=172676"}],"curies":[{"name":"wp","href":"https:\/\/api.w.org\/{rel}","templated":true}]}}