{"id":172678,"date":"2025-06-13T06:18:09","date_gmt":"2025-06-13T06:18:09","guid":{"rendered":"https:\/\/www.europesays.com\/fr\/172678\/"},"modified":"2025-06-13T06:18:09","modified_gmt":"2025-06-13T06:18:09","slug":"a-quelle-meteo-faut-il-sattendre","status":"publish","type":"post","link":"https:\/\/www.europesays.com\/fr\/172678\/","title":{"rendered":"\u00e0 quelle m\u00e9t\u00e9o faut-il s&rsquo;attendre\u00a0?"},"content":{"rendered":"<p>            Par<br \/>\n        <strong><br \/>\n            <a href=\"https:\/\/actu.fr\/auteur\/thomas-martin\" title=\"Consulter tous les articles de Thomas Martin\" target=\"_blank\" rel=\"noopener\">Thomas Martin<\/a><br \/>\n        <\/strong><\/p>\n<p>        Publi\u00e9 le<\/p>\n<p>            13 juin 2025 \u00e0 7h46        <\/p>\n<p>Des orages mais peut-\u00eatre pas trop violents. Alors que <a href=\"https:\/\/actu.fr\/tag\/meteo-france\" target=\"_blank\" rel=\"noopener\">M\u00e9t\u00e9o-France<\/a> a annonc\u00e9 le passage de 17 d\u00e9partements du sud-ouest et du nord-ouest de la France en <strong>vigilance orange<\/strong> \u00e0 partir de ce vendredi 13 juin apr\u00e8s-midi en raison d\u2019une \u00ab\u00a0d\u00e9gradation orageuse\u00a0\u00bb, Paris et l\u2019\u00cele-de-France reste en <a href=\"https:\/\/actu.fr\/meteo\/la-menace-d-orages-violents-a-paris-et-en-ile-de-france-se-precise-la-vigilance-meteo-declenchee_62765036.html\" target=\"_blank\" rel=\"noopener\">vigilance jaune aux orages<\/a>.\u00a0<\/p>\n<p>Les pr\u00e9visions m\u00e9t\u00e9o \u00e0 Paris et en \u00cele-de-France<\/p>\n<p class=\" wall-content\">Selon M\u00e9t\u00e9o-France, les premiers d\u00e9veloppements orageux se mettent en place en fin de matin\u00e9e sur les Pays de la Loire et la Bretagne. En milieu d\u2019apr\u00e8s-midi, ces orages deviennent plus forts en circulant sur le nord des Pays de la Loire, puis sur la Normandie. Au cours de cette \u00e9v\u00e8nement, \u00a0de puissantes rafales pouvant atteindre les 100 km\/h, jusqu\u2019\u00e0 120 km\/h localement sont annonc\u00e9es.<\/p>\n<p class=\" wall-content\">Des cumuls de pluie importants, entre 20 et 30 mm en peu de temps et pouvant atteindre localement les 40 \u00e0 50 mm, sont craints. La pluie pourrait \u00eatre accompagn\u00e9 de gr\u00eale. Le tout avec une\u00a0activit\u00e9 \u00e9lectrique importante.<\/p>\n<p class=\" wall-content\">Ces orages s\u2019\u00e9vacueront ensuite vers le nord en fin des soir\u00e9e, le risque orageux devient moins important.<\/p>\n<p class=\" wall-content\">\n<p class=\" wall-content\">En \u00cele-de-France, o\u00f9 les 30\u00b0C seront \u00e0 nouveau d\u00e9pass\u00e9s, des averses localement orageuses sont annonc\u00e9es mais avec une moindre importance puisque M\u00e9t\u00e9o-France annonce 9 mm de pr\u00e9cipitations dans la capitale.<\/p>\n<p>Vid\u00e9os : en ce moment sur Actu<\/p>\n<p class=\" wall-content\">Des orages sont aussi possibles en soir\u00e9e et dans la nuit mais l\u00e0 encore de moindre intensit\u00e9. La gr\u00eale, l\u00e0 encore, n\u2019est pas exclue.\u00a0<\/p>\n<p class=\" wall-content\">Suivez toute l\u2019actualit\u00e9 de vos villes et m\u00e9dias favoris en vous inscrivant \u00e0 <a href=\"https:\/\/moncompte.actu.fr\" title=\"D\u00e9couvez Mon Actu\" rel=\"nofollow noopener\" data-trk=\"{&quot;cta&quot;:{&quot;action&quot;:&quot;https:\\\/\\\/moncompte.actu.fr&quot;,&quot;category&quot;:&quot;mon compte&quot;,&quot;from&quot;:&quot;article footer&quot;,&quot;name&quot;:&quot;Mon actu&quot;,&quot;type&quot;:&quot;cta&quot;}}\" target=\"_blank\">Mon Actu<\/a>.<\/p>\n","protected":false},"excerpt":{"rendered":"Par Thomas Martin Publi\u00e9 le 13 juin 2025 \u00e0 7h46 Des orages mais peut-\u00eatre pas trop violents. Alors&hellip;\n","protected":false},"author":2,"featured_media":141083,"comment_status":"","ping_status":"","sticky":false,"template":"","format":"standard","meta":{"footnotes":""},"categories":[1592],"tags":[1111,11,1777,674,1011,27,662,2487,2357,12,4594,626,25],"class_list":{"0":"post-172678","1":"post","2":"type-post","3":"status-publish","4":"format-standard","5":"has-post-thumbnail","7":"category-ile-de-france","8":"tag-actu","9":"tag-actualites","10":"tag-eu","11":"tag-europe","12":"tag-fr","13":"tag-france","14":"tag-ile-de-france","15":"tag-meteo","16":"tag-meteo-france","17":"tag-news","18":"tag-orages","19":"tag-paris","20":"tag-republique-francaise"},"share_on_mastodon":{"url":"https:\/\/pubeurope.com\/@fr\/114674604663501222","error":""},"_links":{"self":[{"href":"https:\/\/www.europesays.com\/fr\/wp-json\/wp\/v2\/posts\/172678","targetHints":{"allow":["GET"]}}],"collection":[{"href":"https:\/\/www.europesays.com\/fr\/wp-json\/wp\/v2\/posts"}],"about":[{"href":"https:\/\/www.europesays.com\/fr\/wp-json\/wp\/v2\/types\/post"}],"author":[{"embeddable":true,"href":"https:\/\/www.europesays.com\/fr\/wp-json\/wp\/v2\/users\/2"}],"replies":[{"embeddable":true,"href":"https:\/\/www.europesays.com\/fr\/wp-json\/wp\/v2\/comments?post=172678"}],"version-history":[{"count":0,"href":"https:\/\/www.europesays.com\/fr\/wp-json\/wp\/v2\/posts\/172678\/revisions"}],"wp:featuredmedia":[{"embeddable":true,"href":"https:\/\/www.europesays.com\/fr\/wp-json\/wp\/v2\/media\/141083"}],"wp:attachment":[{"href":"https:\/\/www.europesays.com\/fr\/wp-json\/wp\/v2\/media?parent=172678"}],"wp:term":[{"taxonomy":"category","embeddable":true,"href":"https:\/\/www.europesays.com\/fr\/wp-json\/wp\/v2\/categories?post=172678"},{"taxonomy":"post_tag","embeddable":true,"href":"https:\/\/www.europesays.com\/fr\/wp-json\/wp\/v2\/tags?post=172678"}],"curies":[{"name":"wp","href":"https:\/\/api.w.org\/{rel}","templated":true}]}}