{"id":172683,"date":"2025-06-13T06:21:08","date_gmt":"2025-06-13T06:21:08","guid":{"rendered":"https:\/\/www.europesays.com\/fr\/172683\/"},"modified":"2025-06-13T06:21:08","modified_gmt":"2025-06-13T06:21:08","slug":"a-velo-il-percute-une-voiture-et-finit-frappe-sequestre-et-depouille-par-ses-occupants","status":"publish","type":"post","link":"https:\/\/www.europesays.com\/fr\/172683\/","title":{"rendered":"\u00e0 v\u00e9lo, il percute une voiture et finit frapp\u00e9, s\u00e9questr\u00e9 et d\u00e9pouill\u00e9 par ses occupants"},"content":{"rendered":"<p>            Par<br \/>\n        <strong><br \/>\n            <a href=\"https:\/\/actu.fr\/auteur\/antoine-blanchet\" title=\"Consulter tous les articles de Antoine Blanchet\" target=\"_blank\" rel=\"noopener\">Antoine Blanchet<\/a><br \/>\n        <\/strong><\/p>\n<p>        Publi\u00e9 le<\/p>\n<p>            13 juin 2025 \u00e0 7h32        <\/p>\n<p>Le t\u00e9l\u00e9phone sonne puis d\u00e9croche. La voix du standard d\u2019accueil du 17 se pr\u00e9sente et demande quel est l\u2019objet de l\u2019appel. \u00c0 l\u2019autre bout du fil, cinq jeunes. Deux s\u0153urs, leur fr\u00e8re et deux amis d\u2019enfance. Le quintet ne demande ni secours, ni d\u00e9p\u00f4t de plainte. C\u2019est tout l\u2019inverse. Ils viennent de faire \u201cune b\u00eatise\u201d, \u201cune erreur\u201d. Ces deux derni\u00e8res heures,<strong> ils ont s\u00e9questr\u00e9, frapp\u00e9 et vol\u00e9 un cycliste<\/strong>. Ils veulent savoir si c\u2019est grave. La voix du standard est interloqu\u00e9e. Elle n\u2019a pas l\u2019habitude d\u2019\u00eatre sollicit\u00e9e pour des conseils juridiques par des auteurs d\u2019infractions.\u00a0<\/p>\n<p>\u00ab\u00a0I want 300 euros\u00a0\u00bb<\/p>\n<p class=\" wall-content\">Toute cette histoire commence par un gros boum. Le 23 mars 2025, vers 4h30, Nigel* d\u00e9vale \u00e0 v\u00e9lo <strong>l\u2019avenue Gambetta<\/strong>, \u00e0 proximit\u00e9 du <a href=\"https:\/\/actu.fr\/tag\/cimetiere-du-pere-lachaise\" target=\"_blank\" rel=\"noopener\">P\u00e8re Lachaise<\/a> \u00e0 <a href=\"https:\/\/actu.fr\/paris\/\" target=\"_blank\" rel=\"noopener\">Paris<\/a>. Le cycliste a bu de l\u2019alcool chez des amis. Il roule \u00e0 plein r\u00e9gime sur la chauss\u00e9e d\u00e9serte, et c\u2019est le choc. Il percute l\u2019arri\u00e8re d\u2019une BMW gris clair.\u00a0<\/p>\n<p class=\" wall-content\">Ce banal accident de la circulation prend tr\u00e8s vite une \u00e9trange tournure. Le cycliste, bien amoch\u00e9 au visage, voit les deux occupants de la voiture fondre sur lui. Il s\u2019agit d\u2019un fr\u00e8re et d\u2019une s\u0153ur. Ils semblent plus impact\u00e9s par les dommages subis par leur v\u00e9hicule que ceux subis par le visage de l\u2019accident\u00e9. \u201cMoney ! Money ! I want 300 euros\u201d, lance d\u2019une voix mena\u00e7ante la jeune femme \u00e0 Nigel qui ne parle qu\u2019anglais. Pas de constat. Pas d\u2019accord \u00e0 l\u2019amiable.<\/p>\n<p>La victime laiss\u00e9e sur le trottoir au bout de deux heures<\/p>\n<p class=\" wall-content\">L\u2019usager du v\u00e9lo accepte de payer, mais propose d\u2019appeler la police. Le duo refuse. Il tente de prendre la fuite. L\u2019homme le rattrape puis le frappe. Un troisi\u00e8me individu au physique d\u2019armoire \u00e0 glace arrive soudain en voiture. Appel\u00e9 par les deux frangins, il n\u2019est pas plus sympathique. Il demande aussi de l\u2019argent pour payer les d\u00e9g\u00e2ts. Il tire la victime dans son v\u00e9hicule. Le passager de la BMW les accompagne. Ils roulent jusqu\u2019\u00e0 la <strong>Banque Postale<\/strong> situ\u00e9e<strong> place Martin Nadeau<\/strong>. Durant le trajet, Nigel re\u00e7oit de nouveaux coups.\u00a0<\/p>\n<p class=\" wall-content\">Arriv\u00e9s devant l\u2019\u00e9tablissement, le colosse demande au cycliste sa carte bleue et son code. Accompagn\u00e9 de la conductrice de la BMW, il effectue <strong>un retrait de 300 euros au distributeur<\/strong>. Des virements sont aussi tent\u00e9s via des applications bancaires, allant jusqu\u2019\u00e0 1 200 euros. Apr\u00e8s ces transactions, une troisi\u00e8me voiture arrive avec un homme et une femme. Cette derni\u00e8re est la s\u0153ur des deux occupants du v\u00e9hicule caboss\u00e9 par le cycliste. Nigel aurait encore \u00e9t\u00e9 frapp\u00e9 \u00e0 ce moment-l\u00e0.\u00a0<\/p>\n<p class=\" wall-content\">Apr\u00e8s deux heures de tension, la victime est laiss\u00e9e sur le trottoir avec son portefeuille, sa terreur et ses blessures. Elle parvient \u00e0 filmer la<strong> plaque d\u2019immatriculation de la BMW<\/strong> et appelle la police. De leur c\u00f4t\u00e9, les cinq suspects font la m\u00eame chose. \u00c0 froid, ces jeunes quasi-inconnus de la justice se rendent compte qu\u2019ils sont all\u00e9s bien trop loin. Ils seront interpell\u00e9s dans les jours suivants.\u00a0<\/p>\n<p>\u00ab\u00a0On a privil\u00e9gi\u00e9 une voiture \u00e0 une vie\u00a0\u00bb<\/p>\n<p class=\" wall-content\">Ce jeudi 12 juin 2025, le pr\u00e9sident de la 23e chambre <a href=\"https:\/\/actu.fr\/tag\/tribunal-de-paris\" target=\"_blank\" rel=\"noopener\">du tribunal correctionnel<\/a> de Paris leur confirme une nouvelle fois leurs inqui\u00e9tudes. Oui, ils ont commis des faits graves. Tous encourent<strong> 7 ans d\u2019emprisonnement<\/strong>. Les deux fr\u00e8res et s\u0153ur qui \u00e9taient dans la BMW, Nevena et Nenad, sont dans le box. La deuxi\u00e8me s\u0153ur, Natacha, le g\u00e9ant Rayan et l\u2019ami d\u2019enfance comparaissent libres. La victime, qui s\u2019est vue octroyer<strong> 45 jours d\u2019incapacit\u00e9 totale de travail (ITT),<\/strong> est absente.<\/p>\n<p class=\" wall-content\">\u00c0 la barre, tous reconnaissent les faits. Le fr\u00e8re et la s\u0153ur expliquent que la voiture encastr\u00e9e appartenait \u00e0 leur m\u00e8re, qui a travaill\u00e9 dur pour l\u2019acqu\u00e9rir.\u00a0<\/p>\n<p class=\" wall-content\">\u201cEn fait, quand je l\u2019ai vu partir en courant, j\u2019ai pas appr\u00e9ci\u00e9 et c\u2019est \u00e0 partir de l\u00e0 que toutes les d\u00e9cisions ont commenc\u00e9 \u00e0 s\u2019enchainer. On a pris que des mauvaises d\u00e9cisions ce soir-l\u00e0\u201d, affirme Nevena d\u2019une voix forte.\u00a0<\/p>\n<p class=\" wall-content\">\u00ab\u00a0Il nous a dit qu\u2019il voulait nous rembourser, mais finalement il ne voulait pas. \u00c7a nous a saoul\u00e9s\u00a0\u00bb, ajoute son fr\u00e8re.\u00a0<\/p>\n<p class=\" wall-content\">Le pr\u00e9venu ajoute que la victime \u00e9tait consentante pour retirer de l\u2019argent afin de payer les d\u00e9g\u00e2ts.\u00a0<\/p>\n<p class=\" wall-content\">\u00ab\u00a0Mais s\u2019il \u00e9tait d\u2019accord. Pourquoi avoir eu besoin de lui demander ses codes de carte bleue et de faire les retraits \u00e0 sa place ?\u00a0\u00bb, questionne le pr\u00e9sident.\u00a0<\/p>\n<p class=\" wall-content\">Silence dans la salle.\u00a0<\/p>\n<p class=\" wall-content\">Tous expriment des regrets. \u00ab\u00a0Sur le coup du stress, on a mal agi. On regrette fortement. Je me mets \u00e0 la place de la victime. On a privil\u00e9gi\u00e9 une voiture \u00e0 une vie\u00a0\u00bb, reconna\u00eet Nevenna. \u00ab\u00a0J\u2019ai honte. On a \u00e9t\u00e9 l\u00e2ches\u00a0\u00bb, rajoute Rayan.\u00a0<\/p>\n<p>Des peines de prison ferme requises\u00a0<\/p>\n<p class=\" wall-content\">Sinc\u00e8re ou non, ce repentir n\u2019\u00e9meut pas le procureur. \u00ab\u00a0Aucun d\u2019eux ne s\u2019est oppos\u00e9 au d\u00e9roulement des faits. Aucun d\u2019eux n\u2019a cherch\u00e9 \u00e0 stopper le cycle infernal\u00a0\u00bb, fustige le magistrat dans son r\u00e9quisitoire. Il demande des peines s\u00e9v\u00e8res. Pour Nevena et Nenad, <strong>24 mois de prison, dont 18 mois ferme avec maintien en d\u00e9tention<\/strong>. Pour Rayan, 24 mois, dont 8 fermes am\u00e9nageables. Pour les deux autres pr\u00e9venus, arriv\u00e9s sur les derniers sur les lieux des faits, 18 mois de prison avec sursis sont requis.\u00a0<\/p>\n<p class=\" wall-content\">\u00c0 la d\u00e9fense, on tente de mettre en avant le profil immacul\u00e9 des pr\u00e9venus et le choc salvateur de cette proc\u00e9dure p\u00e9nale. \u00ab\u00a0Il a eu tout un cheminement en prison. Il a honte d\u2019\u00eatre l\u00e0 aujourd\u2019hui\u00a0\u00bb, affirme l\u2019avocate de Rayan (il avait \u00e9t\u00e9 plac\u00e9 en d\u00e9tention avant d\u2019\u00eatre remis en libert\u00e9 sous contr\u00f4le judiciaire ndlr). \u00ab\u00a0<\/p>\n<p class=\" wall-content\">Aucun d\u2019eux n\u2019a le profil pour compara\u00eetre devant cette juridiction. \u00c7a rappelle au public que la vie d\u2019une personne normale peut basculer en 30 secondes\u00a0\u00bb, ajoute le conseil de Nenad. On demande du sursis. Les deux s\u0153urs essuient leurs larmes lorsque leur avocate plaide. Au milieu de ses arguments pour la cl\u00e9mence, la p\u00e9naliste ne peut que reconna\u00eetre :\u00a0 \u00ab\u00a0On aurait aim\u00e9 qu\u2019ils pensent au mot \u00ab\u00a0constat\u00a0\u00bb. On ne serait pas l\u00e0 aujourd\u2019hui\u00a0\u00bb.<\/p>\n<p class=\" wall-content\">L\u2019audience a \u00e9t\u00e9 mise en d\u00e9lib\u00e9r\u00e9 pour le 23 juin.\u00a0<\/p>\n<p class=\" wall-content\">*Le pr\u00e9nom a \u00e9t\u00e9 modifi\u00e9\u00a0<\/p>\n<p class=\" wall-content\">Suivez toute l\u2019actualit\u00e9 de vos villes et m\u00e9dias favoris en vous inscrivant \u00e0 <a href=\"https:\/\/moncompte.actu.fr\" title=\"D\u00e9couvez Mon Actu\" rel=\"nofollow noopener\" data-trk=\"{&quot;cta&quot;:{&quot;action&quot;:&quot;https:\\\/\\\/moncompte.actu.fr&quot;,&quot;category&quot;:&quot;mon compte&quot;,&quot;from&quot;:&quot;article footer&quot;,&quot;name&quot;:&quot;Mon actu&quot;,&quot;type&quot;:&quot;cta&quot;}}\" target=\"_blank\">Mon Actu<\/a>.<\/p>\n","protected":false},"excerpt":{"rendered":"Par Antoine Blanchet Publi\u00e9 le 13 juin 2025 \u00e0 7h32 Le t\u00e9l\u00e9phone sonne puis d\u00e9croche. La voix du&hellip;\n","protected":false},"author":2,"featured_media":172684,"comment_status":"","ping_status":"","sticky":false,"template":"","format":"standard","meta":{"footnotes":""},"categories":[1888],"tags":[11,1777,674,118,1011,27,303,12,626,2694,25],"class_list":{"0":"post-172683","1":"post","2":"type-post","3":"status-publish","4":"format-standard","5":"has-post-thumbnail","7":"category-paris","8":"tag-actualites","9":"tag-eu","10":"tag-europe","11":"tag-faits-divers","12":"tag-fr","13":"tag-france","14":"tag-justice","15":"tag-news","16":"tag-paris","17":"tag-proces","18":"tag-republique-francaise"},"share_on_mastodon":{"url":"https:\/\/pubeurope.com\/@fr\/114674616615201956","error":""},"_links":{"self":[{"href":"https:\/\/www.europesays.com\/fr\/wp-json\/wp\/v2\/posts\/172683","targetHints":{"allow":["GET"]}}],"collection":[{"href":"https:\/\/www.europesays.com\/fr\/wp-json\/wp\/v2\/posts"}],"about":[{"href":"https:\/\/www.europesays.com\/fr\/wp-json\/wp\/v2\/types\/post"}],"author":[{"embeddable":true,"href":"https:\/\/www.europesays.com\/fr\/wp-json\/wp\/v2\/users\/2"}],"replies":[{"embeddable":true,"href":"https:\/\/www.europesays.com\/fr\/wp-json\/wp\/v2\/comments?post=172683"}],"version-history":[{"count":0,"href":"https:\/\/www.europesays.com\/fr\/wp-json\/wp\/v2\/posts\/172683\/revisions"}],"wp:featuredmedia":[{"embeddable":true,"href":"https:\/\/www.europesays.com\/fr\/wp-json\/wp\/v2\/media\/172684"}],"wp:attachment":[{"href":"https:\/\/www.europesays.com\/fr\/wp-json\/wp\/v2\/media?parent=172683"}],"wp:term":[{"taxonomy":"category","embeddable":true,"href":"https:\/\/www.europesays.com\/fr\/wp-json\/wp\/v2\/categories?post=172683"},{"taxonomy":"post_tag","embeddable":true,"href":"https:\/\/www.europesays.com\/fr\/wp-json\/wp\/v2\/tags?post=172683"}],"curies":[{"name":"wp","href":"https:\/\/api.w.org\/{rel}","templated":true}]}}