{"id":172697,"date":"2025-06-13T06:28:10","date_gmt":"2025-06-13T06:28:10","guid":{"rendered":"https:\/\/www.europesays.com\/fr\/172697\/"},"modified":"2025-06-13T06:28:10","modified_gmt":"2025-06-13T06:28:10","slug":"leurope-vue-en-nette-baisse-la-situation-au-moyen-orient-inquiete-13-06-2025-a-0757","status":"publish","type":"post","link":"https:\/\/www.europesays.com\/fr\/172697\/","title":{"rendered":"L&rsquo;Europe vue en nette baisse, la situation au Moyen-Orient inqui\u00e8te &#8211; 13\/06\/2025 \u00e0 07:57"},"content":{"rendered":"<p>        <img fetchpriority=\"high\" decoding=\"async\" src=\"https:\/\/www.europesays.com\/fr\/wp-content\/uploads\/2025\/06\/924ede4539bc85c83597540cf91f8c80-760x442.jpg\" alt=\"Vue g\u00e9n\u00e9rale de la bourse allemande (Deutsche Boerse) \u00e0 Francfort\" loading=\"eager\" width=\"760\" height=\"442\" style=\"max-width: 100%!important; height: auto;\"\/><\/p>\n<p class=\"c-image-news__legend\">Vue g\u00e9n\u00e9rale de la bourse allemande (Deutsche Boerse) \u00e0 Francfort<\/p>\n<p>\n par Diana Mandia\n<\/p>\n<p>\n Les principales Bourses europ\u00e9ennes sont attendues en nette baisse vendredi \u00e0 l&rsquo;ouverture apr\u00e8s des frappes isra\u00e9liennes dans la nuit sur les installations nucl\u00e9aires iraniennes, ce qui fait flamber les prix du p\u00e9trole et provoque la  ru\u00e9e des investisseurs vers les valeurs refuge.\n<\/p>\n<p>\n D&rsquo;apr\u00e8s les premi\u00e8res indications disponibles, le CAC 40 parisien pourrait perdre 1,5% \u00e0 l&rsquo;ouverture.\n<\/p>\n<p>\n Les contrats \u00e0 terme signalent une baisse de 1,62% pour le Dax \u00e0 Francfort et de 0,47% pour le FTSE \u00e0 Londres. Le Stoxx 600 devrait ouvrir en baisse de 1,2%.\n<\/p>\n<p>\n Les Bourses europ\u00e9ennes devraient r\u00e9agir fortement vendredi aux frappes isra\u00e9liennes sur des installations nucl\u00e9aires, des usines de missiles balistiques et des commandants militaires iraniens dans le cadre d&rsquo;une op\u00e9ration visant \u00e0 emp\u00eacher T\u00e9h\u00e9ran de d\u00e9velopper une arme atomique.\n<\/p>\n<p>\n L&rsquo;op\u00e9ration, que le Premier ministre isra\u00e9lien Benjamin Netanyahu a qualifi\u00e9 de \u00ab\u00a0moment d\u00e9cisif\u00a0\u00bb dans l&rsquo;histoire de l&rsquo;\u00c9tat h\u00e9breu, a tu\u00e9 le chef des gardiens de la r\u00e9volution, Hossein Salami, et devrait se poursuivre pendant plusieurs jours. Le guide supr\u00eame de la R\u00e9publique islamique iranienne, Ali Khamenei, a promis un \u00ab\u00a0ch\u00e2timent s\u00e9v\u00e8re\u00a0\u00bb pour Isra\u00ebl.\n<\/p>\n<p>\n L&rsquo;escalade des hostilit\u00e9s au Moyen-Orient &#8211; l&rsquo;une des principales r\u00e9gions productrices de p\u00e9trole au monde &#8211; ajoute une nouvelle couche d&rsquo;incertitude pour les march\u00e9s financiers \u00e0 un moment o\u00f9 l&rsquo;\u00e9conomie subit une pression accrue en raison des politiques commerciales agressives du pr\u00e9sident am\u00e9ricain Donald Trump.\n<\/p>\n<p>\n Les prix du p\u00e9trole s&rsquo;envolent d&rsquo;environ 8% vendredi, atteignant leur niveau le plus \u00e9lev\u00e9 depuis pr\u00e8s de cinq mois, alors que les tensions au Moyen-Orient suscitent des inqui\u00e9tudes quant \u00e0 la perturbation de l&rsquo;approvisionnement.\n<\/p>\n<p>\n \u00ab\u00a0L&rsquo;Iran a annonc\u00e9 une situation d&rsquo;urgence et se pr\u00e9pare \u00e0 riposter, ce qui augmente le risque non seulement de perturbations, mais aussi de contagion \u00e0 d&rsquo;autres pays voisins producteurs de p\u00e9trole\u00a0\u00bb, a d\u00e9clar\u00e9 Priyanka Sachdeva, analyste chez Phillip Nova.\n<\/p>\n<p>\n Le Brent avance de 8,25% \u00e0 75,08 dollars le baril et le brut l\u00e9ger am\u00e9ricain (West Texas Intermediate, WTI) de 8,69% \u00e0 73,95 dollars.\n<\/p>\n<p>\n LES VALEURS A SUIVRE : [L8N3SF1BX]\n<\/p>\n<p>\n Les grandes entreprises de d\u00e9fense europ\u00e9ennes, telles que le britannique BAE Systems, le fran\u00e7ais Dassault Aviation ou le su\u00e9dois Saab AB seront particuli\u00e8rement surveill\u00e9es en raison de l&rsquo;escalade des tensions au Moyen-Orient.\n<\/p>\n<p>\n A WALL STREET\n<\/p>\n<p>\n La Bourse de New York a fini en hausse jeudi alors que les pr\u00e9visions solides communiqu\u00e9es par Oracle ont nourri l&rsquo;enthousiasme autour de l&rsquo;intelligence artificielle (IA).\n<\/p>\n<p>\n L&rsquo;indice Dow Jones a gagn\u00e9 0,24%, le S&amp;P-500, plus large, a pris 0,38% et le Nasdaq Composite a avanc\u00e9 de son c\u00f4t\u00e9 de 0,24%.\n<\/p>\n<p>\n Les contrats \u00e0 terme signalent toutefois une ouverture en nette baisse vendredi en r\u00e9action aux frappes isra\u00e9liennes contre l&rsquo;Iran.\n<\/p>\n<p>\n EN ASIE\n<\/p>\n<p>\n L&rsquo;escalade militaire au Moyen-Orient p\u00e9nalise \u00e9galement les march\u00e9s asiatiques.\n<\/p>\n<p>\n La Bourse de Tokyo recule de 1,18% \u00e0 37.721,07 points.\n<\/p>\n<p>\n En Chine, l&rsquo;indice composite de la Bourse de Shanghai perd 0,81% et le CSI 300 des grandes capitalisations c\u00e8de 0,83%.\n<\/p>\n<p>\n La Bourse de Hong Kong recule quant \u00e0 elle de 0,7%.\n<\/p>\n<p>\n TAUX\n<\/p>\n<p>\n Les investisseurs ach\u00e8tent des bons du Tr\u00e9sor am\u00e9ricain dans le cadre d&rsquo;une fuite vers des actifs jug\u00e9s plus s\u00fbrs, ce qui fait baisser les rendements obligataires.\n<\/p>\n<p>\n Le rendement des Treasuries \u00e0 dix ans recule de 2,5 points de base \u00e0 4,3317%. Le deux ans perd 1,9 point de base \u00e0 3,8867%.\n<\/p>\n<p>\n CHANGES\n<\/p>\n<p>\n Sur le march\u00e9 des changes, le franc suisse et le yen s&rsquo;appr\u00e9cient,  b\u00e9n\u00e9ficiant de leur r\u00e9putation de valeur refuge, un mouvement qui touche \u00e9galement le dollar am\u00e9ricain, qui gagne 0,34% face \u00e0 un panier de devises de r\u00e9f\u00e9rence.\n<\/p>\n<p>\n L&rsquo;euro perd 0,46% \u00e0 1,1530 dollar.\n<\/p>\n<p>\n M\u00c9TAUX\n<\/p>\n<p>\n Le prix de l&rsquo;or progressent, les investisseurs se tournant vers les valeurs refuges apr\u00e8s l&rsquo;attaque isra\u00e9lienne contre l&rsquo;Iran.\n<\/p>\n<p>\n L&rsquo;or au comptant avance de 1,1% \u00e0 3.421,23 dollars l&rsquo;once.\n<\/p>\n<p>\n PRINCIPAUX INDICATEURS \u00c9CONOMIQUES \u00c0 L&rsquo;AGENDA DU 13 JUIN :\n<\/p>\n<p>\n PAYS    GMT    INDICATEUR                     P\u00c9RIODE     CONSENSUS  PR\u00c9C\u00c9DENT\n<\/p>\n<p>\n DE      06h00  Inflation IPCH d\u00e9finitive      mai\n<\/p>\n<p>\n &#8211; sur un mois                              +0,1%      +0,1%\n<\/p>\n<p>\n &#8211; sur un an                                +2,1%      +2,1%\n<\/p>\n<p>\n FR      06h45  Inflation IPCH d\u00e9finitive      mai\n<\/p>\n<p>\n &#8211; sur un mois                              -0,2%      -0,2%\n<\/p>\n<p>\n &#8211; sur un an                                +0,6%      +0,6%\n<\/p>\n<p>\n EZ      09h00  Exc\u00e9dent commercial            avril        &#8211;         36,8 mds\n<\/p>\n<p>\n EZ      09h00  Production industrielle        avril\n<\/p>\n<p>\n &#8211; sur un mois                              -1,7%      +2,6%\n<\/p>\n<p>\n &#8211; sur un an                                +1,4%      +3,6%\n<\/p>\n<p>\n (R\u00e9dig\u00e9 par Diana Mandia, \u00e9dit\u00e9 par Kate Entringer)<\/p>\n","protected":false},"excerpt":{"rendered":"Vue g\u00e9n\u00e9rale de la bourse allemande (Deutsche Boerse) \u00e0 Francfort par Diana Mandia Les principales Bourses europ\u00e9ennes sont&hellip;\n","protected":false},"author":2,"featured_media":172698,"comment_status":"","ping_status":"","sticky":false,"template":"","format":"standard","meta":{"footnotes":""},"categories":[1586],"tags":[400,11,398,408,405,1777,674,1011,27,403,402,399,404,12,25,401,406,407],"class_list":{"0":"post-172697","1":"post","2":"type-post","3":"status-publish","4":"format-standard","5":"has-post-thumbnail","7":"category-europe","8":"tag-action-cac-40","9":"tag-actualites","10":"tag-bourse-de-paris","11":"tag-boursorama","12":"tag-cotations","13":"tag-eu","14":"tag-europe","15":"tag-fr","16":"tag-france","17":"tag-indices-devises","18":"tag-investir","19":"tag-investissement","20":"tag-marche-boursier","21":"tag-news","22":"tag-republique-francaise","23":"tag-sicav","24":"tag-trackers","25":"tag-warrants"},"share_on_mastodon":{"url":"https:\/\/pubeurope.com\/@fr\/114674644067414142","error":""},"_links":{"self":[{"href":"https:\/\/www.europesays.com\/fr\/wp-json\/wp\/v2\/posts\/172697","targetHints":{"allow":["GET"]}}],"collection":[{"href":"https:\/\/www.europesays.com\/fr\/wp-json\/wp\/v2\/posts"}],"about":[{"href":"https:\/\/www.europesays.com\/fr\/wp-json\/wp\/v2\/types\/post"}],"author":[{"embeddable":true,"href":"https:\/\/www.europesays.com\/fr\/wp-json\/wp\/v2\/users\/2"}],"replies":[{"embeddable":true,"href":"https:\/\/www.europesays.com\/fr\/wp-json\/wp\/v2\/comments?post=172697"}],"version-history":[{"count":0,"href":"https:\/\/www.europesays.com\/fr\/wp-json\/wp\/v2\/posts\/172697\/revisions"}],"wp:featuredmedia":[{"embeddable":true,"href":"https:\/\/www.europesays.com\/fr\/wp-json\/wp\/v2\/media\/172698"}],"wp:attachment":[{"href":"https:\/\/www.europesays.com\/fr\/wp-json\/wp\/v2\/media?parent=172697"}],"wp:term":[{"taxonomy":"category","embeddable":true,"href":"https:\/\/www.europesays.com\/fr\/wp-json\/wp\/v2\/categories?post=172697"},{"taxonomy":"post_tag","embeddable":true,"href":"https:\/\/www.europesays.com\/fr\/wp-json\/wp\/v2\/tags?post=172697"}],"curies":[{"name":"wp","href":"https:\/\/api.w.org\/{rel}","templated":true}]}}