{"id":17270,"date":"2025-04-11T12:26:20","date_gmt":"2025-04-11T12:26:20","guid":{"rendered":"https:\/\/www.europesays.com\/fr\/17270\/"},"modified":"2025-04-11T12:26:20","modified_gmt":"2025-04-11T12:26:20","slug":"les-premiers-travaux-vont-enfin-demarrer-ce-que-lon-sait","status":"publish","type":"post","link":"https:\/\/www.europesays.com\/fr\/17270\/","title":{"rendered":"les premiers travaux vont enfin d\u00e9marrer, ce que l&rsquo;on sait"},"content":{"rendered":"<p>            Par<br \/>\n        <strong><br \/>\n            <a href=\"https:\/\/actu.fr\/auteur\/benjamin-cohenroyer\" title=\"Consulter tous les articles de Benjamin Cohen Royer\" target=\"_blank\" rel=\"noopener\">Benjamin Cohen Royer<\/a><br \/>\n        <\/strong><\/p>\n<p>        Publi\u00e9 le<\/p>\n<p>            11 avr. 2025 \u00e0 6h34        <\/p>\n<p>Six ans apr\u00e8s l\u2019effondrement meurtrier de deux immeubles \u00e0 <a href=\"https:\/\/actu.fr\/marseille\/\" target=\"_blank\" rel=\"noopener\">Marseille<\/a>, les premiers coups de pioche sont imminents sur la rue d\u2019Aubagne. <strong>Un chantier tr\u00e8s attendu par les habitants<\/strong>, dans un quartier encore marqu\u00e9 par le drame.<\/p>\n<p class=\" wall-content\">\u00c0 Marseille, la rue d\u2019Aubagne s\u2019appr\u00eate \u00e0 entrer dans une nouvelle phase de son histoire. <strong>Symbole du mal-logement et de l\u2019inaction pass\u00e9e<\/strong>, elle va enfin voir d\u00e9buter ses premiers travaux de r\u00e9habilitation.<\/p>\n<p class=\" wall-content\">Une \u00e9tape importante pour les riverains, dont l\u2019attente, <strong>teint\u00e9e d\u2019\u00e9motion et de col\u00e8re<\/strong>, a \u00e9t\u00e9 longue.<\/p>\n<p>Premiers travaux aux num\u00e9ros\u00a061 et au 69<\/p>\n<p class=\" wall-content\"><strong>Les interventions vont d\u00e9buter dans les prochains jours<\/strong>, selon la SPLA-IN, soci\u00e9t\u00e9 publique locale charg\u00e9e de l\u2019am\u00e9nagement du secteur. \u00ab\u2009On n\u2019a pas encore de dates pr\u00e9cises de d\u00e9marrage, mais d\u2019ici quelques jours, les travaux de confortement vont commencer au num\u00e9ro\u00a061 de la rue d\u2019Aubagne. Puis, ensuite, au 69, il y aura un chantier de d\u00e9construction\u2009\u00bb, pr\u00e9cise-t-on du c\u00f4t\u00e9 de cet organisme.<\/p>\n<ul class=\" wall-content\">\n<li>Au n\u00b061, <strong>le b\u00e2timent sera conserv\u00e9<\/strong>. Il fera l\u2019objet d\u2019un ravalement de fa\u00e7ade, d\u2019un <strong>confortement de la structure<\/strong>, ainsi que de la suppression des balcons, pour des raisons de s\u00e9curit\u00e9.<\/li>\n<li>Au n\u00b069, <strong>le b\u00e2timent sera d\u00e9construit<\/strong> progressivement gr\u00e2ce \u00e0 une technique sp\u00e9cifique dite de \u00ab\u2009d\u00e9construction\u2009\u00bb, plus douce et moins invasive pour le tissu urbain.<\/li>\n<\/ul>\n<p>Vid\u00e9os : en ce moment sur Actu<\/p>\n<p class=\" wall-content\">Ces premiers travaux <strong>s\u2019\u00e9taleront jusqu\u2019\u00e0 fin juin\u00a02025.<\/strong><\/p>\n<p>La \u00ab\u2009dent creuse\u2009\u00bb, c\u0153ur symbolique du chantier<\/p>\n<p class=\" wall-content\">Mais c\u2019est surtout le chantier pr\u00e9vu au niveau de la fameuse \u00ab\u2009dent creuse\u2009\u00bb qui <strong>concentre toutes les attentes.<\/strong><\/p>\n<p class=\" wall-content\">C\u2019est ici, au c\u0153ur de la rue, que deux immeubles se sont effondr\u00e9s le 5\u00a0novembre 2018, entra\u00eenant la mort de huit personnes et provoquant une onde de choc dans tout Marseille.<\/p>\n<p>      <img   decoding=\"async\" loading=\"lazy\" src=\"https:\/\/www.europesays.com\/fr\/wp-content\/uploads\/2025\/04\/zyc5snfv-960x640.png\" alt=\"Un visuel du futur projet de lieu ressource diffus\u00e9 en 2024\" width=\"960\" height=\"640\"\/><br \/>\n    Un visuel du futur projet de lieu ressource diffus\u00e9 en 2024 (\u00a9DR)<\/p>\n<p class=\" wall-content\">\u00c0 cet emplacement vide depuis le drame, <strong>un lieu ressource est en projet<\/strong>. Les travaux devraient commencer en juin\u00a02025, \u00e0 la suite des interventions sur les immeubles 61 et 69.<\/p>\n<p class=\" wall-content\"><strong>Un d\u00e9pliant explicatif doit \u00e9galement \u00eatre diffus\u00e9 sous peu dans le quartier.<\/strong><\/p>\n<p class=\" wall-content\">Suivez toute l\u2019actualit\u00e9 de vos villes et m\u00e9dias favoris en vous inscrivant \u00e0 <a href=\"https:\/\/moncompte.actu.fr\" title=\"D\u00e9couvez Mon Actu\" rel=\"nofollow noopener\" data-trk=\"{&quot;cta&quot;:{&quot;action&quot;:&quot;https:\\\/\\\/moncompte.actu.fr&quot;,&quot;category&quot;:&quot;mon compte&quot;,&quot;from&quot;:&quot;article footer&quot;,&quot;name&quot;:&quot;Mon actu&quot;,&quot;type&quot;:&quot;cta&quot;}}\" target=\"_blank\">Mon Actu<\/a>.<\/p>\n<ul class=\"ac-article-tag wall-content\">\n<li><a href=\"https:\/\/actu.fr\/tag\/metropole-aix-marseille\" data-trk=\"{&quot;cta&quot;:{&quot;action&quot;:&quot;M\\u00e9tropole Aix Marseille&quot;,&quot;category&quot;:&quot;tag&quot;,&quot;from&quot;:&quot;article footer&quot;,&quot;name&quot;:&quot;M\\u00e9tropole Aix Marseille&quot;,&quot;type&quot;:&quot;cta&quot;}}\" target=\"_blank\" rel=\"noopener\">#M\u00e9tropole Aix Marseille<\/a><\/li>\n<li><a href=\"https:\/\/actu.fr\/tag\/travaux\" data-trk=\"{&quot;cta&quot;:{&quot;action&quot;:&quot;Travaux&quot;,&quot;category&quot;:&quot;tag&quot;,&quot;from&quot;:&quot;article footer&quot;,&quot;name&quot;:&quot;Travaux&quot;,&quot;type&quot;:&quot;cta&quot;}}\" target=\"_blank\" rel=\"noopener\">#Travaux<\/a><\/li>\n<\/ul>\n","protected":false},"excerpt":{"rendered":"Par Benjamin Cohen Royer Publi\u00e9 le 11 avr. 2025 \u00e0 6h34 Six ans apr\u00e8s l\u2019effondrement meurtrier de deux&hellip;\n","protected":false},"author":2,"featured_media":17271,"comment_status":"","ping_status":"","sticky":false,"template":"","format":"standard","meta":{"footnotes":""},"categories":[2814],"tags":[1111,11,1777,674,1011,27,884,6739,12,882,25,104,2086],"class_list":{"0":"post-17270","1":"post","2":"type-post","3":"status-publish","4":"format-standard","5":"has-post-thumbnail","7":"category-marseille","8":"tag-actu","9":"tag-actualites","10":"tag-eu","11":"tag-europe","12":"tag-fr","13":"tag-france","14":"tag-marseille","15":"tag-metropole-aix-marseille","16":"tag-news","17":"tag-provence-alpes-cote-dazur","18":"tag-republique-francaise","19":"tag-societe","20":"tag-travaux"},"share_on_mastodon":{"url":"https:\/\/pubeurope.com\/@fr\/114319326263086735","error":""},"_links":{"self":[{"href":"https:\/\/www.europesays.com\/fr\/wp-json\/wp\/v2\/posts\/17270","targetHints":{"allow":["GET"]}}],"collection":[{"href":"https:\/\/www.europesays.com\/fr\/wp-json\/wp\/v2\/posts"}],"about":[{"href":"https:\/\/www.europesays.com\/fr\/wp-json\/wp\/v2\/types\/post"}],"author":[{"embeddable":true,"href":"https:\/\/www.europesays.com\/fr\/wp-json\/wp\/v2\/users\/2"}],"replies":[{"embeddable":true,"href":"https:\/\/www.europesays.com\/fr\/wp-json\/wp\/v2\/comments?post=17270"}],"version-history":[{"count":0,"href":"https:\/\/www.europesays.com\/fr\/wp-json\/wp\/v2\/posts\/17270\/revisions"}],"wp:featuredmedia":[{"embeddable":true,"href":"https:\/\/www.europesays.com\/fr\/wp-json\/wp\/v2\/media\/17271"}],"wp:attachment":[{"href":"https:\/\/www.europesays.com\/fr\/wp-json\/wp\/v2\/media?parent=17270"}],"wp:term":[{"taxonomy":"category","embeddable":true,"href":"https:\/\/www.europesays.com\/fr\/wp-json\/wp\/v2\/categories?post=17270"},{"taxonomy":"post_tag","embeddable":true,"href":"https:\/\/www.europesays.com\/fr\/wp-json\/wp\/v2\/tags?post=17270"}],"curies":[{"name":"wp","href":"https:\/\/api.w.org\/{rel}","templated":true}]}}