{"id":172701,"date":"2025-06-13T06:30:18","date_gmt":"2025-06-13T06:30:18","guid":{"rendered":"https:\/\/www.europesays.com\/fr\/172701\/"},"modified":"2025-06-13T06:30:18","modified_gmt":"2025-06-13T06:30:18","slug":"17-departements-places-en-vigilance-orange-aux-orages","status":"publish","type":"post","link":"https:\/\/www.europesays.com\/fr\/172701\/","title":{"rendered":"17 d\u00e9partements plac\u00e9s en vigilance orange aux orages"},"content":{"rendered":"<p class=\"article-p mdl\">Des orages \u00e0 pr\u00e9voir dans le Nord-Ouest et le Sud-Ouest. M\u00e9t\u00e9o-France a plac\u00e9 17 d\u00e9partements en vigilance orange aux orages ce vendredi 13 juin. \u00ab\u00a0Sur le Nord-Ouest : des orages vont commencer de remonter sur la fa\u00e7ade atlantique dans la matin\u00e9e, sans s\u00e9v\u00e9rit\u00e9 particuli\u00e8re dans un premier temps, puis vont gagner les Pays-de-Loire et la basse-Normandie dans l&rsquo;apr\u00e8s-midi, en s&rsquo;intensifiant\u00a0\u00bb, explique l&rsquo;organisme qui alerte \u00e9galement sur de potentielles chutes de gr\u00eale;<\/p>\n<p class=\"article-p mdl\">Concernant le\u00a0Sud-Ouest, \u00ab\u00a0apr\u00e8s une apr\u00e8s-midi tr\u00e8s chaude, des orages vont remonter des Pyr\u00e9n\u00e9es et gagner en soir\u00e9e l&rsquo;ouest de l&rsquo;Occitanie et le sud de la Nouvelle-Aquitaine, <strong>donnant par endroits de fortes chutes de gr\u00eale ainsi que de fortes rafales<\/strong>\u00ab\u00a0, pr\u00e9cise encore M\u00e9t\u00e9o-France.\u00a0<\/p>\n<p class=\"article-p mdl\"><strong>Dans le d\u00e9tail, les 17 d\u00e9partements concern\u00e9s par la vigilance sont :<\/strong>\u00a0Dordogne (24), Haute-Garonne (31), Gers (32), Gironde (33), Landes(40), Lot-et-Garonne (47), Pyr\u00e9n\u00e9es-Atlantiques (64), Hautes-Pyr\u00e9n\u00e9es (65), Manche (50), Calvados (14), Orne (61), Seine-Maritime (76), Eure (27), Mayenne (53), Pas-de-Calais (62), Sarthe (72), Somme (80).<\/p>\n<p>    La r\u00e9daction vous recommande<\/p>\n<p class=\"s-newsletter__title\">\n                L\u2019actualit\u00e9 par la r\u00e9daction de RTL dans votre bo\u00eete mail.\n            <\/p>\n<p class=\"s-newsletter__subtitle\">\n                Gr\u00e2ce \u00e0 votre compte RTL abonnez-vous \u00e0 la newsletter RTL info pour suivre toute l&rsquo;actualit\u00e9 au quotidien\n            <\/p>\n<p>\n                                    Lire la suite\n                                <\/p>\n","protected":false},"excerpt":{"rendered":"Des orages \u00e0 pr\u00e9voir dans le Nord-Ouest et le Sud-Ouest. M\u00e9t\u00e9o-France a plac\u00e9 17 d\u00e9partements en vigilance orange&hellip;\n","protected":false},"author":2,"featured_media":172702,"comment_status":"","ping_status":"","sticky":false,"template":"","format":"standard","meta":{"footnotes":""},"categories":[2],"tags":[11,107,1011,27,2487,12,4594,25],"class_list":{"0":"post-172701","1":"post","2":"type-post","3":"status-publish","4":"format-standard","5":"has-post-thumbnail","7":"category-actualites","8":"tag-actualites","9":"tag-fil-info","10":"tag-fr","11":"tag-france","12":"tag-meteo","13":"tag-news","14":"tag-orages","15":"tag-republique-francaise"},"share_on_mastodon":{"url":"https:\/\/pubeurope.com\/@fr\/114674651857164885","error":""},"_links":{"self":[{"href":"https:\/\/www.europesays.com\/fr\/wp-json\/wp\/v2\/posts\/172701","targetHints":{"allow":["GET"]}}],"collection":[{"href":"https:\/\/www.europesays.com\/fr\/wp-json\/wp\/v2\/posts"}],"about":[{"href":"https:\/\/www.europesays.com\/fr\/wp-json\/wp\/v2\/types\/post"}],"author":[{"embeddable":true,"href":"https:\/\/www.europesays.com\/fr\/wp-json\/wp\/v2\/users\/2"}],"replies":[{"embeddable":true,"href":"https:\/\/www.europesays.com\/fr\/wp-json\/wp\/v2\/comments?post=172701"}],"version-history":[{"count":0,"href":"https:\/\/www.europesays.com\/fr\/wp-json\/wp\/v2\/posts\/172701\/revisions"}],"wp:featuredmedia":[{"embeddable":true,"href":"https:\/\/www.europesays.com\/fr\/wp-json\/wp\/v2\/media\/172702"}],"wp:attachment":[{"href":"https:\/\/www.europesays.com\/fr\/wp-json\/wp\/v2\/media?parent=172701"}],"wp:term":[{"taxonomy":"category","embeddable":true,"href":"https:\/\/www.europesays.com\/fr\/wp-json\/wp\/v2\/categories?post=172701"},{"taxonomy":"post_tag","embeddable":true,"href":"https:\/\/www.europesays.com\/fr\/wp-json\/wp\/v2\/tags?post=172701"}],"curies":[{"name":"wp","href":"https:\/\/api.w.org\/{rel}","templated":true}]}}