{"id":172705,"date":"2025-06-13T06:32:10","date_gmt":"2025-06-13T06:32:10","guid":{"rendered":"https:\/\/www.europesays.com\/fr\/172705\/"},"modified":"2025-06-13T06:32:10","modified_gmt":"2025-06-13T06:32:10","slug":"emploi-comment-on-fait-en-france-a-57-ans-on-est-a-mettre-au-rebut-sinterroge-isabelle-saporta","status":"publish","type":"post","link":"https:\/\/www.europesays.com\/fr\/172705\/","title":{"rendered":"Emploi : \u00ab\u00a0Comment on fait en France \u00e0 57 ans ? On est \u00e0 mettre au rebut ?\u00a0\u00bb, s&rsquo;interroge Isabelle Saporta"},"content":{"rendered":"<p class=\"article-p mdl\">C\u2019est une histoire qui a fait le tour du r\u00e9seau social LinkedIn. St\u00e9phane a 57 ans, il est en recherche active d\u2019emploi depuis un an et\u2026 il ne trouve rien. Son post a r\u00e9colt\u00e9 1.600 likes et plus de 300 commentaires et on peut y lire : \u00ab\u00a0J\u2019ai 57 ans, donc plus bon \u00e0 rien et on me demande de travailler encore plus longtemps, ce que je fais depuis mes 18 ans\u00a0\u00bb.<\/p>\n<p class=\"article-p mdl\">Le\u00a0<a class=\"link\" href=\"https:\/\/www.ouest-france.fr\/economie\/emploi\/a-57-ans-il-ne-decroche-aucun-entretien-on-me-dit-que-je-suis-trop-vieux-pour-travailler-90ac296c-45d7-11f0-b48f-4c34c3a06ef0#:~:text=Son%20message%20fait%20le%20buzz,d%C3%A9cid%C3%A9%20de%20cr%C3%A9er%20son%20entreprise.&amp;text=%C2%AB%20J%27ai%2057%20ans%2C,fais%20depuis%20mes%2018%20ans%E2%80%A6\" target=\"_blank\" rel=\"noopener\">post LinkedIn de St\u00e9phane<\/a>, qui habite \u00e0 Tr\u00e9gunc dans le Finist\u00e8re, frappe comme un uppercut. Il perd son travail, il y a un an, \u00e0 ce moment-l\u00e0, tout le monde lui  dit : \u00ab\u00a0Avec ton CV, tu vas trouver du boulot\u00a0\u00bb. Sauf que rien. Pas un seul entretien. Pas de r\u00e9ponses. Aucune  humanit\u00e9  de la part des RH, juste de l\u2019indiff\u00e9rence. Comme si son \u00e2ge le disqualifiait d\u2019entr\u00e9e de jeu.<\/p>\n<p class=\"article-p mdl\">C\u2019est l\u00e0 qu\u2019on se dit qu\u2019on vit dans un monde de tartuffes o\u00f9 le\u00a0<a class=\"link\" href=\"https:\/\/www.rtl.fr\/actu\/debats-societe\/les-infos-de-5h-la-retraite-a-66-ans-et-demi-la-proposition-du-conseil-d-orientation-fait-vivement-reagir-7900514841\" target=\"_blank\" rel=\"noopener\">COR, le Conseil d\u2019orientation des retraites<\/a>,\u00a0nous enjoint \u00e0 travailler jusqu\u2019\u00e0 66 ans et demi.\n<\/p>\n<p>            L&rsquo;exemple de l&rsquo;Allemagne en mati\u00e8re d&#8217;emploi des seniors<\/p>\n<p class=\"article-p mdl\">Ok\u202f!  Mais comment on fait quand en France, on a 57 ans, on est \u00e0 mettre au rebut  ? Et nos dirigeants qui nous expliquent qu\u2019on est des fain\u00e9ants et qu\u2019on ferait bien de travailler plus\u202fcomme les Allemands par exemple  ? Sauf que les Allemands, ils ne mettent pas leurs seniors  \u00e0 la casse !<\/p>\n<p class=\"article-p mdl\">Le taux d\u2019emploi de leurs 55-64 ans est de 75,2%, le n\u00f4tre, de 58,4%, soit 17 points de moins. Pour les 60-64 ans, en Allemagne, on est \u00e0 61%, en France \u00e0 39%. Et pour les 65-69 ans puisque le COR veut nous faire travailler jusqu\u2019\u00e0 66 ans et demi. On est \u00e0 moins de 5% chez nous contre 17% en Allemagne.\u00a0<\/p>\n<p>            Des patrons en France plus r\u00e9ticents \u00e0 embaucher des seniors<\/p>\n<p class=\"article-p mdl\">Pourtant certains sp\u00e9cialistes expliquent qu\u2019en reculant l\u2019\u00e2ge de d\u00e9part \u00e0 la  retraite, les choses se r\u00e9\u00e9quilibreront. Oui, et la marmotte, elle met le chocolat dans le papier alu\u202f! La v\u00e9rit\u00e9, c&rsquo;est que les patrons fran\u00e7ais trouvent les seniors trop chers, peut-\u00eatre aussi un peu trop casse-pied avec leur manie de tout savoir. Ben oui, on appelle \u00e7a l\u2019exp\u00e9rience !<\/p>\n<p class=\"article-p mdl\">Sauf que l\u2019exp\u00e9rience, en France, c\u2019est une mal\u00e9diction : trop jeune, tu n&rsquo;en as pas, on ne veut pas de toi. Trop vieux, t\u2019en as trop, on veut plus de toi.<br \/>\n<br \/>En attendant, St\u00e9phane a d\u00e9cid\u00e9 de cr\u00e9er son entreprise de conseils aux particuliers, une activit\u00e9 qui jouit pour le moment d\u2019un cr\u00e9dit d\u2019imp\u00f4t, jusqu\u2019\u00e0 ce que le gouvernement finisse par raboter cette niche fiscale pour trouver trois sous. Trois sous qui mettront St\u00e9phane sur le carreau \u00e0 nouveau.<\/p>\n<p>    La r\u00e9daction vous recommande<\/p>\n<p class=\"s-newsletter__title\">\n                L\u2019actualit\u00e9 par la r\u00e9daction de RTL dans votre bo\u00eete mail.\n            <\/p>\n<p class=\"s-newsletter__subtitle\">\n                Gr\u00e2ce \u00e0 votre compte RTL abonnez-vous \u00e0 la newsletter RTL info pour suivre toute l&rsquo;actualit\u00e9 au quotidien\n            <\/p>\n<p>\n                                    Lire la suite\n                                <\/p>\n","protected":false},"excerpt":{"rendered":"C\u2019est une histoire qui a fait le tour du r\u00e9seau social LinkedIn. St\u00e9phane a 57 ans, il est&hellip;\n","protected":false},"author":2,"featured_media":172706,"comment_status":"","ping_status":"","sticky":false,"template":"","format":"standard","meta":{"footnotes":""},"categories":[4],"tags":[11,5894,2518,30771,341,107,1011,27,1922,12,362,360,25,3552],"class_list":{"0":"post-172705","1":"post","2":"type-post","3":"status-publish","4":"format-standard","5":"has-post-thumbnail","7":"category-france","8":"tag-actualites","9":"tag-discriminations","10":"tag-edito","11":"tag-editos","12":"tag-emploi","13":"tag-fil-info","14":"tag-fr","15":"tag-france","16":"tag-info","17":"tag-news","18":"tag-replay","19":"tag-replay-integral","20":"tag-republique-francaise","21":"tag-seniors"},"share_on_mastodon":{"url":"https:\/\/pubeurope.com\/@fr\/114674659660178473","error":""},"_links":{"self":[{"href":"https:\/\/www.europesays.com\/fr\/wp-json\/wp\/v2\/posts\/172705","targetHints":{"allow":["GET"]}}],"collection":[{"href":"https:\/\/www.europesays.com\/fr\/wp-json\/wp\/v2\/posts"}],"about":[{"href":"https:\/\/www.europesays.com\/fr\/wp-json\/wp\/v2\/types\/post"}],"author":[{"embeddable":true,"href":"https:\/\/www.europesays.com\/fr\/wp-json\/wp\/v2\/users\/2"}],"replies":[{"embeddable":true,"href":"https:\/\/www.europesays.com\/fr\/wp-json\/wp\/v2\/comments?post=172705"}],"version-history":[{"count":0,"href":"https:\/\/www.europesays.com\/fr\/wp-json\/wp\/v2\/posts\/172705\/revisions"}],"wp:featuredmedia":[{"embeddable":true,"href":"https:\/\/www.europesays.com\/fr\/wp-json\/wp\/v2\/media\/172706"}],"wp:attachment":[{"href":"https:\/\/www.europesays.com\/fr\/wp-json\/wp\/v2\/media?parent=172705"}],"wp:term":[{"taxonomy":"category","embeddable":true,"href":"https:\/\/www.europesays.com\/fr\/wp-json\/wp\/v2\/categories?post=172705"},{"taxonomy":"post_tag","embeddable":true,"href":"https:\/\/www.europesays.com\/fr\/wp-json\/wp\/v2\/tags?post=172705"}],"curies":[{"name":"wp","href":"https:\/\/api.w.org\/{rel}","templated":true}]}}