{"id":172715,"date":"2025-06-13T06:40:11","date_gmt":"2025-06-13T06:40:11","guid":{"rendered":"https:\/\/www.europesays.com\/fr\/172715\/"},"modified":"2025-06-13T06:40:11","modified_gmt":"2025-06-13T06:40:11","slug":"parcours-et-profil-de-letape-6-de-ce-vendredi-13-juin","status":"publish","type":"post","link":"https:\/\/www.europesays.com\/fr\/172715\/","title":{"rendered":"Parcours et profil de l\u2019\u00e9tape 6 de ce vendredi 13 juin"},"content":{"rendered":"<p>Le peloton du <a href=\"https:\/\/www.20minutes.fr\/sport\/cyclisme\/4158101-20250612-criterium-dauphine-2025-classement-apres-etape-5-jeudi-12-juin\" class=\"color-ultramarine c-link\" target=\"_blank\" rel=\"noopener\">Crit\u00e9rium du Dauphin\u00e9<\/a> aborde trois jours de course en <a href=\"https:\/\/www.20minutes.fr\/dossier\/montagne\" class=\"color-ultramarine c-link\" target=\"_blank\" rel=\"noopener\">montagne<\/a>. Vendredi, la 6e \u00e9tape d\u00e9marrera \u00e0 Valserh\u00f4ne et se terminera \u00e0 Combloux, apr\u00e8s 2900 kilom\u00e8tres d&rsquo;effort.<\/p>\n<p>Le profil de la 6e \u00e9tape du Crit\u00e9rium du Dauphin\u00e9<img decoding=\"async\" alt=\"Le profil de la 6e \u00e9tape du Crit\u00e9rium du Dauphin\u00e9 2025.\" class=\"c-img\" loading=\"lazy\" fetchpriority=\"auto\" width=\"718\"  src=\"https:\/\/img.20mn.fr\/eAAl4sDARK-ULUmyFDwlTyk\/718x0\" \/>Le profil de la 6e \u00e9tape du Crit\u00e9rium du Dauphin\u00e9 2025.\u2002-\u00a0SOURCE LA FLAMME ROUGE<\/p>\n<p>Le d\u00e9part est pr\u00e9vu \u00e0 13h50 \u00e0 Valserh\u00f4ne, entre l\u2019Ain et la Haute-Savoie. Les coureurs devront descendre sur Frangy sur quelques kilom\u00e8tres dans la vall\u00e9e des Usses, dans les Pr\u00e9alpes Haut-Savoyardes. <\/p>\n<p>Il faudra ensuite monter sur Cologny et Allonzier-la-Caille, avant d&rsquo;aborder la C\u00f4te de Villy-le-Pelloux. Celle-ci sera gravie sur 800 m\u00e8tres (8,1 % de moyenne). Une mont\u00e9e permettra d&rsquo;arriver \u00e0 Groisy avant de redescendre sur la Vall\u00e9e de la Filli\u00e8re.<\/p>\n<p>Un faux plat attend les coureurs pendant 5 kilom\u00e8tres jusqu\u2019\u00e0 Thorens-Gli\u00e8res puis viendra l&rsquo;ascension du Col des Fleuris (5,1 kilom\u00e8tres \u00e0 4,4 %). <\/p>\n<p>Une fois au sommet, le peloton devra descendra sur plus de cinq kilom\u00e8tres, en arrivant \u00e0 La Roche-sur-Foron. Plus tard, la C\u00f4te de Mont-Saxonnex (5,4 kilom\u00e8tres \u00e0 8,7 %) pourra jouer des tours aux participants. La C\u00f4te de Domancy (2,4 kilom\u00e8tres \u00e0 8,6 % et rampes \u00e0 plus de 10%) se dressera devant les coureurs en lice. Quatre kilom\u00e8tres \u00e0 5 % m\u00e8neront vers le Col de la Cry (2,7 km \u00e0 8,2 %) et l&rsquo;arriv\u00e9e \u00e0 Combloux, apr\u00e8s une mont\u00e9e \u00e0 10% vers 17h15.<\/p>\n<p>Le trac\u00e9 de la 6\u00e8me \u00e9tape du Crit\u00e9rium du Dauphin\u00e9<img decoding=\"async\" alt=\"Le trac\u00e9 de la 6e \u00e9tape du Crit\u00e9rium du Dauphin\u00e9\" class=\"c-img\" loading=\"lazy\" fetchpriority=\"auto\" width=\"718\"  src=\"https:\/\/img.20mn.fr\/oRmMrUfIQdWFZHAWugh0Iyk\/718x0\" \/>Le trac\u00e9 de la 6e \u00e9tape du Crit\u00e9rium du Dauphin\u00e9\u2002-\u00a0SOURCE LA FLAMME ROUGELes favoris de la 6\u00e8me \u00e9tape du Crit\u00e9rium du Dauphin\u00e9<\/p>\n<ul>\n<li><a href=\"https:\/\/www.20minutes.fr\/sport\/jonas-vingegaard\/\" class=\"color-ultramarine c-link\" target=\"_blank\" rel=\"noopener\">Jonas Vingegaard<\/a> (Visma Lease a Bike)<\/li>\n<li>Tadej Pogacar (UAE Team Emirates XRG)<\/li>\n<li>Remco Evenepoel (Soudal Quick-Step)<\/li>\n<li>Santiago Buitrago (Bahrain Victorious)<\/li>\n<li>Lenny Martinez (Bahrain Victorious)<\/li>\n<\/ul>\n","protected":false},"excerpt":{"rendered":"Le peloton du Crit\u00e9rium du Dauphin\u00e9 aborde trois jours de course en montagne. Vendredi, la 6e \u00e9tape d\u00e9marrera&hellip;\n","protected":false},"author":2,"featured_media":172716,"comment_status":"","ping_status":"","sticky":false,"template":"","format":"standard","meta":{"footnotes":""},"categories":[1411],"tags":[2738,2430,1154,207,1011,27,4638,11697,2431,517,60,1138],"class_list":{"0":"post-172715","1":"post","2":"type-post","3":"status-publish","4":"format-standard","5":"has-post-thumbnail","7":"category-cyclisme","8":"tag-ain","9":"tag-auvergne-rhone-alpes","10":"tag-cycling","11":"tag-cyclisme","12":"tag-fr","13":"tag-france","14":"tag-haute-savoie","15":"tag-remco-evenepoel","16":"tag-rhone-alpes","17":"tag-sport","18":"tag-sports","19":"tag-tadej-pogacar"},"share_on_mastodon":{"url":"https:\/\/pubeurope.com\/@fr\/114674691224829110","error":""},"_links":{"self":[{"href":"https:\/\/www.europesays.com\/fr\/wp-json\/wp\/v2\/posts\/172715","targetHints":{"allow":["GET"]}}],"collection":[{"href":"https:\/\/www.europesays.com\/fr\/wp-json\/wp\/v2\/posts"}],"about":[{"href":"https:\/\/www.europesays.com\/fr\/wp-json\/wp\/v2\/types\/post"}],"author":[{"embeddable":true,"href":"https:\/\/www.europesays.com\/fr\/wp-json\/wp\/v2\/users\/2"}],"replies":[{"embeddable":true,"href":"https:\/\/www.europesays.com\/fr\/wp-json\/wp\/v2\/comments?post=172715"}],"version-history":[{"count":0,"href":"https:\/\/www.europesays.com\/fr\/wp-json\/wp\/v2\/posts\/172715\/revisions"}],"wp:featuredmedia":[{"embeddable":true,"href":"https:\/\/www.europesays.com\/fr\/wp-json\/wp\/v2\/media\/172716"}],"wp:attachment":[{"href":"https:\/\/www.europesays.com\/fr\/wp-json\/wp\/v2\/media?parent=172715"}],"wp:term":[{"taxonomy":"category","embeddable":true,"href":"https:\/\/www.europesays.com\/fr\/wp-json\/wp\/v2\/categories?post=172715"},{"taxonomy":"post_tag","embeddable":true,"href":"https:\/\/www.europesays.com\/fr\/wp-json\/wp\/v2\/tags?post=172715"}],"curies":[{"name":"wp","href":"https:\/\/api.w.org\/{rel}","templated":true}]}}